{"id":20874,"date":"2025-05-19T15:38:22","date_gmt":"2025-05-19T15:38:22","guid":{"rendered":"https:\/\/fmamiga909.com.ar\/?p=20874"},"modified":"2025-05-19T15:38:22","modified_gmt":"2025-05-19T15:38:22","slug":"swoboda-bullrich-y-mujeres-que-odian-a-mujeres","status":"publish","type":"post","link":"https:\/\/fmamiga909.com.ar\/?p=20874","title":{"rendered":"Swoboda, Bullrich y mujeres que odian a mujeres"},"content":{"rendered":"<div><!-- Body --><\/p>\n<p>El odio vive, se alimenta. Est\u00e1, siempre est\u00e1. Se construye sobre la convicci\u00f3n de que el otro es una amenaza. Hablamos del espantoso mundo que viene como si no vayamos ciegos a su encuentro. <b>No basta con desfascitar las instituciones, antes hay que desfascistar el lenguaje<\/b>. Ese coro de voces endemoniado que normaliza lo que nunca debi\u00f3 ser normalizado.<\/p>\n<p>Se necesita un poco de aire para respirar, venga de donde venga, de la patria que sea. La velocista polaca Ewa Swoboda gan\u00f3 en 2019 una prueba saludando con la mano derecha. Lo rectific\u00f3 de inmediato, pero el gesto no pas\u00f3 inadvertido en su pa\u00eds. <b>Extremistas de ultraderecha comenzaron a difundir en redes sociales el \u201cgui\u00f1o\u201d y sus carreras, especialmente aquellas que superaba a atletas negras.<\/b> En este nuevo orden mundial de replicantes vigilados, agrupaciones de mujeres asociadas al partido de Ley y Justicia la encumbraron como s\u00edmbolo de la nueva mujer polaca, enmarcada en la trilog\u00eda de Dios, Familia y Propiedad.\u00a0<\/p>\n<p>Lo curioso del caso es que la atleta nunca estuvo vinculada a espacios de extrema derecha, pero como sucede en Las Vegas, lo que se dice en las redes se queda en las redes. <b>La firma de una solicitada en favor del aborto logr\u00f3 \u201cequilibrar\u201d la imagen de Swoboda.<\/b> Pero algunas de aquellas asociaciones de mujeres que la encumbraron en un primer momento, se sintieron traicionadas y comenzaron a exacerbar su odio contra la velocista. Un odio, que a buen seguro, ya lo ten\u00edan en cantidades ingentes. <b>Mujeres que odian a mujeres bajo el dogma de una sola identidad blindada y excluyente. <\/b>Lo que algunas psicoanalistas con perspectiva de g\u00e9nero han identificado como la progresiva masculinizaci\u00f3n de un importante n\u00famero de mujeres, que bajo el paraguas de un supuesto empoderamiento identitario, imitan comportamientos que estaban tradicionalmente socializados a los hombres.<\/p>\n<p>La igualdad por la que muchas mujeres luchan (esas mujeres odiadas por mujeres) tiene que ver con corregir precisamente la cosificaci\u00f3n del otro, sea hombre o mujer, a favor de unas relaciones personales profundas, donde el semejante no sea considerado un mero objeto, fragmentado y funcional, un producto dise\u00f1ado para el uso.<b> La igualdad es respeto por la diferencia, es caminar hacia una convergencia de g\u00e9neros que trascienda los mandatos y los roles hasta subvertirlos.<\/b><\/p>\n<p>De mujeres que odian a mujeres, en nuestra aldea habitan unas cuantas.<b> Nuestro \u201cpitbull\u201d particular, Patricia Bullrich, encaja muy bien con la ret\u00f3rica hiperhormonada del supremacismo masculino y heterosexual. <\/b>Para la ministra la culpa la tiene la mujer emancipada, que se ha desviado de su natural papel de madre y ama de casa. <b>Ya se sabe, se empieza azuzando el esp\u00edritu de venganza contra las conquistas de la mujer, y se acaba pisoteando alegremente los derechos sociales de todo un pa\u00eds.<\/b><\/p>\n<p>Caminamos hacia un horizonte donde las bondades del cuidado de los v\u00ednculos, la atenci\u00f3n a los afectos, la empat\u00eda, la humanizaci\u00f3n del otro, se exportan como valores. La mujer viene de un largo silencio, duro, concreto. <b>Necesita un nuevo modo de narrar, de mirar, de sentir, de interpelar lo mirado; que neutralice en parte la perplejidad, el odio, el miedo y la deriva.<\/b> Abarcamos m\u00e1s mundo cuando hablamos del otro, desde un proyecto colectivo, de consenso, asomados a un balc\u00f3n con capacidad de so\u00f1ar otra realidad, m\u00e1s justa, menos desigual, intentando corregir los abusos de este capitalismo crepuscular.<\/p>\n<p>(*) Periodista, ex jugador de V\u00e9lez, clubes de Espa\u00f1a y campe\u00f3n mundial 1979<\/p>\n<p><!-- Live Blog Post --><\/div>\n<p><a href=\"https:\/\/www.pagina12.com.ar\/826998-swoboda-bullrich-y-mujeres-que-odian-a-mujeres\">source<\/a><\/p>\n","protected":false},"excerpt":{"rendered":"<p>El odio vive, se alimenta. Est\u00e1, siempre est\u00e1. Se construye sobre la convicci\u00f3n de que&#8230;<\/p>\n","protected":false},"author":3,"featured_media":20875,"comment_status":"closed","ping_status":"closed","sticky":false,"template":"","format":"standard","meta":{"footnotes":""},"categories":[21],"tags":[],"class_list":["post-20874","post","type-post","status-publish","format-standard","has-post-thumbnail","hentry","category-deportes"],"featured_image_urls":{"full":["https:\/\/fmamiga909.com.ar\/wp-content\/uploads\/2025\/05\/wp-header-logo-199.png",960,540,false],"thumbnail":["https:\/\/fmamiga909.com.ar\/wp-content\/uploads\/2025\/05\/wp-header-logo-199-150x150.png",150,150,true],"medium":["https:\/\/fmamiga909.com.ar\/wp-content\/uploads\/2025\/05\/wp-header-logo-199-300x169.png",300,169,true],"medium_large":["https:\/\/fmamiga909.com.ar\/wp-content\/uploads\/2025\/05\/wp-header-logo-199.png",960,540,false],"large":["https:\/\/fmamiga909.com.ar\/wp-content\/uploads\/2025\/05\/wp-header-logo-199.png",640,360,false],"1536x1536":["https:\/\/fmamiga909.com.ar\/wp-content\/uploads\/2025\/05\/wp-header-logo-199.png",960,540,false],"2048x2048":["https:\/\/fmamiga909.com.ar\/wp-content\/uploads\/2025\/05\/wp-header-logo-199.png",960,540,false],"newsium-slider-full":["https:\/\/fmamiga909.com.ar\/wp-content\/uploads\/2025\/05\/wp-header-logo-199.png",960,540,false],"newsium-featured":["https:\/\/fmamiga909.com.ar\/wp-content\/uploads\/2025\/05\/wp-header-logo-199.png",960,540,false],"newsium-medium":["https:\/\/fmamiga909.com.ar\/wp-content\/uploads\/2025\/05\/wp-header-logo-199-720x475.png",720,475,true]},"author_info":{"display_name":"Fredy Giuliano","author_link":"https:\/\/fmamiga909.com.ar\/?author=3"},"category_info":"<a href=\"https:\/\/fmamiga909.com.ar\/?cat=21\" rel=\"category\">Deportes<\/a>","tag_info":"Deportes","comment_count":"0","_links":{"self":[{"href":"https:\/\/fmamiga909.com.ar\/index.php?rest_route=\/wp\/v2\/posts\/20874","targetHints":{"allow":["GET"]}}],"collection":[{"href":"https:\/\/fmamiga909.com.ar\/index.php?rest_route=\/wp\/v2\/posts"}],"about":[{"href":"https:\/\/fmamiga909.com.ar\/index.php?rest_route=\/wp\/v2\/types\/post"}],"author":[{"embeddable":true,"href":"https:\/\/fmamiga909.com.ar\/index.php?rest_route=\/wp\/v2\/users\/3"}],"replies":[{"embeddable":true,"href":"https:\/\/fmamiga909.com.ar\/index.php?rest_route=%2Fwp%2Fv2%2Fcomments&post=20874"}],"version-history":[{"count":0,"href":"https:\/\/fmamiga909.com.ar\/index.php?rest_route=\/wp\/v2\/posts\/20874\/revisions"}],"wp:featuredmedia":[{"embeddable":true,"href":"https:\/\/fmamiga909.com.ar\/index.php?rest_route=\/wp\/v2\/media\/20875"}],"wp:attachment":[{"href":"https:\/\/fmamiga909.com.ar\/index.php?rest_route=%2Fwp%2Fv2%2Fmedia&parent=20874"}],"wp:term":[{"taxonomy":"category","embeddable":true,"href":"https:\/\/fmamiga909.com.ar\/index.php?rest_route=%2Fwp%2Fv2%2Fcategories&post=20874"},{"taxonomy":"post_tag","embeddable":true,"href":"https:\/\/fmamiga909.com.ar\/index.php?rest_route=%2Fwp%2Fv2%2Ftags&post=20874"}],"curies":[{"name":"wp","href":"https:\/\/api.w.org\/{rel}","templated":true}]}}