{"id":20888,"date":"2025-05-19T22:27:57","date_gmt":"2025-05-19T22:27:57","guid":{"rendered":"https:\/\/fmamiga909.com.ar\/?p=20888"},"modified":"2025-05-19T22:27:57","modified_gmt":"2025-05-19T22:27:57","slug":"seleccion-argentina-la-lupa-sobre-los-jugadores-del-ambito-local","status":"publish","type":"post","link":"https:\/\/fmamiga909.com.ar\/?p=20888","title":{"rendered":"Selecci\u00f3n Argentina: la lupa sobre los jugadores del \u00e1mbito local"},"content":{"rendered":"<div><!-- Body --><\/p>\n<p>Ya clasificada al Mundial 2026, <b>la Selecci\u00f3n Argentina se prepara para otra doble fecha de Eliminatorias Sudamericanas,\u00a0donde enfrentar\u00e1 a Chile y a Colombia los pr\u00f3ximos 5 y 10 de junio. <\/b>Para esos encuentros, <b>el DT\u00a0Lionel Scaloni present\u00f3 la pre-lista de jugadores del exterior<\/b>\u00a0que ya fueron convocados.<\/p>\n<p><b>En cuanto a los que militan en el f\u00fatbol local<\/b>, las fijas durante el ciclo de Scaloni fueron algunos de los futbolistas de River que salieron campeones del mundo, como Germ\u00e1n Pezzella, Franco Armani, Marcos Acu\u00f1a y Gonzalo Montiel. Por actualidad y proyecci\u00f3n, <b>Montiel es uno que puede pelear el puesto con Nahuel Molina, pero est\u00e1 lesionado.\u00a0<\/b><\/p>\n<p><b>M\u00e1s all\u00e1 de eso<\/b>, en esta doble fecha puntual <b>existe un problema de calendario: el Mundial de Clubes en el que participar\u00e1n River y Boca, que comenzar\u00e1 cuatro d\u00edas despu\u00e9s del partido ante Colombia<\/b>.\u00a0As\u00ed las cosas, es probable que desde el cuerpo t\u00e9cnico del seleccionado eviten citar a quienes est\u00e1n afectados a dicha competici\u00f3n.\u00a0<\/p>\n<p><b>De la camada de \u00abnuevos convocables\u00bb<\/b>, el que perder\u00eda terreno para estar en la n\u00f3mina final es <b>Franco Mastantuono<\/b>, el mediapunta de 17 a\u00f1os que est\u00e1 teniendo un gran presente en el Millonario, <b>ya form\u00f3 parte de los seleccionados juveniles y m\u00e1s temprano que tarde aparecer\u00e1 en la Mayor,<\/b> aunque no por el momento.<\/p>\n<p>A este listado se le podr\u00edan sumar <b>Kevin Lom\u00f3naco<\/b>\u00a0(central de 23 a\u00f1os y <b>gran presente en Independiente<\/b>), <b>Juan Nardoni\u00a0<\/b>(quien fue<b> parte del seleccionado ol\u00edmpico<\/b> y con 22 a\u00f1os fue <b>protagonista de Racing<\/b> a nivel internacional) <b>y<\/b> hasta\u00a0<b>Adri\u00e1n \u00abMaravilla\u00bb Mart\u00ednez<\/b>, el <b>goleador de la Academia<\/b> de\u00a032 a\u00f1os (con 43 goles en 69 partidos) <b>que nunca fue convocado.<\/b>\u00a0<\/p>\n<p><!-- Live Blog Post --><\/div>\n<p><a href=\"https:\/\/www.pagina12.com.ar\/827099-seleccion-argentina-la-lupa-sobre-los-jugadores-del-ambito-l\">source<\/a><\/p>\n","protected":false},"excerpt":{"rendered":"<p>Ya clasificada al Mundial 2026, la Selecci\u00f3n Argentina se prepara para otra doble fecha de&#8230;<\/p>\n","protected":false},"author":3,"featured_media":20889,"comment_status":"closed","ping_status":"closed","sticky":false,"template":"","format":"standard","meta":{"footnotes":""},"categories":[21],"tags":[],"class_list":["post-20888","post","type-post","status-publish","format-standard","has-post-thumbnail","hentry","category-deportes"],"featured_image_urls":{"full":["https:\/\/fmamiga909.com.ar\/wp-content\/uploads\/2025\/05\/wp-header-logo-205.png",960,540,false],"thumbnail":["https:\/\/fmamiga909.com.ar\/wp-content\/uploads\/2025\/05\/wp-header-logo-205-150x150.png",150,150,true],"medium":["https:\/\/fmamiga909.com.ar\/wp-content\/uploads\/2025\/05\/wp-header-logo-205-300x169.png",300,169,true],"medium_large":["https:\/\/fmamiga909.com.ar\/wp-content\/uploads\/2025\/05\/wp-header-logo-205.png",960,540,false],"large":["https:\/\/fmamiga909.com.ar\/wp-content\/uploads\/2025\/05\/wp-header-logo-205.png",640,360,false],"1536x1536":["https:\/\/fmamiga909.com.ar\/wp-content\/uploads\/2025\/05\/wp-header-logo-205.png",960,540,false],"2048x2048":["https:\/\/fmamiga909.com.ar\/wp-content\/uploads\/2025\/05\/wp-header-logo-205.png",960,540,false],"newsium-slider-full":["https:\/\/fmamiga909.com.ar\/wp-content\/uploads\/2025\/05\/wp-header-logo-205.png",960,540,false],"newsium-featured":["https:\/\/fmamiga909.com.ar\/wp-content\/uploads\/2025\/05\/wp-header-logo-205.png",960,540,false],"newsium-medium":["https:\/\/fmamiga909.com.ar\/wp-content\/uploads\/2025\/05\/wp-header-logo-205-720x475.png",720,475,true]},"author_info":{"display_name":"Fredy Giuliano","author_link":"https:\/\/fmamiga909.com.ar\/?author=3"},"category_info":"<a href=\"https:\/\/fmamiga909.com.ar\/?cat=21\" rel=\"category\">Deportes<\/a>","tag_info":"Deportes","comment_count":"0","_links":{"self":[{"href":"https:\/\/fmamiga909.com.ar\/index.php?rest_route=\/wp\/v2\/posts\/20888","targetHints":{"allow":["GET"]}}],"collection":[{"href":"https:\/\/fmamiga909.com.ar\/index.php?rest_route=\/wp\/v2\/posts"}],"about":[{"href":"https:\/\/fmamiga909.com.ar\/index.php?rest_route=\/wp\/v2\/types\/post"}],"author":[{"embeddable":true,"href":"https:\/\/fmamiga909.com.ar\/index.php?rest_route=\/wp\/v2\/users\/3"}],"replies":[{"embeddable":true,"href":"https:\/\/fmamiga909.com.ar\/index.php?rest_route=%2Fwp%2Fv2%2Fcomments&post=20888"}],"version-history":[{"count":0,"href":"https:\/\/fmamiga909.com.ar\/index.php?rest_route=\/wp\/v2\/posts\/20888\/revisions"}],"wp:featuredmedia":[{"embeddable":true,"href":"https:\/\/fmamiga909.com.ar\/index.php?rest_route=\/wp\/v2\/media\/20889"}],"wp:attachment":[{"href":"https:\/\/fmamiga909.com.ar\/index.php?rest_route=%2Fwp%2Fv2%2Fmedia&parent=20888"}],"wp:term":[{"taxonomy":"category","embeddable":true,"href":"https:\/\/fmamiga909.com.ar\/index.php?rest_route=%2Fwp%2Fv2%2Fcategories&post=20888"},{"taxonomy":"post_tag","embeddable":true,"href":"https:\/\/fmamiga909.com.ar\/index.php?rest_route=%2Fwp%2Fv2%2Ftags&post=20888"}],"curies":[{"name":"wp","href":"https:\/\/api.w.org\/{rel}","templated":true}]}}