{"id":20971,"date":"2025-05-22T20:58:38","date_gmt":"2025-05-22T20:58:38","guid":{"rendered":"https:\/\/fmamiga909.com.ar\/?p=20971"},"modified":"2025-05-22T20:58:38","modified_gmt":"2025-05-22T20:58:38","slug":"los-jugadores-que-estaran-en-el-mundial-de-clubes-y-serian-desafectados-de-la-seleccion","status":"publish","type":"post","link":"https:\/\/fmamiga909.com.ar\/?p=20971","title":{"rendered":"Los jugadores que estar\u00e1n en el Mundial de Clubes y ser\u00edan desafectados de la Selecci\u00f3n"},"content":{"rendered":"<div><!-- Body --><\/p>\n<p>El entrenador de la Selecci\u00f3n Argentina, Lionel Scaloni, entreg\u00f3 una prelista de 28 convocados para la pr\u00f3xima doble fecha de <b>Eliminatorias Sudamericanas. <\/b>Con el plantel clasificado al Mundial 2026, el hombre de Pujato analiza la posibilidad de liberar a varios de sus jugadores para que jueguen el Mundial de Clubes, aunque por ahora ning\u00fan club, ya sea internacional o nacional, le solicit\u00f3 a la AFA que no convoque a determinado futbolista para que participe de dicho evento.<\/p>\n<p>En los pr\u00f3ximos d\u00edas, la lista final quedar\u00e1 recortada a 23 para visitar el 5 de junio a Santiago, en la capital de Chile, y recibir el 10 del mismo mes a Colombia en el Monumental. Los futbolistas que participar\u00e1n del primer Mundial de Clubes ser\u00e1n Juli\u00e1n Alvarez, Nahuel Molina, <b>Rodrigo De Paul, Angel Correa y Giuliano Simeone<\/b> con el Atl\u00e9tico de Madrid de Espa\u00f1a. Nicol\u00e1s Otamendi estar\u00e1 con el Benfica de Portugal, Enzo Fern\u00e1ndez con el Chelsea de la Premier League, Lautaro Mart\u00ednez con el Inter de Mil\u00e1n, Nicol\u00e1s Gonz\u00e1lez con la Juventus y Lionel Messi con el Inter Miami.<\/p>\n<p>El dato m\u00e1s sobresaliente de esta prelista es el retorno de Messi, ya que el capit\u00e1n estuvo afuera de los cl\u00e1sicos con Uruguay (victoria 1-0 en el estadio Centenario de Montevideo) y Brasil (4-1 en el Monumental), por lesi\u00f3n. Luego de la doble fecha, el rosarino estar\u00e1 en el <b>partido inaugural del Mundial de Clubes, <\/b>cuando el conjunto de Miami juegue ante Al Ahly (Egipto), el s\u00e1bado 14 de junio en el Pink Stadium.<\/p>\n<p>Uno de los futbolistas que volvi\u00f3 a ser citado es Valent\u00edn Barco, que tuvo un muy buen cierre de temporada en el Racing de Estrasburgo franc\u00e9s. Tambi\u00e9n regresan Alejandro Garnacho (jugar\u00e1 la final de la Europa League entre Manchester United y Tottenham el 21 de mayo), <b>Nicol\u00e1s Dom\u00ednguez (volante de Nottingham Forest), Giovani Lo Celso (Betis, ausente por lesi\u00f3n en la convocatoria anterior) y Valent\u00edn Castellanos<\/b> (delantero de Lazio). Por otra parte, no est\u00e1n el volante M\u00e1ximo Perrone del Como italiano, y los delanteros Benjam\u00edn Dom\u00ednguez y Santiago Castro del Bologna, quienes fueron llamados en las \u00faltimas convocatorias, y vigentes campeones de la Copa Italia.<\/p>\n<p>Si bien habr\u00e1 varios retoques, ya que se trata de una prelista y Scaloni solo tendr\u00e1 en cuenta a los que est\u00e9n al 100% f\u00edsica y futbol\u00edsticamente, todav\u00eda falta que se incluyan a los representantes del f\u00fatbol argentino, como podr\u00eda ser <b>Marcos Acu\u00f1a, Lucas Mart\u00ednez Quarta y Germ\u00e1n Pezzella. <\/b>No as\u00ed Gonzalo Montiel, quien est\u00e1 desgarrado y estar\u00e1 fuera de las canchas por lo menos dos semanas. Las caras nuevas podr\u00edan ser Franco Mastantuono, Juan Nardoni, Kevin Lom\u00f3naco y un juvenil del Sub 20. Pero el primero ser\u00eda llamado en septiembre, para los \u00faltimos encuentros por clasificatorias, ya que jugar\u00e1 el Mundial de clubes con River.<\/p>\n<div class=\"medium-insert-embeds\">\n<figure>\n<div class=\"medium-insert-embed\">\n<div align=\"center\">\n<figure role=\"group\" class=\"caption caption-drupal-entity\"><figcaption>Lionel Messi regresa al conjunto nacional. Imagen: Prensa AFA<\/figcaption><\/figure>\n<\/div><\/div>\n<\/figure>\n<\/div>\n<p>En tanto, tres futbolistas de la actual lista no estar\u00e1n a disposici\u00f3n de Scaloni para visitar al equipo comandado por Ricardo Gareca el jueves 5 de junio. <b>De Paul, Fern\u00e1ndez y Otamendi llegaron al l\u00edmite de tarjetas amarillas.<\/b> Pero podr\u00e1n estar ante Colombia por la fecha 16, el martes 10 en el Antonio Vespucio Liberti. La FIFA determin\u00f3 que no habr\u00e1 sanci\u00f3n para Argentina por los cantos racistas durante el \u00faltimo partido, contra Brasil en el Monumental con victoria 4-1, en marzo pasado. La m\u00e1xima entidad del f\u00fatbol mundial cerr\u00f3 el expediente sin sanci\u00f3n, y de est\u00e1 manera jugar\u00e1 a estadio lleno.<\/p>\n<p>El equipo dirigido por Lionel Scaloni <b>lidera la tabla de posiciones con 31 puntos, muy por encima de su escolta Ecuador que suma 23.<\/b> Luego de esta doble fecha de clasificatorias, a la Selecci\u00f3n le quedar\u00e1n dos partidos m\u00e1s por competencia FIFA. El 9 de septiembre recibir\u00e1 a Venezuela en Buenos Aires, y cinco d\u00edas m\u00e1s tarde, visitar\u00e1 a Ecuador en Quito.<\/p>\n<p>Por otra parte, la AFA cerr\u00f3 cuatro amistosos, dos para octubre y los otros para noviembre. Entre el 6 y 14 del primer mes, <b>viajar\u00e1 a China para enfrentar al conjunto local. El segundo compromiso ser\u00eda contra Corea del Sur o Jap\u00f3n en Asia.<\/b> En tanto, del 10 al 18 de noviembre ir\u00e1 a Africa para medirse con la Selecci\u00f3n de Angola, y luego visitar\u00e1 el pa\u00eds donde fue campe\u00f3n del mundo en el 2022. En Qatar, se enfrentar\u00e1 contra Estados Unidos. Las razones de este viaje a tierras orientales son por acuerdos comerciales, ya que AFA tiene un lazo fuerte con China.<\/p>\n<p>En diciembre, la Selecci\u00f3n conocer\u00e1 a sus rivales de la fase de grupos de la Copa del Mundo 2026, ya que se llevar\u00e1 adelante el sorteo en Miami, Estados Unidos. Finalmente, en el \u00faltimo Congreso de la FIFA, llevado a cabo hace unos d\u00edas en Asunci\u00f3n, Paraguay, hubo una charla entre el presidente de AFA, <b>Claudio Tapia y su colega de Espa\u00f1a, Rafael Louz\u00e1n, para empezar a definir los detalles de la pr\u00f3xima Final\u00edssima,<\/b> que enfrentar\u00e1 a los campeones de Am\u00e9rica y Europa.<\/p>\n<p>Si bien no hay fecha exacta todav\u00eda, probablemente se dispute en marzo de 2026 en Europa o los Estados Unidos. Lo \u00fanico que faltar\u00eda para confirmar d\u00eda y hora ser\u00eda el visto bueno de los entrenadores<b> Lionel Scaloni y Luis De La Fuente,<\/b> ya que se jugar\u00eda unos meses antes del comienzo de Estados Unidos, M\u00e9xico y Canad\u00e1 2026, y esto podr\u00eda influir en la decisi\u00f3n final.<\/p>\n<p><!-- Live Blog Post --><\/div>\n<p><a href=\"https:\/\/www.pagina12.com.ar\/827935-los-jugadores-que-estaran-en-el-mundial-de-clubes-y-serian-d\">source<\/a><\/p>\n","protected":false},"excerpt":{"rendered":"<p>El entrenador de la Selecci\u00f3n Argentina, Lionel Scaloni, entreg\u00f3 una prelista de 28 convocados para&#8230;<\/p>\n","protected":false},"author":3,"featured_media":20972,"comment_status":"closed","ping_status":"closed","sticky":false,"template":"","format":"standard","meta":{"footnotes":""},"categories":[21],"tags":[],"class_list":["post-20971","post","type-post","status-publish","format-standard","has-post-thumbnail","hentry","category-deportes"],"featured_image_urls":{"full":["https:\/\/fmamiga909.com.ar\/wp-content\/uploads\/2025\/05\/wp-header-logo-246.png",960,540,false],"thumbnail":["https:\/\/fmamiga909.com.ar\/wp-content\/uploads\/2025\/05\/wp-header-logo-246-150x150.png",150,150,true],"medium":["https:\/\/fmamiga909.com.ar\/wp-content\/uploads\/2025\/05\/wp-header-logo-246-300x169.png",300,169,true],"medium_large":["https:\/\/fmamiga909.com.ar\/wp-content\/uploads\/2025\/05\/wp-header-logo-246.png",960,540,false],"large":["https:\/\/fmamiga909.com.ar\/wp-content\/uploads\/2025\/05\/wp-header-logo-246.png",640,360,false],"1536x1536":["https:\/\/fmamiga909.com.ar\/wp-content\/uploads\/2025\/05\/wp-header-logo-246.png",960,540,false],"2048x2048":["https:\/\/fmamiga909.com.ar\/wp-content\/uploads\/2025\/05\/wp-header-logo-246.png",960,540,false],"newsium-slider-full":["https:\/\/fmamiga909.com.ar\/wp-content\/uploads\/2025\/05\/wp-header-logo-246.png",960,540,false],"newsium-featured":["https:\/\/fmamiga909.com.ar\/wp-content\/uploads\/2025\/05\/wp-header-logo-246.png",960,540,false],"newsium-medium":["https:\/\/fmamiga909.com.ar\/wp-content\/uploads\/2025\/05\/wp-header-logo-246-720x475.png",720,475,true]},"author_info":{"display_name":"Fredy Giuliano","author_link":"https:\/\/fmamiga909.com.ar\/?author=3"},"category_info":"<a href=\"https:\/\/fmamiga909.com.ar\/?cat=21\" rel=\"category\">Deportes<\/a>","tag_info":"Deportes","comment_count":"0","_links":{"self":[{"href":"https:\/\/fmamiga909.com.ar\/index.php?rest_route=\/wp\/v2\/posts\/20971","targetHints":{"allow":["GET"]}}],"collection":[{"href":"https:\/\/fmamiga909.com.ar\/index.php?rest_route=\/wp\/v2\/posts"}],"about":[{"href":"https:\/\/fmamiga909.com.ar\/index.php?rest_route=\/wp\/v2\/types\/post"}],"author":[{"embeddable":true,"href":"https:\/\/fmamiga909.com.ar\/index.php?rest_route=\/wp\/v2\/users\/3"}],"replies":[{"embeddable":true,"href":"https:\/\/fmamiga909.com.ar\/index.php?rest_route=%2Fwp%2Fv2%2Fcomments&post=20971"}],"version-history":[{"count":0,"href":"https:\/\/fmamiga909.com.ar\/index.php?rest_route=\/wp\/v2\/posts\/20971\/revisions"}],"wp:featuredmedia":[{"embeddable":true,"href":"https:\/\/fmamiga909.com.ar\/index.php?rest_route=\/wp\/v2\/media\/20972"}],"wp:attachment":[{"href":"https:\/\/fmamiga909.com.ar\/index.php?rest_route=%2Fwp%2Fv2%2Fmedia&parent=20971"}],"wp:term":[{"taxonomy":"category","embeddable":true,"href":"https:\/\/fmamiga909.com.ar\/index.php?rest_route=%2Fwp%2Fv2%2Fcategories&post=20971"},{"taxonomy":"post_tag","embeddable":true,"href":"https:\/\/fmamiga909.com.ar\/index.php?rest_route=%2Fwp%2Fv2%2Ftags&post=20971"}],"curies":[{"name":"wp","href":"https:\/\/api.w.org\/{rel}","templated":true}]}}