{"id":20980,"date":"2025-05-22T23:26:02","date_gmt":"2025-05-22T23:26:02","guid":{"rendered":"https:\/\/fmamiga909.com.ar\/?p=20980"},"modified":"2025-05-22T23:26:02","modified_gmt":"2025-05-22T23:26:02","slug":"formula-1-colapinto-ya-esta-en-monaco-con-toda-su-ilusion","status":"publish","type":"post","link":"https:\/\/fmamiga909.com.ar\/?p=20980","title":{"rendered":"F\u00f3rmula 1: Colapinto ya est\u00e1 en M\u00f3naco con toda su ilusi\u00f3n"},"content":{"rendered":"<div><!-- Body --><\/p>\n<p><b>Franco Colapinto ya tuvo sus d\u00edas de trabajo y reflexi\u00f3n post-Imola y previos al siguiente Gran Premio de F\u00f3rmula 1: M\u00f3naco, el hist\u00f3rico callejero de la M\u00e1xima<\/b>, que espera con sus estrechas curvas y dif\u00edciles estrategias de sobrepaso el debut del argentino por su pista. \u00abEs uno de los circuitos m\u00e1s dif\u00edciles para adelantar, sin margen de error. Tengo muchas ganas de volver a la pista, ganar confianza y seguir desarroll\u00e1ndome con el equipo\u00bb, fue el an\u00e1lisis del pilarense antes de subirse al Alpine para<b> las primeras dos pr\u00e1cticas libres, que se realizar\u00e1n este viernes a las 8.30 y a las 12 de nuestro pa\u00eds<\/b> (transmiten Fox Sports y Disney+).<\/p>\n<div class=\"iframely-embed medium-embedded-content\" data-html=\"Jmx0O2Jsb2NrcXVvdGUgY2xhc3M9InR3aXR0ZXItdHdlZXQiIGRhdGEtZG50PSJ0cnVlIiBhbGlnbj0iY2VudGVyIiZndDsmbHQ7cCBsYW5nPSJlbiIgZGlyPSJsdHIiJmd0O0V2ZXJ5dGhpbmcgeW91IG5lZWQgdG8ga25vdyBhYm91dCB0aGUgJmx0O2EgaHJlZj0iaHR0cHM6Ly90d2l0dGVyLmNvbS9oYXNodGFnL01vbmFjb0dQP3NyYz1oYXNoJmFtcDthbXA7cmVmX3NyYz10d3NyYyU1RXRmdyImZ3Q7I01vbmFjb0dQJmx0Oy9hJmd0OyAuLi4gQnkgVGhlIE51bWJlcnMg8J+TivCfh7Lwn4eoICZsdDthIGhyZWY9Imh0dHBzOi8vdHdpdHRlci5jb20vaGFzaHRhZy9GSUE\/c3JjPWhhc2gmYW1wO2FtcDtyZWZfc3JjPXR3c3JjJTVFdGZ3IiZndDsjRklBJmx0Oy9hJmd0OyAmbHQ7YSBocmVmPSJodHRwczovL3R3aXR0ZXIuY29tL2hhc2h0YWcvRjE\/c3JjPWhhc2gmYW1wO2FtcDtyZWZfc3JjPXR3c3JjJTVFdGZ3IiZndDsjRjEmbHQ7L2EmZ3Q7ICZsdDthIGhyZWY9Imh0dHBzOi8vdC5jby94Wkc3bE90d0dnIiZndDtwaWMudHdpdHRlci5jb20veFpHN2xPdHdHZyZsdDsvYSZndDsmbHQ7L3AmZ3Q7JmFtcDttZGFzaDsgRklBIChAZmlhKSAmbHQ7YSBocmVmPSJodHRwczovL3R3aXR0ZXIuY29tL2ZpYS9zdGF0dXMvMTkyNTUxOTI4NTU1Nzc5Mjg4OT9yZWZfc3JjPXR3c3JjJTVFdGZ3IiZndDtNYXkgMjIsIDIwMjUmbHQ7L2EmZ3Q7Jmx0Oy9ibG9ja3F1b3RlJmd0OwombHQ7c2NyaXB0IGFzeW5jIHNyYz0iaHR0cHM6Ly9wbGF0Zm9ybS50d2l0dGVyLmNvbS93aWRnZXRzLmpzIiBjaGFyc2V0PSJ1dGYtOCImZ3Q7Jmx0Oy9zY3JpcHQmZ3Q7CgombHQ7ZGl2IGNsYXNzPSJtZWRpdW0taW5zZXJ0LWVtYmVkcy1tZXRhIiZndDsmbHQ7c2NyaXB0IHR5cGU9InRleHQvanNvbiImZ3Q7eyJ1cmwiOiJodHRwczovL3R3aXR0ZXIuY29tL2ZpYS9zdGF0dXMvMTkyNTUxOTI4NTU1Nzc5Mjg4OSIsInR5cGUiOiJyaWNoIiwidmVyc2lvbiI6IjEuMCIsInRpdGxlIjoiRklBIG9uIFR3aXR0ZXIgLyBYIiwiYXV0aG9yIjoiRklBIiwiYXV0aG9yX3VybCI6Imh0dHBzOi8vdHdpdHRlci5jb20vZmlhIiwicHJvdmlkZXJfbmFtZSI6IlR3aXR0ZXIiLCJkZXNjcmlwdGlvbiI6IkV2ZXJ5dGhpbmcgeW91IG5lZWQgdG8ga25vdyBhYm91dCB0aGUgI01vbmFjb0dQIC4uLiBCeSBUaGUgTnVtYmVycyDwn5OK8J+HsvCfh6ggI0ZJQSAjRjEgcGljLnR3aXR0ZXIuY29tL3haRzdsT3R3R2figJQgRklBIChAZmlhKSBNYXkgMjIsIDIwMjVcblxuXG4iLCJ0aHVtYm5haWxfdXJsIjoiaHR0cHM6Ly9wYnMudHdpbWcuY29tL2FtcGxpZnlfdmlkZW9fdGh1bWIvMTkyNTQ5MzE0NzQwMTkwODIyNC9pbWcvTmt6OGtRWXY1SFI4THRUXy5qcGc6bGFyZ2UiLCJ0aHVtYm5haWxfd2lkdGgiOjEwODAsInRodW1ibmFpbF9oZWlnaHQiOjEzNTAsImNhY2hlX2FnZSI6ODY0MDAsIm9wdGlvbnMiOnsiX2hpZGVfbWVkaWEiOnsibGFiZWwiOiJIaWRlIHBob3RvcywgdmlkZW9zLCBhbmQgY2FyZHMiLCJ2YWx1ZSI6ZmFsc2V9LCJfdGhlbWUiOnsidmFsdWUiOiIiLCJ2YWx1ZXMiOnsiZGFyayI6IlVzZSBkYXJrIHRoZW1lIn19LCJfbWF4d2lkdGgiOnsidmFsdWUiOiIiLCJsYWJlbCI6IkFkanVzdCB3aWR0aCIsInBsYWNlaG9sZGVyIjoiMjIwLTU1MCwgaW4gcHgifX19Jmx0Oy9zY3JpcHQmZ3Q7Jmx0Oy9kaXYmZ3Q7\">\n                <a data-iframely-url=\"\" href=\"https:\/\/twitter.com\/fia\/status\/1925519285557792889\">https:\/\/twitter.com\/fia\/status\/1925519285557792889<\/a>\n              <\/div>\n<p>Imola, con la presi\u00f3n extra del debut, ya qued\u00f3 atr\u00e1s para Colapinto. Ahora llega el hist\u00f3rico trazado de 3337 kil\u00f3metros, con toda su belleza esc\u00e9nica, recorrido que se caracteriza por sus calles angostas, esas que fuerzan al l\u00edmite la frontera entre el \u00e9xito y el error. El argentino se relame mientras espera que llegue el momento de empezar a ensayar: <b>\u00abEs un circuito hist\u00f3rico de la F\u00f3rmula 1. Manejar ac\u00e1 entre las paredes, aunque en carrera sea muy dif\u00edcil de pasar, es siempre un placer\u00bb.<\/b> En pleno proceso de adaptaci\u00f3n, el pilarense le revel\u00f3 a <i>ESPN<\/i> que se apoya en su breve experiencia en la M\u00e1xima para palpitar lo que ser\u00e1 la aventura en Montecarlo: \u00ab<b>Me gustan los callejeros. M\u00f3naco es un circuito de alta confianza, necesit\u00e1s estar al fino, muy al l\u00edmite, muy preciso\u2026 Yo capaz no tengo todav\u00eda esa confianza con el auto pero va a ir llegando de a poco <\/b>y creo que despu\u00e9s de lo que fueron Baku y Singapur el a\u00f1o pasado, que fueron las dos pistas m\u00e1s dif\u00edciles del a\u00f1o, estoy seguro de que me voy a poder adaptar\u00bb.<\/p>\n<div class=\"iframely-embed medium-embedded-content\" data-html=\"Jmx0O2Jsb2NrcXVvdGUgY2xhc3M9InR3aXR0ZXItdHdlZXQiIGRhdGEtZG50PSJ0cnVlIiBhbGlnbj0iY2VudGVyIiZndDsmbHQ7cCBsYW5nPSJlbiIgZGlyPSJsdHIiJmd0O0xpZ2h0cy4gQ2FtZXJhLiBBY3Rpb24hIPCfjqwgJmx0O2EgaHJlZj0iaHR0cHM6Ly90d2l0dGVyLmNvbS9oYXNodGFnL0YxVGhlTW92aWU\/c3JjPWhhc2gmYW1wO2FtcDtyZWZfc3JjPXR3c3JjJTVFdGZ3IiZndDsjRjFUaGVNb3ZpZSZsdDsvYSZndDsgJmx0O2JyJmd0OyZsdDticiZndDtPdXIgZHJpdmVycyBnb3QgdG8gZW5qb3kgYSBwcml2YXRlIHNjcmVlbmluZyBvZiAmbHQ7YSBocmVmPSJodHRwczovL3R3aXR0ZXIuY29tL0YxTW92aWU\/cmVmX3NyYz10d3NyYyU1RXRmdyImZ3Q7QEYxTW92aWUmbHQ7L2EmZ3Q7IGluIE1vbmFjbyEg8J+NvyZsdDthIGhyZWY9Imh0dHBzOi8vdHdpdHRlci5jb20vaGFzaHRhZy9GMT9zcmM9aGFzaCZhbXA7YW1wO3JlZl9zcmM9dHdzcmMlNUV0ZnciJmd0OyNGMSZsdDsvYSZndDsgJmx0O2EgaHJlZj0iaHR0cHM6Ly90LmNvL2ZmRmFvVFBuWDQiJmd0O3BpYy50d2l0dGVyLmNvbS9mZkZhb1RQblg0Jmx0Oy9hJmd0OyZsdDsvcCZndDsmYW1wO21kYXNoOyBGb3JtdWxhIDEgKEBGMSkgJmx0O2EgaHJlZj0iaHR0cHM6Ly90d2l0dGVyLmNvbS9GMS9zdGF0dXMvMTkyNTI3OTUwOTU4Mzk1MDMyMj9yZWZfc3JjPXR3c3JjJTVFdGZ3IiZndDtNYXkgMjEsIDIwMjUmbHQ7L2EmZ3Q7Jmx0Oy9ibG9ja3F1b3RlJmd0OwombHQ7c2NyaXB0IGFzeW5jIHNyYz0iaHR0cHM6Ly9wbGF0Zm9ybS50d2l0dGVyLmNvbS93aWRnZXRzLmpzIiBjaGFyc2V0PSJ1dGYtOCImZ3Q7Jmx0Oy9zY3JpcHQmZ3Q7CgombHQ7ZGl2IGNsYXNzPSJtZWRpdW0taW5zZXJ0LWVtYmVkcy1tZXRhIiZndDsmbHQ7c2NyaXB0IHR5cGU9InRleHQvanNvbiImZ3Q7eyJ1cmwiOiJodHRwczovL3R3aXR0ZXIuY29tL0YxL3N0YXR1cy8xOTI1Mjc5NTA5NTgzOTUwMzIyIiwidHlwZSI6InJpY2giLCJ2ZXJzaW9uIjoiMS4wIiwidGl0bGUiOiJGb3JtdWxhIDEgb24gVHdpdHRlciAvIFgiLCJhdXRob3IiOiJGb3JtdWxhIDEiLCJhdXRob3JfdXJsIjoiaHR0cHM6Ly90d2l0dGVyLmNvbS9GMSIsInByb3ZpZGVyX25hbWUiOiJUd2l0dGVyIiwiZGVzY3JpcHRpb24iOiJMaWdodHMuIENhbWVyYS4gQWN0aW9uISDwn46sICNGMVRoZU1vdmllIE91ciBkcml2ZXJzIGdvdCB0byBlbmpveSBhIHByaXZhdGUgc2NyZWVuaW5nIG9mIEBGMU1vdmllIGluIE1vbmFjbyEg8J+NvyNGMSBwaWMudHdpdHRlci5jb20vZmZGYW9UUG5YNOKAlCBGb3JtdWxhIDEgKEBGMSkgTWF5IDIxLCAyMDI1XG5cblxuIiwidGh1bWJuYWlsX3VybCI6Imh0dHBzOi8vcGJzLnR3aW1nLmNvbS9tZWRpYS9HcmYzZGNtWDBBQWRneEQuanBnOmxhcmdlIiwidGh1bWJuYWlsX3dpZHRoIjoyMDQ4LCJ0aHVtYm5haWxfaGVpZ2h0IjoxNjk1LCJjYWNoZV9hZ2UiOjg2NDAwLCJvcHRpb25zIjp7Il9oaWRlX21lZGlhIjp7ImxhYmVsIjoiSGlkZSBwaG90b3MsIHZpZGVvcywgYW5kIGNhcmRzIiwidmFsdWUiOmZhbHNlfSwiX3RoZW1lIjp7InZhbHVlIjoiIiwidmFsdWVzIjp7ImRhcmsiOiJVc2UgZGFyayB0aGVtZSJ9fSwiX21heHdpZHRoIjp7InZhbHVlIjoiIiwibGFiZWwiOiJBZGp1c3Qgd2lkdGgiLCJwbGFjZWhvbGRlciI6IjIyMC01NTAsIGluIHB4In19fSZsdDsvc2NyaXB0Jmd0OyZsdDsvZGl2Jmd0Ow==\">\n                <a data-iframely-url=\"\" href=\"https:\/\/twitter.com\/F1\/status\/1925279509583950322\">https:\/\/twitter.com\/F1\/status\/1925279509583950322<\/a>\n              <\/div>\n<p>La ventaja que tiene Colapinto, al igual que los novatos que se estrenar\u00e1n en M\u00f3naco con un auto de F\u00f3rmula 1, es que forma parte de la ventana europea m\u00e1s tradicional: tanto el argentino como los rookies han corrido en el circuito en sus categor\u00edas juveniles. <b>Colapinto debut\u00f3 en el circuito en 2023 como piloto de la F\u00f3rmula 3 y cosech\u00f3 un cuarto puesto en la carrera sprint de la categor\u00eda (su mejor ubicaci\u00f3n en M\u00f3naco) y un sexto lugar en la carrera larga. Un a\u00f1o m\u00e1s tarde, el 2024, en la previa de su debut en el Gran Circo, alcanz\u00f3 a ser parte del evento de la F\u00f3rmula 2 en el Principado: termin\u00f3 quinto en la sprint y 13\u00ba en la versi\u00f3n larga de la competencia. <\/b>La historia, sin embargo, es completamente distinta esta vez para el oriundo de Pilar: competir ahora con un monoplaza de F\u00f3rmula 1 y como uno de los 20 protagonistas de la elite del deporte motor ser\u00e1 una experiencia definitivamente diferente para el argentino.<\/p>\n<div class=\"iframely-embed medium-embedded-content\" data-html=\"Jmx0O2Jsb2NrcXVvdGUgY2xhc3M9InR3aXR0ZXItdHdlZXQiIGRhdGEtZG50PSJ0cnVlIiBhbGlnbj0iY2VudGVyIiZndDsmbHQ7cCBsYW5nPSJlbiIgZGlyPSJsdHIiJmd0O0NsYXNzIGlzIGluIHNlc3Npb24g8J+niSZsdDthIGhyZWY9Imh0dHBzOi8vdHdpdHRlci5jb20vRnJhbkNvbGFwaW50bz9yZWZfc3JjPXR3c3JjJTVFdGZ3IiZndDtARnJhbkNvbGFwaW50byZsdDsvYSZndDsgdGVhY2hlcyAmbHQ7YSBocmVmPSJodHRwczovL3R3aXR0ZXIuY29tL1BpZXJyZUdBU0xZP3JlZl9zcmM9dHdzcmMlNUV0ZnciJmd0O0BQaWVycmVHQVNMWSZsdDsvYSZndDsgaG93IHRvIG1ha2UgbWF0ZSDwn6SdICZsdDthIGhyZWY9Imh0dHBzOi8vdC5jby9xUm84T0VmUTFQIiZndDtwaWMudHdpdHRlci5jb20vcVJvOE9FZlExUCZsdDsvYSZndDsmbHQ7L3AmZ3Q7JmFtcDttZGFzaDsgQldUIEFscGluZSBGb3JtdWxhIE9uZSBUZWFtIChAQWxwaW5lRjFUZWFtKSAmbHQ7YSBocmVmPSJodHRwczovL3R3aXR0ZXIuY29tL0FscGluZUYxVGVhbS9zdGF0dXMvMTkyNTYxNTY5NzI0MzA2Njc0Nz9yZWZfc3JjPXR3c3JjJTVFdGZ3IiZndDtNYXkgMjIsIDIwMjUmbHQ7L2EmZ3Q7Jmx0Oy9ibG9ja3F1b3RlJmd0OwombHQ7c2NyaXB0IGFzeW5jIHNyYz0iaHR0cHM6Ly9wbGF0Zm9ybS50d2l0dGVyLmNvbS93aWRnZXRzLmpzIiBjaGFyc2V0PSJ1dGYtOCImZ3Q7Jmx0Oy9zY3JpcHQmZ3Q7CgombHQ7ZGl2IGNsYXNzPSJtZWRpdW0taW5zZXJ0LWVtYmVkcy1tZXRhIiZndDsmbHQ7c2NyaXB0IHR5cGU9InRleHQvanNvbiImZ3Q7eyJ1cmwiOiJodHRwczovL3R3aXR0ZXIuY29tL0FscGluZUYxVGVhbS9zdGF0dXMvMTkyNTYxNTY5NzI0MzA2Njc0NyIsInR5cGUiOiJyaWNoIiwidmVyc2lvbiI6IjEuMCIsInRpdGxlIjoiQldUIEFscGluZSBGb3JtdWxhIE9uZSBUZWFtIG9uIFR3aXR0ZXIgLyBYIiwiYXV0aG9yIjoiQldUIEFscGluZSBGb3JtdWxhIE9uZSBUZWFtIiwiYXV0aG9yX3VybCI6Imh0dHBzOi8vdHdpdHRlci5jb20vQWxwaW5lRjFUZWFtIiwicHJvdmlkZXJfbmFtZSI6IlR3aXR0ZXIiLCJkZXNjcmlwdGlvbiI6IkNsYXNzIGlzIGluIHNlc3Npb24g8J+niUBGcmFuQ29sYXBpbnRvIHRlYWNoZXMgQFBpZXJyZUdBU0xZIGhvdyB0byBtYWtlIG1hdGUg8J+knSBwaWMudHdpdHRlci5jb20vcVJvOE9FZlExUOKAlCBCV1QgQWxwaW5lIEZvcm11bGEgT25lIFRlYW0gKEBBbHBpbmVGMVRlYW0pIE1heSAyMiwgMjAyNVxuXG5cbiIsInRodW1ibmFpbF91cmwiOiJodHRwczovL3Bicy50d2ltZy5jb20vYW1wbGlmeV92aWRlb190aHVtYi8xOTI1NjEwMzcwMzkzMDkyMDk2L2ltZy9EVjJVd09hRzE1c0xhZk5VLmpwZzpsYXJnZSIsInRodW1ibmFpbF93aWR0aCI6MTA4MCwidGh1bWJuYWlsX2hlaWdodCI6MTkyMCwiY2FjaGVfYWdlIjo4NjQwMCwib3B0aW9ucyI6eyJfaGlkZV9tZWRpYSI6eyJsYWJlbCI6IkhpZGUgcGhvdG9zLCB2aWRlb3MsIGFuZCBjYXJkcyIsInZhbHVlIjpmYWxzZX0sIl90aGVtZSI6eyJ2YWx1ZSI6IiIsInZhbHVlcyI6eyJkYXJrIjoiVXNlIGRhcmsgdGhlbWUifX0sIl9tYXh3aWR0aCI6eyJ2YWx1ZSI6IiIsImxhYmVsIjoiQWRqdXN0IHdpZHRoIiwicGxhY2Vob2xkZXIiOiIyMjAtNTUwLCBpbiBweCJ9fX0mbHQ7L3NjcmlwdCZndDsmbHQ7L2RpdiZndDs=\">\n                <a data-iframely-url=\"\" href=\"https:\/\/twitter.com\/AlpineF1Team\/status\/1925615697243066747\">https:\/\/twitter.com\/AlpineF1Team\/status\/1925615697243066747<\/a>\n              <\/div>\n<p>Mientras espere que inicien los ensayos, la multitud que sigue a Colapinto, a trav\u00e9s de pantallas o de un codiciado viaje hacia su tour europeo con la M\u00e1xima, podr\u00eda asegurar una cosa: <b>al piloto que lleva el n\u00famero 43 se lo ve tranquilo.<\/b> Y esa es quiz\u00e1s la mejor imagen que puede llevarse su hinchada antes de que comience otro fin de semana de acci\u00f3n para el pilarense en el Gran Circo. <b>Con esa tranquilidad que le permite brillar con su carisma se lo vio entre los flashes y la \u201cred carpet\u201d de Cannes<\/b> cuando junto a sus compa\u00f1eros pilotos fue parte del estreno privado de la pel\u00edcula de la F\u00f3rmula 1, esa que llegar\u00e1 a los cines el pr\u00f3ximo mes.\u00a0<\/p>\n<p><b>As\u00ed tambi\u00e9n se lo vio, concentrado y hasta risue\u00f1o, ense\u00f1\u00e1ndole a cebar mate a su compa\u00f1ero de equipo, Pierre Gasly,<\/b> quien degust\u00f3 sorprendido y elogi\u00f3 la bebida tradicional de Argentina. Y con el mismo semblante estuvo cuando le preguntaron sobre las agresiones que se dieron en redes sociales los \u00faltimos d\u00edas: \u00abS\u00e9 que son muy pocos los (fan\u00e1ticos) que son agresivos, pero esos pocos hacen mucho quilombo. Tienen que tranquilizarse y bajar un cambio, unos cuantos capaz\u2026 Que sigan apoyando como siempre lo hacen, pero sin esos mensajes de odio ni comentarios negativos que afectan a los dem\u00e1s. Todos los fan\u00e1ticos del mundo tienen que tranquilizarse un poco, el respeto es lo m\u00e1s importante\u00bb. <b>Con su sonrisa de siempre est\u00e1 en M\u00f3naco Franco Colapinto, esa sonrisa que mejora cualquier adaptaci\u00f3n, que conquist\u00f3 al paddock de la F\u00f3rmula 1 y que ilusiona a Argentina una vez m\u00e1s.\u00a0<\/b><\/p>\n<p><!-- Live Blog Post --><\/div>\n<p><script async src=\"\/\/platform.twitter.com\/widgets.js\" charset=\"utf-8\"><\/script><br \/><a href=\"https:\/\/www.pagina12.com.ar\/828028-formula-1-colapinto-ya-esta-en-monaco-con-toda-su-ilusion\">source<\/a><\/p>\n","protected":false},"excerpt":{"rendered":"<p>Franco Colapinto ya tuvo sus d\u00edas de trabajo y reflexi\u00f3n post-Imola y previos al siguiente&#8230;<\/p>\n","protected":false},"author":3,"featured_media":20981,"comment_status":"closed","ping_status":"closed","sticky":false,"template":"","format":"standard","meta":{"footnotes":""},"categories":[21],"tags":[],"class_list":["post-20980","post","type-post","status-publish","format-standard","has-post-thumbnail","hentry","category-deportes"],"featured_image_urls":{"full":["https:\/\/fmamiga909.com.ar\/wp-content\/uploads\/2025\/05\/wp-header-logo-249.png",960,540,false],"thumbnail":["https:\/\/fmamiga909.com.ar\/wp-content\/uploads\/2025\/05\/wp-header-logo-249-150x150.png",150,150,true],"medium":["https:\/\/fmamiga909.com.ar\/wp-content\/uploads\/2025\/05\/wp-header-logo-249-300x169.png",300,169,true],"medium_large":["https:\/\/fmamiga909.com.ar\/wp-content\/uploads\/2025\/05\/wp-header-logo-249.png",960,540,false],"large":["https:\/\/fmamiga909.com.ar\/wp-content\/uploads\/2025\/05\/wp-header-logo-249.png",640,360,false],"1536x1536":["https:\/\/fmamiga909.com.ar\/wp-content\/uploads\/2025\/05\/wp-header-logo-249.png",960,540,false],"2048x2048":["https:\/\/fmamiga909.com.ar\/wp-content\/uploads\/2025\/05\/wp-header-logo-249.png",960,540,false],"newsium-slider-full":["https:\/\/fmamiga909.com.ar\/wp-content\/uploads\/2025\/05\/wp-header-logo-249.png",960,540,false],"newsium-featured":["https:\/\/fmamiga909.com.ar\/wp-content\/uploads\/2025\/05\/wp-header-logo-249.png",960,540,false],"newsium-medium":["https:\/\/fmamiga909.com.ar\/wp-content\/uploads\/2025\/05\/wp-header-logo-249-720x475.png",720,475,true]},"author_info":{"display_name":"Fredy Giuliano","author_link":"https:\/\/fmamiga909.com.ar\/?author=3"},"category_info":"<a href=\"https:\/\/fmamiga909.com.ar\/?cat=21\" rel=\"category\">Deportes<\/a>","tag_info":"Deportes","comment_count":"0","_links":{"self":[{"href":"https:\/\/fmamiga909.com.ar\/index.php?rest_route=\/wp\/v2\/posts\/20980","targetHints":{"allow":["GET"]}}],"collection":[{"href":"https:\/\/fmamiga909.com.ar\/index.php?rest_route=\/wp\/v2\/posts"}],"about":[{"href":"https:\/\/fmamiga909.com.ar\/index.php?rest_route=\/wp\/v2\/types\/post"}],"author":[{"embeddable":true,"href":"https:\/\/fmamiga909.com.ar\/index.php?rest_route=\/wp\/v2\/users\/3"}],"replies":[{"embeddable":true,"href":"https:\/\/fmamiga909.com.ar\/index.php?rest_route=%2Fwp%2Fv2%2Fcomments&post=20980"}],"version-history":[{"count":0,"href":"https:\/\/fmamiga909.com.ar\/index.php?rest_route=\/wp\/v2\/posts\/20980\/revisions"}],"wp:featuredmedia":[{"embeddable":true,"href":"https:\/\/fmamiga909.com.ar\/index.php?rest_route=\/wp\/v2\/media\/20981"}],"wp:attachment":[{"href":"https:\/\/fmamiga909.com.ar\/index.php?rest_route=%2Fwp%2Fv2%2Fmedia&parent=20980"}],"wp:term":[{"taxonomy":"category","embeddable":true,"href":"https:\/\/fmamiga909.com.ar\/index.php?rest_route=%2Fwp%2Fv2%2Fcategories&post=20980"},{"taxonomy":"post_tag","embeddable":true,"href":"https:\/\/fmamiga909.com.ar\/index.php?rest_route=%2Fwp%2Fv2%2Ftags&post=20980"}],"curies":[{"name":"wp","href":"https:\/\/api.w.org\/{rel}","templated":true}]}}