{"id":20986,"date":"2025-05-23T11:08:54","date_gmt":"2025-05-23T11:08:54","guid":{"rendered":"https:\/\/fmamiga909.com.ar\/?p=20986"},"modified":"2025-05-23T11:08:54","modified_gmt":"2025-05-23T11:08:54","slug":"franco-colapinto-en-el-gran-premio-de-monaco-las-practicas-libres","status":"publish","type":"post","link":"https:\/\/fmamiga909.com.ar\/?p=20986","title":{"rendered":"Franco Colapinto en el Gran Premio de M\u00f3naco: las pr\u00e1cticas libres"},"content":{"rendered":"<div id=\"post-0800\">\n<div class=\"col 2-col\">\n<h2>Colapinto compar\u00f3 los autos de Alpine y Williams y cont\u00f3 sus expectativas para el GP de M\u00f3naco\u00a0<\/h2>\n<p>De cara a lo que ser\u00e1 su participaci\u00f3n en el <b>Gran Premio de M\u00f3naco<\/b> de <b>F\u00f3rmula 1<\/b>, <b><a href=\"https:\/\/www.pagina12.com.ar\/827575-franco-colapinto-mostro-en-el-simulador-como-es-el-gp-de-mon\">Franco Colapinto<\/a><\/b> analiz\u00f3 las caracter\u00edsticas del circuito y las diferencias entre el auto de <b>Alpine <\/b>y el que manejaba en <b>Williams<\/b>. \u00abTengo un aler\u00f3n medio viejo\u00bb, dijo el pilarense de 21 a\u00f1os.<\/p>\n<p><span>\u00abMe gustan los circuitos callejeros. <\/span><b>M\u00f3naco es un circuito muy de alta confianza, necesit\u00e1s estar muy fino, muy al l\u00edmite, muy preciso<\/b><span>. Yo todav\u00eda no tengo esa confianza con el auto, pero que va a ir llegando de a poco\u00bb, dijo Colapinto con respecto a la pista. Efectivamente, la de M\u00f3naco es una pista muy estrecha en la que los adelamientos son muy complicados debido a lo angosto de las calles, lo que obliga a los corredores a sacar a relucir su precisi\u00f3n milim\u00e9trica.<\/span><\/p>\n<h3><span><b><a href=\"https:\/\/www.pagina12.com.ar\/827932-colapinto-comparo-los-autos-de-alpine-y-williams-y-conto-sus\">Le\u00e9 la nota completa<\/a><\/b><\/span><\/h3>\n<\/div>\n<\/div>\n<div id=\"post-0735\">\n<div class=\"col 2-col\">\n<h2>Colapinto pidi\u00f3 frenar las agresiones en redes sociales: \u00abReaccionan de forma exagerada\u00bb\u00a0<\/h2>\n<p>El piloto <a href=\"https:\/\/www.pagina12.com.ar\/827575-franco-colapinto-mostro-en-el-simulador-como-es-el-gp-de-mon\">Franco Colapinto<\/a> se refiri\u00f3 este jueves a lo sucedido en las redes sociales tras su cruce con <b>Yuki Tsunoda<\/b> y la <i>fake news<\/i> sobre <b>Jack Doohan<\/b>. El pilarense dialog\u00f3 con los medios de comunicaci\u00f3n en la previa a lo que ser\u00e1 su participaci\u00f3n de este fin de semana en el <b><a href=\"https:\/\/www.pagina12.com.ar\/826992-cuando-y-donde-vuelve-a-correr-franco-colapinto\">Gran Premio de M\u00f3naco de F\u00f3rmula 1<\/a><\/b>.<\/p>\n<p><b>Yuki Tsunoda<\/b><span>, el piloto de <\/span><b>Racing Bulls<\/b><span>, recibi\u00f3 cientos de comentarios agresivos tras el cruce que tuvo con<\/span><b> Franco Colapinto<\/b><span> en los entrenamientos libres de <\/span><b>Imola<\/b><span>, cuando el argentino le obstruy\u00f3 el paso y el japon\u00e9s le respondi\u00f3 con un gesto obsceno.<\/span><\/p>\n<p>Un acoso similar sufri\u00f3 <a href=\"https:\/\/www.pagina12.com.ar\/827080-formula-1-doohan-apunto-contra-los-fans-argentinos-y-le-pifi\"><b>Jack Doohan<\/b><\/a><b\/>, el corredor al que Colapinto reemplaz\u00f3 como titular en Alpine. Resulta que <b>una cuenta parodia public\u00f3 una supuesta historia de Instagram<\/b> en la que Mick Doohan, padre del piloto australiano, <b>se burlaba del argentino <\/b>tras su accidente en el GP de Emilia-Roma\u00f1a.<\/p>\n<h3><b><a href=\"https:\/\/www.pagina12.com.ar\/827959-colapinto-pidio-frenar-las-agresiones-en-redes-sociales-reac\">Le\u00e9 la nota completa<\/a><\/b><\/h3>\n<\/div>\n<\/div>\n<div id=\"post-0700\">\n<div class=\"col 2-col\">\n<h2>Colapinto ya est\u00e1 en M\u00f3naco con toda su ilusi\u00f3n\u00a0<\/h2>\n<p>Por Malva Marani<\/p>\n<p><b>Franco Colapinto ya tuvo sus d\u00edas de trabajo y reflexi\u00f3n post-Imola y previos al siguiente Gran Premio de F\u00f3rmula 1: M\u00f3naco, el hist\u00f3rico callejero de la M\u00e1xima<\/b>, que espera con sus estrechas curvas y dif\u00edciles estrategias de sobrepaso el debut del argentino por su pista.\u00a0<\/p>\n<p>\u00abEs uno de los circuitos m\u00e1s dif\u00edciles para adelantar, sin margen de error. Tengo muchas ganas de volver a la pista, ganar confianza y seguir desarroll\u00e1ndome con el equipo\u00bb, fue el an\u00e1lisis del pilarense antes de subirse al Alpine para<b> las primeras dos pr\u00e1cticas libres, que se realizar\u00e1n este viernes a las 8.30 y a las 12 de nuestro pa\u00eds<\/b> (transmiten Fox Sports y Disney+).<\/p>\n<h3><b><a href=\"https:\/\/www.pagina12.com.ar\/828028-formula-1-colapinto-ya-esta-en-monaco-con-toda-su-ilusion\">Le\u00e9 la nota completa<\/a><\/b><\/h3>\n<\/div>\n<\/div>\n<p><a href=\"https:\/\/www.pagina12.com.ar\/828148-franco-colapinto-en-el-gran-premio-de-monaco-las-practicas-l\">source<\/a><\/p>\n","protected":false},"excerpt":{"rendered":"<p>Colapinto compar\u00f3 los autos de Alpine y Williams y cont\u00f3 sus expectativas para el GP&#8230;<\/p>\n","protected":false},"author":3,"featured_media":20987,"comment_status":"closed","ping_status":"closed","sticky":false,"template":"","format":"standard","meta":{"footnotes":""},"categories":[21],"tags":[],"class_list":["post-20986","post","type-post","status-publish","format-standard","has-post-thumbnail","hentry","category-deportes"],"featured_image_urls":{"full":["https:\/\/fmamiga909.com.ar\/wp-content\/uploads\/2025\/05\/wp-header-logo-252.png",960,540,false],"thumbnail":["https:\/\/fmamiga909.com.ar\/wp-content\/uploads\/2025\/05\/wp-header-logo-252-150x150.png",150,150,true],"medium":["https:\/\/fmamiga909.com.ar\/wp-content\/uploads\/2025\/05\/wp-header-logo-252-300x169.png",300,169,true],"medium_large":["https:\/\/fmamiga909.com.ar\/wp-content\/uploads\/2025\/05\/wp-header-logo-252.png",960,540,false],"large":["https:\/\/fmamiga909.com.ar\/wp-content\/uploads\/2025\/05\/wp-header-logo-252.png",640,360,false],"1536x1536":["https:\/\/fmamiga909.com.ar\/wp-content\/uploads\/2025\/05\/wp-header-logo-252.png",960,540,false],"2048x2048":["https:\/\/fmamiga909.com.ar\/wp-content\/uploads\/2025\/05\/wp-header-logo-252.png",960,540,false],"newsium-slider-full":["https:\/\/fmamiga909.com.ar\/wp-content\/uploads\/2025\/05\/wp-header-logo-252.png",960,540,false],"newsium-featured":["https:\/\/fmamiga909.com.ar\/wp-content\/uploads\/2025\/05\/wp-header-logo-252.png",960,540,false],"newsium-medium":["https:\/\/fmamiga909.com.ar\/wp-content\/uploads\/2025\/05\/wp-header-logo-252-720x475.png",720,475,true]},"author_info":{"display_name":"Fredy Giuliano","author_link":"https:\/\/fmamiga909.com.ar\/?author=3"},"category_info":"<a href=\"https:\/\/fmamiga909.com.ar\/?cat=21\" rel=\"category\">Deportes<\/a>","tag_info":"Deportes","comment_count":"0","_links":{"self":[{"href":"https:\/\/fmamiga909.com.ar\/index.php?rest_route=\/wp\/v2\/posts\/20986","targetHints":{"allow":["GET"]}}],"collection":[{"href":"https:\/\/fmamiga909.com.ar\/index.php?rest_route=\/wp\/v2\/posts"}],"about":[{"href":"https:\/\/fmamiga909.com.ar\/index.php?rest_route=\/wp\/v2\/types\/post"}],"author":[{"embeddable":true,"href":"https:\/\/fmamiga909.com.ar\/index.php?rest_route=\/wp\/v2\/users\/3"}],"replies":[{"embeddable":true,"href":"https:\/\/fmamiga909.com.ar\/index.php?rest_route=%2Fwp%2Fv2%2Fcomments&post=20986"}],"version-history":[{"count":0,"href":"https:\/\/fmamiga909.com.ar\/index.php?rest_route=\/wp\/v2\/posts\/20986\/revisions"}],"wp:featuredmedia":[{"embeddable":true,"href":"https:\/\/fmamiga909.com.ar\/index.php?rest_route=\/wp\/v2\/media\/20987"}],"wp:attachment":[{"href":"https:\/\/fmamiga909.com.ar\/index.php?rest_route=%2Fwp%2Fv2%2Fmedia&parent=20986"}],"wp:term":[{"taxonomy":"category","embeddable":true,"href":"https:\/\/fmamiga909.com.ar\/index.php?rest_route=%2Fwp%2Fv2%2Fcategories&post=20986"},{"taxonomy":"post_tag","embeddable":true,"href":"https:\/\/fmamiga909.com.ar\/index.php?rest_route=%2Fwp%2Fv2%2Ftags&post=20986"}],"curies":[{"name":"wp","href":"https:\/\/api.w.org\/{rel}","templated":true}]}}