{"id":21014,"date":"2025-05-24T19:21:03","date_gmt":"2025-05-24T19:21:03","guid":{"rendered":"https:\/\/fmamiga909.com.ar\/?p=21014"},"modified":"2025-05-24T19:21:03","modified_gmt":"2025-05-24T19:21:03","slug":"franco-colapinto-en-la-formula-1-en-el-gp-de-monaco-como-le-fue-en-la-clasificacion-y-en-que-puesto-larga-2","status":"publish","type":"post","link":"https:\/\/fmamiga909.com.ar\/?p=21014","title":{"rendered":"Franco Colapinto en la F\u00f3rmula 1 en el GP de M\u00f3naco: c\u00f3mo le fue en la clasificaci\u00f3n y en qu\u00e9 puesto larga"},"content":{"rendered":"<div id=\"post-1515\">\n<div class=\"col 2-col\">\n<h2>Hamilton, entre los pilotos penalizados<\/h2>\n<p>El brit\u00e1nico siete veces campe\u00f3n del mundo se une a Oliver Bearman y Lance Stroll al ser penalizados: el novato de Haas perdi\u00f3 10 lugares por violar la bandera roja en la pr\u00e1ctica y el corredor de Aston Martin fue sancionado dos veces por un choque en la FP1 con Charles Leclerc y un incidente que lo impidi\u00f3 en la Clasificaci\u00f3n.<\/p>\n<p>En el caso de Hamilton,\u00a0que deb\u00eda largar 4\u00b0, al ser sancionado con tres puestos ahora saldr\u00e1 en el s\u00e9ptimo lugar.<\/p>\n<div class=\"iframely-embed medium-embedded-content\" data-html=\"Jmx0O2Jsb2NrcXVvdGUgY2xhc3M9InR3aXR0ZXItdHdlZXQiIGRhdGEtZG50PSJ0cnVlIiBhbGlnbj0iY2VudGVyIiZndDsmbHQ7cCBsYW5nPSJlbiIgZGlyPSJsdHIiJmd0O0JSRUFLSU5HOiBMZXdpcyBIYW1pbHRvbiByZWNlaXZlcyBhIDMtcGxhY2UgZ3JpZCBwZW5hbHR5IGZvciBpbXBlZGluZyBNYXggVmVyc3RhcHBlbiBkdXJpbmcgcXVhbGlmeWluZyZsdDthIGhyZWY9Imh0dHBzOi8vdHdpdHRlci5jb20vaGFzaHRhZy9GMT9zcmM9aGFzaCZhbXA7YW1wO3JlZl9zcmM9dHdzcmMlNUV0ZnciJmd0OyNGMSZsdDsvYSZndDsgJmx0O2EgaHJlZj0iaHR0cHM6Ly90d2l0dGVyLmNvbS9oYXNodGFnL01vbmFjb0dQP3NyYz1oYXNoJmFtcDthbXA7cmVmX3NyYz10d3NyYyU1RXRmdyImZ3Q7I01vbmFjb0dQJmx0Oy9hJmd0OyAmbHQ7YSBocmVmPSJodHRwczovL3QuY28vWlJJOTlrcTRGeiImZ3Q7cGljLnR3aXR0ZXIuY29tL1pSSTk5a3E0RnombHQ7L2EmZ3Q7Jmx0Oy9wJmd0OyZhbXA7bWRhc2g7IEZvcm11bGEgMSAoQEYxKSAmbHQ7YSBocmVmPSJodHRwczovL3R3aXR0ZXIuY29tL0YxL3N0YXR1cy8xOTI2MzI3MTI3NzY4NTAyNzUyP3JlZl9zcmM9dHdzcmMlNUV0ZnciJmd0O01heSAyNCwgMjAyNSZsdDsvYSZndDsmbHQ7L2Jsb2NrcXVvdGUmZ3Q7CiZsdDtzY3JpcHQgYXN5bmMgc3JjPSJodHRwczovL3BsYXRmb3JtLnR3aXR0ZXIuY29tL3dpZGdldHMuanMiIGNoYXJzZXQ9InV0Zi04IiZndDsmbHQ7L3NjcmlwdCZndDsKCiZsdDtkaXYgY2xhc3M9Im1lZGl1bS1pbnNlcnQtZW1iZWRzLW1ldGEiJmd0OyZsdDtzY3JpcHQgdHlwZT0idGV4dC9qc29uIiZndDt7InVybCI6Imh0dHBzOi8vdHdpdHRlci5jb20vRjEvc3RhdHVzLzE5MjYzMjcxMjc3Njg1MDI3NTIiLCJ0eXBlIjoicmljaCIsInZlcnNpb24iOiIxLjAiLCJ0aXRsZSI6IkZvcm11bGEgMSBvbiBUd2l0dGVyIC8gWCIsImF1dGhvciI6IkZvcm11bGEgMSIsImF1dGhvcl91cmwiOiJodHRwczovL3R3aXR0ZXIuY29tL0YxIiwicHJvdmlkZXJfbmFtZSI6IlR3aXR0ZXIiLCJkZXNjcmlwdGlvbiI6IkJSRUFLSU5HOiBMZXdpcyBIYW1pbHRvbiByZWNlaXZlcyBhIDMtcGxhY2UgZ3JpZCBwZW5hbHR5IGZvciBpbXBlZGluZyBNYXggVmVyc3RhcHBlbiBkdXJpbmcgcXVhbGlmeWluZyNGMSAjTW9uYWNvR1AgcGljLnR3aXR0ZXIuY29tL1pSSTk5a3E0RnrigJQgRm9ybXVsYSAxIChARjEpIE1heSAyNCwgMjAyNVxuXG5cbiIsInRodW1ibmFpbF91cmwiOiJodHRwczovL3Bicy50d2ltZy5jb20vbWVkaWEvR3J1d1Bvc1hnQUE0VW14LmpwZzpsYXJnZSIsInRodW1ibmFpbF93aWR0aCI6MTYzOCwidGh1bWJuYWlsX2hlaWdodCI6MjA0OCwiY2FjaGVfYWdlIjo4NjQwMCwib3B0aW9ucyI6eyJfaGlkZV9tZWRpYSI6eyJsYWJlbCI6IkhpZGUgcGhvdG9zLCB2aWRlb3MsIGFuZCBjYXJkcyIsInZhbHVlIjpmYWxzZX0sIl90aGVtZSI6eyJ2YWx1ZSI6IiIsInZhbHVlcyI6eyJkYXJrIjoiVXNlIGRhcmsgdGhlbWUifX0sIl9tYXh3aWR0aCI6eyJ2YWx1ZSI6IiIsImxhYmVsIjoiQWRqdXN0IHdpZHRoIiwicGxhY2Vob2xkZXIiOiIyMjAtNTUwLCBpbiBweCJ9fX0mbHQ7L3NjcmlwdCZndDsmbHQ7L2RpdiZndDs=\">\n                <a data-iframely-url=\"\" href=\"https:\/\/twitter.com\/F1\/status\/1926327127768502752\">https:\/\/twitter.com\/F1\/status\/1926327127768502752<\/a>\n              <\/div>\n<\/p><\/div>\n<\/div>\n<div id=\"post-1429\">\n<div class=\"col 2-col\">\n<h2>D\u00f3nde ver el Gran Premio de M\u00f3naco<\/h2>\n<p>Toda la acci\u00f3n de este domingo podr\u00e1 verse en vivo desde las 10 a trav\u00e9s de <b>Fox Sports<\/b> y la plataforma <b>Disney+ Premium<\/b>. La se\u00f1al televisiva se puede sintonizar mediante plataformas de <i>streaming <\/i>como <b>DGO, Flow y Telecentro Play<\/b>, entre otras.<\/p>\n<\/div>\n<\/div>\n<div id=\"post-1250\">\n<div class=\"col 2-col\">\n<h2>Las observaciones de Colapinto sobre su desempe\u00f1o y el monoplaza<\/h2>\n<p>\u00ab<b>Me fui acercando, creo que con la goma media si segu\u00eda haciendo vueltas iba a mejorar m\u00e1s todav\u00eda<\/b>. No estaba el modo de motor, ten\u00eda mucha nafta e hice casi el mismo tiempo que con la goma blanda. Cada vez que pongo la goma blanda me voy para atr\u00e1s y no entiendo por qu\u00e9. La sobrecaliento mucho y es muy dif\u00edcil en tracci\u00f3n. <b>El auto no tracciona, no salgo de las curvas lentas<\/b>,<b> y se siente muy duro cuando voy por arriba de un piano o de un bache<\/b>. Siempre el auto se empieza a descolocar y sigue saltando y saltando. En vez de pasarlo bien, sigue y sigue\u201d, observ\u00f3 Colapinto, respecto de las complicaciones que pudieron haber alterado su resultado. <\/p>\n<p>\u201c<b>Perdemos mucho grip en curvas lentas. Se siente r\u00edgido como si la goma de adelante no mordiera la mitad de curva<\/b>. Despu\u00e9s cuando acelero es como que la goma de atr\u00e1s est\u00e1 en el aire. Con la goma media me sent\u00ed mucho m\u00e1s c\u00f3modo, pero no fue una vuelta limpia con la media. Hice el mismo tiempo con la blanda, as\u00ed que algo raro hay. Hay que entender un poco m\u00e1s el auto. <b>Entender un poco m\u00e1s qu\u00e9 podemos mejorar, porque creo que los dos autos est\u00e1n complicados<\/b>\u201d, argument\u00f3.<\/p>\n<p>Por \u00faltimo, completo: \u201cEl blando espero no verlo nunca m\u00e1s. Por suerte tenemos medios y duros, veremos qu\u00e9 hacemos. <b>Todo el fin de semana me sent\u00ed un poco complicado y un poco lejos de Pierre<\/b>. <b>Cada vez que pongo esa goma blanda me siento inc\u00f3modo, sin confianza. <\/b>Se sobrecalienta la goma de atr\u00e1s y no puedo controlar la tracci\u00f3n. No estoy c\u00f3modo con el auto. A entender hoy a la noche, ver un poco de data y tratar de ver qu\u00e9 podemos mejorar. <b>Cambiamos muchas cosas en los dos autos y no encontramos el rumbo<\/b>\u201d.<\/p>\n<\/div>\n<\/div>\n<div id=\"post-1217\">\n<div class=\"col 2-col\">\n<h2>Qu\u00e9 dijo Colapinto tras quedar eliminado en la Q1<\/h2>\n<p>\u201c<b>El auto no se siente bien y no da mucha confianza<\/b>\u201d, expres\u00f3 el pilarense durante una rueda de prensa, tras resultar eliminado en la Q1 en la sesi\u00f3n de clasificaci\u00f3n.<\/p>\n<p>Tras explicar una serie de especificaciones t\u00e9cnicas, el joven corredor sostuvo que queda mucho por \u00abtrabajar\u00bb, pero se mostr\u00f3 un poco cabizbajo por los resultados: \u00ab<b>creo que no est\u00e1 siendo ni nuestro circuito ni nuestro finde<\/b>\u201d.<\/p>\n<p>\u00abSe nos complica un poco. Esperemos que ma\u00f1ana sea otra cosa con los dos pits stop. En ritmo de carrera estamos mejor, as\u00ed que a ver qu\u00e9 pasa ma\u00f1ana y ver si podemos dar un saltito\u201d, asegur\u00f3 respecto a lo que espera de cara a la carrera principal.<\/p>\n<p>El piloto de Alpine marc\u00f3 el tiempo m\u00e1s bajo con un registro de 1.12.597, a una distancia de 0.603 de su compa\u00f1ero franc\u00e9s. Este domingo\u00a0<b>largar\u00e1 en el 18\u00b0 lugar<\/b>, y su\u00a0compa\u00f1ero partir\u00e1 un puesto por delante.<\/p>\n<\/div>\n<\/div>\n<div id=\"post-1154\">\n<div class=\"col 2-col\">\n<h2>Los pilotos que quedaron fuera de la Q2<\/h2>\n<p>Fuera de la Q2 terminaron Carlos Sainz, Yuki Tsunoda, Nico Hulkenberg, George Russell y Kimi Antonelli. El italiano de Mercedes Benz hab\u00eda pasado a la segunda tanda pero el da\u00f1o que le produjo a su coche el choque en la Q1 le impidi\u00f3 girar.<\/p>\n<\/div>\n<\/div>\n<div id=\"post-1135\">\n<div class=\"col 2-col\">\n<h2>Russell que qued\u00f3 en medio del t\u00fanel<\/h2>\n<p>El brit\u00e1nico George Russell se qued\u00f3 en medio del t\u00fanel. Su Mercedez Benz se detuvo y el piloto no pudo volver a poner en marcha el auto.<\/p>\n<p>El director de carrera puso bandera roja y la clasificaci\u00f3n est\u00e1 otra vez detenida.<\/p>\n<\/div>\n<\/div>\n<div id=\"post-1130\">\n<div class=\"col 2-col\">\n<h2>Los autos salieron a pista para la Q2<\/h2>\n<p>Quince pilotos disputar\u00e1n en esta instancia el pase a la tanda decisiva. Los primeros minutos muestran a Norris, Verstappen y Leclerc en los primeros lugares.<\/p>\n<\/div>\n<\/div>\n<p><script async src=\"\/\/platform.twitter.com\/widgets.js\" charset=\"utf-8\"><\/script><br \/><a href=\"https:\/\/www.pagina12.com.ar\/828411-franco-colapinto-en-la-formula-1-en-el-gp-de-monaco-la-clasi\">source<\/a><\/p>\n","protected":false},"excerpt":{"rendered":"<p>Hamilton, entre los pilotos penalizados El brit\u00e1nico siete veces campe\u00f3n del mundo se une a&#8230;<\/p>\n","protected":false},"author":3,"featured_media":21015,"comment_status":"closed","ping_status":"closed","sticky":false,"template":"","format":"standard","meta":{"footnotes":""},"categories":[21],"tags":[],"class_list":["post-21014","post","type-post","status-publish","format-standard","has-post-thumbnail","hentry","category-deportes"],"featured_image_urls":{"full":["https:\/\/fmamiga909.com.ar\/wp-content\/uploads\/2025\/05\/wp-header-logo-266.png",960,540,false],"thumbnail":["https:\/\/fmamiga909.com.ar\/wp-content\/uploads\/2025\/05\/wp-header-logo-266-150x150.png",150,150,true],"medium":["https:\/\/fmamiga909.com.ar\/wp-content\/uploads\/2025\/05\/wp-header-logo-266-300x169.png",300,169,true],"medium_large":["https:\/\/fmamiga909.com.ar\/wp-content\/uploads\/2025\/05\/wp-header-logo-266.png",960,540,false],"large":["https:\/\/fmamiga909.com.ar\/wp-content\/uploads\/2025\/05\/wp-header-logo-266.png",640,360,false],"1536x1536":["https:\/\/fmamiga909.com.ar\/wp-content\/uploads\/2025\/05\/wp-header-logo-266.png",960,540,false],"2048x2048":["https:\/\/fmamiga909.com.ar\/wp-content\/uploads\/2025\/05\/wp-header-logo-266.png",960,540,false],"newsium-slider-full":["https:\/\/fmamiga909.com.ar\/wp-content\/uploads\/2025\/05\/wp-header-logo-266.png",960,540,false],"newsium-featured":["https:\/\/fmamiga909.com.ar\/wp-content\/uploads\/2025\/05\/wp-header-logo-266.png",960,540,false],"newsium-medium":["https:\/\/fmamiga909.com.ar\/wp-content\/uploads\/2025\/05\/wp-header-logo-266-720x475.png",720,475,true]},"author_info":{"display_name":"Fredy Giuliano","author_link":"https:\/\/fmamiga909.com.ar\/?author=3"},"category_info":"<a href=\"https:\/\/fmamiga909.com.ar\/?cat=21\" rel=\"category\">Deportes<\/a>","tag_info":"Deportes","comment_count":"0","_links":{"self":[{"href":"https:\/\/fmamiga909.com.ar\/index.php?rest_route=\/wp\/v2\/posts\/21014","targetHints":{"allow":["GET"]}}],"collection":[{"href":"https:\/\/fmamiga909.com.ar\/index.php?rest_route=\/wp\/v2\/posts"}],"about":[{"href":"https:\/\/fmamiga909.com.ar\/index.php?rest_route=\/wp\/v2\/types\/post"}],"author":[{"embeddable":true,"href":"https:\/\/fmamiga909.com.ar\/index.php?rest_route=\/wp\/v2\/users\/3"}],"replies":[{"embeddable":true,"href":"https:\/\/fmamiga909.com.ar\/index.php?rest_route=%2Fwp%2Fv2%2Fcomments&post=21014"}],"version-history":[{"count":0,"href":"https:\/\/fmamiga909.com.ar\/index.php?rest_route=\/wp\/v2\/posts\/21014\/revisions"}],"wp:featuredmedia":[{"embeddable":true,"href":"https:\/\/fmamiga909.com.ar\/index.php?rest_route=\/wp\/v2\/media\/21015"}],"wp:attachment":[{"href":"https:\/\/fmamiga909.com.ar\/index.php?rest_route=%2Fwp%2Fv2%2Fmedia&parent=21014"}],"wp:term":[{"taxonomy":"category","embeddable":true,"href":"https:\/\/fmamiga909.com.ar\/index.php?rest_route=%2Fwp%2Fv2%2Fcategories&post=21014"},{"taxonomy":"post_tag","embeddable":true,"href":"https:\/\/fmamiga909.com.ar\/index.php?rest_route=%2Fwp%2Fv2%2Ftags&post=21014"}],"curies":[{"name":"wp","href":"https:\/\/api.w.org\/{rel}","templated":true}]}}