{"id":21064,"date":"2025-05-26T01:02:59","date_gmt":"2025-05-26T01:02:59","guid":{"rendered":"https:\/\/fmamiga909.com.ar\/?p=21064"},"modified":"2025-05-26T01:02:59","modified_gmt":"2025-05-26T01:02:59","slug":"rafael-nadal-entre-un-cuerpo-al-limite-y-la-porcion-que-se-llevo-de-djokovic","status":"publish","type":"post","link":"https:\/\/fmamiga909.com.ar\/?p=21064","title":{"rendered":"Rafael Nadal, entre un cuerpo al l\u00edmite y la porci\u00f3n que se llev\u00f3 de Djokovic"},"content":{"rendered":"<div><!-- Body --><\/p>\n<p><b><a href=\"https:\/\/www.pagina12.com.ar\/tags\/3606-rafael-nadal\">Rafael Nadal<\/a><\/b>\u00a0solt\u00f3 las l\u00e1grimas. No es que haya sido la primera vez, pero acaso s\u00ed haya representado el momento m\u00e1s ic\u00f3nico de su vida despu\u00e9s del deporte profesional: <b>el emblem\u00e1tico tenista espa\u00f1ol se conmovi\u00f3 hasta el llanto<\/b> con un fuerte reconocimiento en <b><a href=\"https:\/\/www.pagina12.com.ar\/tags\/47875-roland-garros\">Roland Garros, el torneo m\u00e1s valioso de polvo de ladrillo<\/a><\/b>, en el que sustent\u00f3 una sustancial parte de la construcci\u00f3n de su propio mito.<\/p>\n<p><b>No fue para menos: solt\u00f3 las l\u00e1grimas en un estadio Philippe Chatrier,<\/b> en el Stade Roland Garros, en Par\u00eds, <b>ante miles de espectadores que le rindieron pleites\u00eda como lo que es: un verdadero dios del tenis<\/b>, una leyenda tan grande como inveros\u00edmil que jam\u00e1s morir\u00e1 en los tiempos. <b>Recibi\u00f3 un mimo al alma en la primera edici\u00f3n del torneo parisino de Grand Slam despu\u00e9s de su retiro como profesional. <\/b>Aunque parezca una f\u00e1bula: hay Roland Garros despu\u00e9s de Nadal, aunque ya no habr\u00e1 Roland Garros sin el aura de Nadal.<\/p>\n<p><b>\u201cHa sido una historia incre\u00edble que empez\u00f3 en 2004, <\/b>cuando vine por primera vez, pero llegu\u00e9 en muletas y <b>no pude jugar por mi pie. <\/b>Desde lo m\u00e1s alto de la pista, deseaba poder bajar a jugar. En 2005 puede jugar por primera vez, ten\u00eda 18 a\u00f1os. Hoy, 20 a\u00f1os despu\u00e9s, me he encontrado a rivales que me han llevado al l\u00edmite en lo f\u00edsico y mental, que me han hecho crecer cada d\u00eda\u201d, expres\u00f3, con el coraz\u00f3n en la mano, el hombre que excedi\u00f3 las barreras de la l\u00f3gica: <b>catorce t\u00edtulos en Roland Garros forman parte del universo de lo surreal.<\/b><\/p>\n<p>Pero son reales, s\u00ed. <b><a href=\"%E2%80%9CHa%20sido%20una%20historia%20incre%C3%ADble%20que%20empez%C3%B3%20en%202004,%20cuando%20vine%20por%20primera%20vez,%20pero%20llegu%C3%A9%20en%20muletas%20y%20no%20pude%20jugar%20por%20mi%20pie.%20Desde%20lo%20m%C3%A1s%20alto%20de%20la%20pista,%20deseaba%20poder%20bajar%20a%20jugar.%20En%202005,%20puede%20jugar%20por%20primera%20vez,%20ten%C3%ADa%2018%20a%C3%B1os.%2020%20a%C3%B1os%20despu%C3%A9s,%20me%20he%20encontrado%20rivales%20que%20me%20han%20llevado%20al%20l%C3%ADmite%20en%20lo%20f%C3%ADsico%20y%20mental,%20que%20me%20han%20hecho%20crecer%20cada%20d%C3%ADa%E2%80%9D.\" target=\"_blank\">La Copa de los Mosqueteros fue alzada catorce veces por el mismo hombre,<\/a><\/b> quien adem\u00e1s gan\u00f3 la absurda cantidad de 112 partidos sobre 116 disputados en ese torneo, que cruza la l\u00ednea de una frase hecha utilizada hasta el hartazgo: <b>el patio de su casa.\u00a0<\/b><b>Una infinidad de lesiones con nomenclatura extra\u00f1a como S\u00edndrome de M\u00fcller-Weiss o Hoffa <\/b>y\u00a0un f\u00edsico golpeado desde su incre\u00edble irrupci\u00f3n lo obligaron, en octubre de 2024, a <b><a href=\"https:\/\/www.pagina12.com.ar\/773799-el-fin-de-la-historia-de-fukuyama-a-nadal-el-retiro-del-mito\">anunciar que ya no jugar\u00eda al tenis de manera profesional<\/a><\/b>.<\/p>\n<p>Los motivos los rememor\u00f3 en el arranque de una nueva edici\u00f3n en Roland Garros:\u00a0<b>\u201cNo es que no eche de menos el tenis: nunca termin\u00e9 cansado del tenis. Termin\u00e9 mi carrera deportiva con amor por el tenis<\/b>, pero llegu\u00e9 a un punto en el que mi cuerpo no pod\u00eda m\u00e1s. Mi cuerpo no me permit\u00eda tener el nivel que yo necesitaba hacerlo para disfrutar o que valiera la pena el esfuerzo. <b>Ese d\u00eda cerr\u00f3 mi etapa en el tenis\u00bb.<\/b><\/p>\n<p><b>La presencia de Roger Federer, Novak Djokovic y Andy Murray<\/b> le aport\u00f3 la magia necesaria al marco de un homenaje que Nadal jam\u00e1s olvidar\u00e1. \u201cTodos hemos cumplido nuestros sue\u00f1os. Hemos ense\u00f1ado al mundo que podemos ser rivales y colegas con respeto al mismo tiempo. <b>Disfrut\u00e9 mucho cada vez que fui al l\u00edmite para competir contra ustedes. Que est\u00e9n los tres en este momento significa todo\u00bb<\/b>, sostuvo sobre las otras tres piezas del irrepetible Big 4.<\/p>\n<p>El serbio, <b>acaso el jugador m\u00e1s destacado de todas las \u00e9pocas y su mayor rival,<\/b> el \u00fanico de ellos que se mantiene activo en el circuito, admiti\u00f3 con el alma entre los dedos: <b>\u00abFue muy dif\u00edcil mantener la motivaci\u00f3n para competir despu\u00e9s del retiro de Nadal.<\/b> Sinceramente no pens\u00e9 que me fuera a afectar de esta manera, pero <b>siento que una parte de m\u00ed se fue con \u00e9l\u00bb. <\/b>La correcci\u00f3n, entonces, amerita: <b>Djokovic, el mundo te entiende, porque una parte de todos se fue con \u00e9l.<\/b><\/p>\n<h2>Dos y dos, los argentinos en Roland Garros<\/h2>\n<p>La primera jornada del cuadro principal de Roland Garros para <b>los argentinos arroj\u00f3 un resultado de paridad: dos victorias y dos derrotas. <\/b>Ganaron <b>Juan Manuel Cer\u00fandolo, que viene de la clasificaci\u00f3n, y Mariano Navone;<\/b> perdieron, por otro lado, <b>Francisco Comesa\u00f1a y Thiago Tirante.<\/b><\/p>\n<p><b>El menor de los hermanos Cer\u00fandolo, <\/b>uno de los campeones ATP de la generaci\u00f3n actual de tenistas masculinos de la Argentina &#8211;<b><a href=\"https:\/\/www.pagina12.com.ar\/326875-juan-manuel-cerundolo-la-compu-que-deslumbro-en-el-cordoba-o\">gan\u00f3 el C\u00f3rdoba Open en 2021<\/a><\/b>-, logr\u00f3 por primera vez en su carrera <b>un triunfo en el cuadro principal de Roland Garros. <\/b>Actual 109\u00b0 del ranking mundial, Juanma acumula cuatro victorias en Par\u00eds: <b>tres de la clasificaci\u00f3n y ahora el \u00e9xito debut en el main draw.<\/b><\/p>\n<p>Una clase de tenis sobre polvo de ladrillo, su superficie predilecta:<b> todo su repertorio de recursos, variantes, cambios de ritmo, efectos y solidez <\/b>fue desplegado para ganarle sin problemas por 6-3, 6-2 y 6-4 al estadounidense <b>Alex<\/b> <b>Michelsen (33\u00b0)<\/b>. En la segunda instancia el zurdo de 23 a\u00f1os se medir\u00e1 con el serbio <b>Hamad Medjedovic (74\u00b0), quien viene de eliminar al polaco Kamil Majchrzak (96\u00b0).<\/b><\/p>\n<p><b>Navone,<\/b> por otra parte, <b>se sobrepuso en su estreno para vencer al estadounidense Brandon Nakashima (32\u00b0)<\/b> en cuatro parciales. El oriundo de 9 de Julio, de 24 a\u00f1os,<b> se mantuvo firme para imponerse por\u00a07-6 (2), 4-6, 6-1 y 6-2,<\/b> en m\u00e1s de tres horas y media de disputa. En la siguiente ronda, La Nave, que <b><a href=\"https:\/\/www.pagina12.com.ar\/800850-sufrir-para-resurgir-argentina-alimento-su-historia-y-avanzo\">gan\u00f3 el quinto punto de Argentina en la Copa Davis de este a\u00f1o ante Noruega<\/a><\/b>, se enfrentar\u00e1 con otro estadouniense:\u00a0<b>Reilly Opelka (93\u00b0), verdugo del australiano Rinky Hijikata (78\u00b0).<\/b><\/p>\n<p>Actual 97\u00b0 del ranking de singles de la ATP, Navone concret\u00f3 su tercer \u00e9xito en cuadros principales de Grand Slam y el primero en Roland Garros: <b>antes hab\u00eda derrotado al espa\u00f1ol Pablo Carre\u00f1o Busta (99\u00b0) y al alem\u00e1n Daniel Altmaier (66\u00b0), ambos en el US Open 2024.<\/b><\/p>\n<p>Las dos ca\u00eddas nivelaron la jornada del domingo para el tenis argentino. <b>El marplatense Francisco<\/b> <b>Comesa\u00f1a (64\u00b0) <\/b>se despidi\u00f3 tras perder <b>con el\u00a0experimentado Carre\u00f1o Busta (99\u00b0), cuartofinalista en Roland Garros en dos ocasiones: 2017 y 2020. <\/b>El jugador nacido en Asturias <b>se qued\u00f3 con la victoria por\u00a06-2, 7-6 (3) y 7-5 ante el Tibur\u00f3n,<\/b> en su primera participaci\u00f3n en el cuadro final de Par\u00eds.<\/p>\n<p><b>Thiago<\/b> <b>Tirante (132\u00b0),<\/b> que hab\u00eda ingresado al cuadro principal como <i>lucky loser<\/i> -uno de los perdedores en la tercera ronda de la qualy-, complet\u00f3 la doble mala noticia para la Argentina: <b>qued\u00f3 eliminado luego de caer ante el bosnio Damir Dzumhur (69\u00b0)<\/b> por 3-6, 6-4, 6-3 y 7-5.<\/p>\n<h2>Lo que viene<\/h2>\n<p>Este lunes ser\u00e1 el turno del debut de otros argentinos en cuadros principales de singles de Roland Garros: <b>Sebasti\u00e1n B\u00e1ez (38\u00b0) se estrenar\u00e1 ante Miomir Kecmanovic, Tom\u00e1s Etcheverry (53\u00b0) jugar\u00e1 contra Stefanos Tsitsipas (20\u00b0; ex 3\u00b0), Camilo Ugo Carabelli (51\u00b0) se medir\u00e1 con Jaume Munar y Francisco Cer\u00fandolo (18\u00b0)<\/b>, el mejor jugador albiceleste del ranking, se cruzar\u00e1 con Gabriel Diallo. En el cuadro femenino,\u00a0<b>Julia Riera (202\u00aa) buscar\u00e1 dar el batacazo ante la kazaja Elena Rybakina (11\u00aa).<\/b><\/p>\n<p><!-- Live Blog Post --><\/div>\n<p><a href=\"https:\/\/www.pagina12.com.ar\/828733-rafael-nadal-entre-un-cuerpo-al-limite-y-la-porcion-que-se-l\">source<\/a><\/p>\n","protected":false},"excerpt":{"rendered":"<p>Rafael Nadal\u00a0solt\u00f3 las l\u00e1grimas. No es que haya sido la primera vez, pero acaso s\u00ed&#8230;<\/p>\n","protected":false},"author":3,"featured_media":21065,"comment_status":"closed","ping_status":"closed","sticky":false,"template":"","format":"standard","meta":{"footnotes":""},"categories":[21],"tags":[],"class_list":["post-21064","post","type-post","status-publish","format-standard","has-post-thumbnail","hentry","category-deportes"],"featured_image_urls":{"full":["https:\/\/fmamiga909.com.ar\/wp-content\/uploads\/2025\/05\/wp-header-logo-291.png",960,540,false],"thumbnail":["https:\/\/fmamiga909.com.ar\/wp-content\/uploads\/2025\/05\/wp-header-logo-291-150x150.png",150,150,true],"medium":["https:\/\/fmamiga909.com.ar\/wp-content\/uploads\/2025\/05\/wp-header-logo-291-300x169.png",300,169,true],"medium_large":["https:\/\/fmamiga909.com.ar\/wp-content\/uploads\/2025\/05\/wp-header-logo-291.png",960,540,false],"large":["https:\/\/fmamiga909.com.ar\/wp-content\/uploads\/2025\/05\/wp-header-logo-291.png",640,360,false],"1536x1536":["https:\/\/fmamiga909.com.ar\/wp-content\/uploads\/2025\/05\/wp-header-logo-291.png",960,540,false],"2048x2048":["https:\/\/fmamiga909.com.ar\/wp-content\/uploads\/2025\/05\/wp-header-logo-291.png",960,540,false],"newsium-slider-full":["https:\/\/fmamiga909.com.ar\/wp-content\/uploads\/2025\/05\/wp-header-logo-291.png",960,540,false],"newsium-featured":["https:\/\/fmamiga909.com.ar\/wp-content\/uploads\/2025\/05\/wp-header-logo-291.png",960,540,false],"newsium-medium":["https:\/\/fmamiga909.com.ar\/wp-content\/uploads\/2025\/05\/wp-header-logo-291-720x475.png",720,475,true]},"author_info":{"display_name":"Fredy Giuliano","author_link":"https:\/\/fmamiga909.com.ar\/?author=3"},"category_info":"<a href=\"https:\/\/fmamiga909.com.ar\/?cat=21\" rel=\"category\">Deportes<\/a>","tag_info":"Deportes","comment_count":"0","_links":{"self":[{"href":"https:\/\/fmamiga909.com.ar\/index.php?rest_route=\/wp\/v2\/posts\/21064","targetHints":{"allow":["GET"]}}],"collection":[{"href":"https:\/\/fmamiga909.com.ar\/index.php?rest_route=\/wp\/v2\/posts"}],"about":[{"href":"https:\/\/fmamiga909.com.ar\/index.php?rest_route=\/wp\/v2\/types\/post"}],"author":[{"embeddable":true,"href":"https:\/\/fmamiga909.com.ar\/index.php?rest_route=\/wp\/v2\/users\/3"}],"replies":[{"embeddable":true,"href":"https:\/\/fmamiga909.com.ar\/index.php?rest_route=%2Fwp%2Fv2%2Fcomments&post=21064"}],"version-history":[{"count":0,"href":"https:\/\/fmamiga909.com.ar\/index.php?rest_route=\/wp\/v2\/posts\/21064\/revisions"}],"wp:featuredmedia":[{"embeddable":true,"href":"https:\/\/fmamiga909.com.ar\/index.php?rest_route=\/wp\/v2\/media\/21065"}],"wp:attachment":[{"href":"https:\/\/fmamiga909.com.ar\/index.php?rest_route=%2Fwp%2Fv2%2Fmedia&parent=21064"}],"wp:term":[{"taxonomy":"category","embeddable":true,"href":"https:\/\/fmamiga909.com.ar\/index.php?rest_route=%2Fwp%2Fv2%2Fcategories&post=21064"},{"taxonomy":"post_tag","embeddable":true,"href":"https:\/\/fmamiga909.com.ar\/index.php?rest_route=%2Fwp%2Fv2%2Ftags&post=21064"}],"curies":[{"name":"wp","href":"https:\/\/api.w.org\/{rel}","templated":true}]}}