{"id":21084,"date":"2025-05-26T20:54:26","date_gmt":"2025-05-26T20:54:26","guid":{"rendered":"https:\/\/fmamiga909.com.ar\/?p=21084"},"modified":"2025-05-26T20:54:26","modified_gmt":"2025-05-26T20:54:26","slug":"carlo-ancelotti-ya-hace-de-lider-en-brasil","status":"publish","type":"post","link":"https:\/\/fmamiga909.com.ar\/?p=21084","title":{"rendered":"Carlo Ancelotti ya hace de l\u00edder en Brasil"},"content":{"rendered":"<div><!-- Body --><\/p>\n<p><b><a href=\"https:\/\/www.pagina12.com.ar\/825160-brasil-ancelotti-y-una-espera-de-60-anos\">Carlo Ancelotti<\/a> fue presentando como nuevo entrenador de Brasil<\/b>, realiz\u00f3 su primera convocatoria  (tanto de jugadores como de hinchas) y tuvo que explicar por qu\u00e9 dej\u00f3 afuera a Neymar, todo en un lunes muy atareado para el italiano de 65 a\u00f1os, quien afirm\u00f3 que es <b>\u00abun orgullo comandar la mejor Selecci\u00f3n del mundo\u00bb<\/b>.<\/p>\n<p>\u00abLas primeras impresiones son muy bonitas. Es un honor y un gran orgullo comandar la mejor Selecci\u00f3n del mundo\u00bb, afirm\u00f3 Ancelotti, quien como buen l\u00edder tambi\u00e9n convoc\u00f3 a los hinchas durante la conferencia de prensa a la que acudieron cerca de 500 periodistas: \u00abVamos juntos. Necesitamos de todos. <b>Ganar un Mundial no puede ser apenas el objetivo de 23 jugadores y del equipo t\u00e9cnico. Tiene que ser el objetivo, la motivaci\u00f3n de un pa\u00eds entero<\/b>, con un amor incondicional a la Selecci\u00f3n. Ese es un aspecto que puede ayudar mucho en la preparaci\u00f3n\u00bb.<\/p>\n<p>\u00abCarletto\u00bb aprovech\u00f3 la ocasi\u00f3n y tambi\u00e9n hizo p\u00fablica su <b>primera lista de convocados<\/b> para la pr\u00f3xima doble fecha de Eliminatorias, donde incluy\u00f3 a viejos conocidos suyos como <b>Casemiro <\/b>(exReal Madrid, desde hace dos temporadas en el Manchester United) y <b>Vinicius Jr. <\/b>(actualmente en el Merengue).<\/p>\n<div class=\"iframely-embed medium-embedded-content\" data-html=\"Jmx0O2Jsb2NrcXVvdGUgY2xhc3M9InR3aXR0ZXItdHdlZXQiIGRhdGEtZG50PSJ0cnVlIiBhbGlnbj0iY2VudGVyIiZndDsmbHQ7cCBsYW5nPSJwdCIgZGlyPSJsdHIiJmd0O1RJTUUgQ09OVk9DQURPISDwn4en8J+HtyZsdDticiZndDsgJmx0O2JyJmd0O08gdHJlaW5hZG9yIGRhIFNlbGXDp8OjbyBCcmFzaWxlaXJhLCBDYXJsbyBBbmNlbG90dGksIGFudW5jaW91IG5lc3RhIHNlZ3VuZGEtZmVpcmEgKDI2KSBhIGxpc3RhIGRvcyBjb252b2NhZG9zIHBhcmEgb3Mgam9nb3MgY29udHJhIEVxdWFkb3IgZSBQYXJhZ3VhaSwgcGVsYXMgRWxpbWluYXTDs3JpYXMgZGEgQ29wYSBkbyBNdW5kbyAyMDI2LiZsdDticiZndDsmbHQ7YnImZ3Q7SVNTTyDDiSBCUkFTSUwhIPCfh6fwn4e3ICZsdDthIGhyZWY9Imh0dHBzOi8vdC5jby9vWVdZZzdSOG1oIiZndDtwaWMudHdpdHRlci5jb20vb1lXWWc3UjhtaCZsdDsvYSZndDsmbHQ7L3AmZ3Q7JmFtcDttZGFzaDsgQ0JGIEZ1dGVib2wgKEBDQkZfRnV0ZWJvbCkgJmx0O2EgaHJlZj0iaHR0cHM6Ly90d2l0dGVyLmNvbS9DQkZfRnV0ZWJvbC9zdGF0dXMvMTkyNzA4MzY0NDE0NjgxOTM5Nj9yZWZfc3JjPXR3c3JjJTVFdGZ3IiZndDtNYXkgMjYsIDIwMjUmbHQ7L2EmZ3Q7Jmx0Oy9ibG9ja3F1b3RlJmd0OwombHQ7c2NyaXB0IGFzeW5jIHNyYz0iaHR0cHM6Ly9wbGF0Zm9ybS50d2l0dGVyLmNvbS93aWRnZXRzLmpzIiBjaGFyc2V0PSJ1dGYtOCImZ3Q7Jmx0Oy9zY3JpcHQmZ3Q7CgombHQ7ZGl2IGNsYXNzPSJtZWRpdW0taW5zZXJ0LWVtYmVkcy1tZXRhIiZndDsmbHQ7c2NyaXB0IHR5cGU9InRleHQvanNvbiImZ3Q7eyJ1cmwiOiJodHRwczovL3R3aXR0ZXIuY29tL0NCRl9GdXRlYm9sL3N0YXR1cy8xOTI3MDgzNjQ0MTQ2ODE5Mzk2IiwidHlwZSI6InJpY2giLCJ2ZXJzaW9uIjoiMS4wIiwidGl0bGUiOiJDQkYgRnV0ZWJvbCBvbiBUd2l0dGVyIC8gWCIsImF1dGhvciI6IkNCRiBGdXRlYm9sIiwiYXV0aG9yX3VybCI6Imh0dHBzOi8vdHdpdHRlci5jb20vQ0JGX0Z1dGVib2wiLCJwcm92aWRlcl9uYW1lIjoiVHdpdHRlciIsImRlc2NyaXB0aW9uIjoiVElNRSBDT05WT0NBRE8hIPCfh6fwn4e3IE8gdHJlaW5hZG9yIGRhIFNlbGXDp8OjbyBCcmFzaWxlaXJhLCBDYXJsbyBBbmNlbG90dGksIGFudW5jaW91IG5lc3RhIHNlZ3VuZGEtZmVpcmEgKDI2KSBhIGxpc3RhIGRvcyBjb252b2NhZG9zIHBhcmEgb3Mgam9nb3MgY29udHJhIEVxdWFkb3IgZSBQYXJhZ3VhaSwgcGVsYXMgRWxpbWluYXTDs3JpYXMgZGEgQ29wYSBkbyBNdW5kbyAyMDI2LklTU08gw4kgQlJBU0lMISDwn4en8J+HtyBwaWMudHdpdHRlci5jb20vb1lXWWc3UjhtaOKAlCBDQkYgRnV0ZWJvbCAoQENCRl9GdXRlYm9sKSBNYXkgMjYsIDIwMjVcblxuXG4iLCJ0aHVtYm5haWxfdXJsIjoiaHR0cHM6Ly9wYnMudHdpbWcuY29tL21lZGlhL0dyNWdXOGRXWUFBUWJnbi5qcGc6bGFyZ2UiLCJ0aHVtYm5haWxfd2lkdGgiOjE2MzgsInRodW1ibmFpbF9oZWlnaHQiOjIwNDgsImNhY2hlX2FnZSI6ODY0MDAsIm9wdGlvbnMiOnsiX2hpZGVfbWVkaWEiOnsibGFiZWwiOiJIaWRlIHBob3RvcywgdmlkZW9zLCBhbmQgY2FyZHMiLCJ2YWx1ZSI6ZmFsc2V9LCJfdGhlbWUiOnsidmFsdWUiOiIiLCJ2YWx1ZXMiOnsiZGFyayI6IlVzZSBkYXJrIHRoZW1lIn19LCJfbWF4d2lkdGgiOnsidmFsdWUiOiIiLCJsYWJlbCI6IkFkanVzdCB3aWR0aCIsInBsYWNlaG9sZGVyIjoiMjIwLTU1MCwgaW4gcHgifX19Jmx0Oy9zY3JpcHQmZ3Q7Jmx0Oy9kaXYmZ3Q7\">\n                <a data-iframely-url=\"\" href=\"https:\/\/twitter.com\/CBF_Futebol\/status\/1927083644146819396\">https:\/\/twitter.com\/CBF_Futebol\/status\/1927083644146819396<\/a>\n              <\/div>\n<p>En tanto, <b>dej\u00f3 afuera a Neymar<\/b>, cuyo regreso a la Selecci\u00f3n  se hace esperar desde su vuelta al Santos.\u00a0\u00abIntent\u00e9 seleccionar los jugadores que est\u00e1n bien y <b>Neymar tuvo una lesi\u00f3n hace poco tiempo. Todo el mundo sabe que es un jugador muy importante y que siempre lo ser\u00e1<\/b>. Actualmente tenemos muchos jugadores que sufren lesiones y no pueden estar en la Selecci\u00f3n\u00bb, dijo el italiano.<\/p>\n<p>\u00abBrasil cuenta con \u00e9l. \u00c9l volvi\u00f3 a Brasil para prepararse bien para el Mundial. <b>Convers\u00e9 con \u00e9l este ma\u00f1ana para explicarle eso y \u00e9l dijo que estaba totalmente de acuerdo\u00bb<\/b>, agreg\u00f3 Ancelotti, quien tambi\u00e9n margin\u00f3 a jugadores lesionados o reci\u00e9n recuperados de su lesi\u00f3n como Endrick y Rodrygo (Real Madrid).<\/p>\n<p>Vale recordar que Neymar lleg\u00f3 a ser convocado por el anterior seleccionador brasile\u00f1o, Dorival J\u00fanior, para los partidos con Colombia y Argentina pero tuvo termin\u00f3 siendo marginado por lesi\u00f3n. El crack de 33 a\u00f1os estaba en la lista de 50 preconvocados por Ancelotti y<b> jug\u00f3 60 minutos en los dos \u00faltimos partidos del Santos, por lo que se esperaba su convocatoria,<\/b> pero finalmente se qued\u00f3 fuera de la lista.<\/p>\n<p>Ancelotti debutar\u00e1 con Brasil <b>el 5 de junio pr\u00f3ximo cuando visite al Ecuador de Sebasti\u00e1n Beccacece <\/b>en el Monumental de Guayaquil por las Eliminatorias, mientras que su presentaci\u00f3n como local ser\u00e1 <b>el 10 de junio en San Pablo contra el Paraguay de Gustavo Alfaro<\/b>.<\/p>\n<p><!-- Live Blog Post --><\/div>\n<p><script async src=\"\/\/platform.twitter.com\/widgets.js\" charset=\"utf-8\"><\/script><br \/><a href=\"https:\/\/www.pagina12.com.ar\/828898-carlo-ancelotti-ya-hace-de-lider-en-brasil\">source<\/a><\/p>\n","protected":false},"excerpt":{"rendered":"<p>Carlo Ancelotti fue presentando como nuevo entrenador de Brasil, realiz\u00f3 su primera convocatoria (tanto de&#8230;<\/p>\n","protected":false},"author":3,"featured_media":21085,"comment_status":"closed","ping_status":"closed","sticky":false,"template":"","format":"standard","meta":{"footnotes":""},"categories":[21],"tags":[],"class_list":["post-21084","post","type-post","status-publish","format-standard","has-post-thumbnail","hentry","category-deportes"],"featured_image_urls":{"full":["https:\/\/fmamiga909.com.ar\/wp-content\/uploads\/2025\/05\/wp-header-logo-299.png",960,540,false],"thumbnail":["https:\/\/fmamiga909.com.ar\/wp-content\/uploads\/2025\/05\/wp-header-logo-299-150x150.png",150,150,true],"medium":["https:\/\/fmamiga909.com.ar\/wp-content\/uploads\/2025\/05\/wp-header-logo-299-300x169.png",300,169,true],"medium_large":["https:\/\/fmamiga909.com.ar\/wp-content\/uploads\/2025\/05\/wp-header-logo-299.png",960,540,false],"large":["https:\/\/fmamiga909.com.ar\/wp-content\/uploads\/2025\/05\/wp-header-logo-299.png",640,360,false],"1536x1536":["https:\/\/fmamiga909.com.ar\/wp-content\/uploads\/2025\/05\/wp-header-logo-299.png",960,540,false],"2048x2048":["https:\/\/fmamiga909.com.ar\/wp-content\/uploads\/2025\/05\/wp-header-logo-299.png",960,540,false],"newsium-slider-full":["https:\/\/fmamiga909.com.ar\/wp-content\/uploads\/2025\/05\/wp-header-logo-299.png",960,540,false],"newsium-featured":["https:\/\/fmamiga909.com.ar\/wp-content\/uploads\/2025\/05\/wp-header-logo-299.png",960,540,false],"newsium-medium":["https:\/\/fmamiga909.com.ar\/wp-content\/uploads\/2025\/05\/wp-header-logo-299-720x475.png",720,475,true]},"author_info":{"display_name":"Fredy Giuliano","author_link":"https:\/\/fmamiga909.com.ar\/?author=3"},"category_info":"<a href=\"https:\/\/fmamiga909.com.ar\/?cat=21\" rel=\"category\">Deportes<\/a>","tag_info":"Deportes","comment_count":"0","_links":{"self":[{"href":"https:\/\/fmamiga909.com.ar\/index.php?rest_route=\/wp\/v2\/posts\/21084","targetHints":{"allow":["GET"]}}],"collection":[{"href":"https:\/\/fmamiga909.com.ar\/index.php?rest_route=\/wp\/v2\/posts"}],"about":[{"href":"https:\/\/fmamiga909.com.ar\/index.php?rest_route=\/wp\/v2\/types\/post"}],"author":[{"embeddable":true,"href":"https:\/\/fmamiga909.com.ar\/index.php?rest_route=\/wp\/v2\/users\/3"}],"replies":[{"embeddable":true,"href":"https:\/\/fmamiga909.com.ar\/index.php?rest_route=%2Fwp%2Fv2%2Fcomments&post=21084"}],"version-history":[{"count":0,"href":"https:\/\/fmamiga909.com.ar\/index.php?rest_route=\/wp\/v2\/posts\/21084\/revisions"}],"wp:featuredmedia":[{"embeddable":true,"href":"https:\/\/fmamiga909.com.ar\/index.php?rest_route=\/wp\/v2\/media\/21085"}],"wp:attachment":[{"href":"https:\/\/fmamiga909.com.ar\/index.php?rest_route=%2Fwp%2Fv2%2Fmedia&parent=21084"}],"wp:term":[{"taxonomy":"category","embeddable":true,"href":"https:\/\/fmamiga909.com.ar\/index.php?rest_route=%2Fwp%2Fv2%2Fcategories&post=21084"},{"taxonomy":"post_tag","embeddable":true,"href":"https:\/\/fmamiga909.com.ar\/index.php?rest_route=%2Fwp%2Fv2%2Ftags&post=21084"}],"curies":[{"name":"wp","href":"https:\/\/api.w.org\/{rel}","templated":true}]}}