{"id":21086,"date":"2025-05-26T21:05:08","date_gmt":"2025-05-26T21:05:08","guid":{"rendered":"https:\/\/fmamiga909.com.ar\/?p=21086"},"modified":"2025-05-26T21:05:08","modified_gmt":"2025-05-26T21:05:08","slug":"roland-garros-jornada-negra-para-los-tenistas-argentinos-en-paris","status":"publish","type":"post","link":"https:\/\/fmamiga909.com.ar\/?p=21086","title":{"rendered":"Roland Garros: jornada negra para los tenistas argentinos en Par\u00eds"},"content":{"rendered":"<div><!-- Body --><\/p>\n<p>Los argentinos no tuvieron una gran jornada este lunes en Roland Garros, dado que Sebasti\u00e1n B\u00e1ez, Tom\u00e1s Etcheverry, Francisco Cer\u00fandolo y Camilo Ugo Caraballi fueron eliminados en la primera ronda.\u00a0Este martes, Federico Agust\u00edn G\u00f3mez intentar\u00e1 avanzar a la siguiente instancia cuando se enfrente al estadounidense Aleksandar Kovacevic a partir de las 6. <\/p>\n<p>La ca\u00edda m\u00e1s impactante fue la de B\u00e1ez (38\u00b0). El oriundo de San Mart\u00edn ganaba por dos sets a cero ante el serbio Miomir Kecmanovic (46\u00b0), pero termin\u00f3 perdiendo 6-7 (3), 6-7 (3), 6-4, 6-2 y 6-2, para quedarse otra vez con las manos vac\u00edas en Par\u00eds.<\/p>\n<p>El bonaerense se desdibuj\u00f3 completamente en la segunda mitad del partido, acumul\u00f3 76 errores no forzados y cedi\u00f3 su servicio en 10 ocasiones.<\/p>\n<p><iframe style=\"border: 0px; position: absolute; top: 0px; left: 0px; height: 100%;\" allowfullscreen=\"\" frameborder=\"0\" src=\"https:\/\/www.youtube.com\/embed\/OOTCDxKgOSU\"><\/iframe><\/p>\n<p>Tambi\u00e9n se despidi\u00f3 en su debut Tom\u00e1s Etcheverry (29\u00b0), quien enfrent\u00f3 a un duro rival como Stefanos Tsitsipas (9\u00b0). El platense no logr\u00f3 inquietar al griego y cay\u00f3 en sets corridos por 7-5, 6-3 y 6-4.\u00a0<\/p>\n<p><iframe style=\"border: 0px; position: absolute; top: 0px; left: 0px; height: 100%;\" allowfullscreen=\"\" frameborder=\"0\" src=\"https:\/\/www.youtube.com\/embed\/OddaBrXEqSE\"><\/iframe><\/p>\n<p>M\u00e1s tarde, Francisco Cer\u00fandolo se sum\u00f3 a la lista de eliminados al perder ante Gabriel Diallo (54\u00b0) por 7-5, 6-3 y 6-4. Lejos de mostrar su mejor forma, Cer\u00fandolo no pudo encontrar respuestas frente al canadiense, que lo super\u00f3 con autoridad desde el servicio y domin\u00f3 cada intercambio.\u00a0<\/p>\n<p>Fran Cer\u00fandolo hab\u00eda arribado despertando expectativa, siendo el l\u00edder en victorias sobre polvo de ladrillo en el a\u00f1o (19). Pero el bonaerense vivi\u00f3 una pesadilla en Par\u00eds, nunca se sinti\u00f3 c\u00f3modo, s\u00f3lo pudo quebrarle el saque al norteamericano en una oportunidad y no estuvo firme con su poderoso drive ni con el saque, al que Diallo rompi\u00f3 cuatro veces. <\/p>\n<p><iframe style=\"border: 0px; position: absolute; top: 0px; left: 0px; height: 100%;\" allowfullscreen=\"\" frameborder=\"0\" src=\"https:\/\/www.youtube.com\/embed\/4hRnyWEiGnw\"><\/iframe><\/p>\n<p>\u00abPerd\u00f3n si no tengo muchas ganas de hablar\u00bb, asumi\u00f3<b>\u00a0<\/b>Cer\u00fandolo, el mejor tenista sudamericano y 18\u00b0 preclasificado en el Abierto de Francia, que acababa de recibir un mazazo en el min\u00fasculo Court 13 del Bois de Boulogne y mascullaba bronca en la zona mixta, aunque sin perder los modales.\u00a0<\/p>\n<p>Posteriormente, Camilo Ugo Carabelli (51\u00b0) tambi\u00e9n cay\u00f3 por 6-4, 6-1 y 7-5 ante el espa\u00f1ol Jaume Munar (57\u00b0), quien apost\u00f3 a forzar los errores del bonaerense para quedarse con la victoria.\u00a0<\/p>\n<p><iframe style=\"border: 0px; position: absolute; top: 0px; left: 0px; height: 100%;\" allowfullscreen=\"\" frameborder=\"0\" src=\"https:\/\/www.youtube.com\/embed\/NkqOCBfyX-0\"><\/iframe><\/p>\n<p>En el femenino, Julia Riera no pudo vencer a la kazaja Elena Rybakina y fue derrotada por 6-1, 4-6 y 6-4. Este martes, Solana Sierra y Mar\u00eda Lurdes Carl\u00e9 buscaran mejor suerte ante la kazaja Y\u00faliya Put\u00edntseva y la estadounidense Ann Li, respectivamente.<\/p>\n<p><!-- Live Blog Post --><\/div>\n<p><a href=\"https:\/\/www.pagina12.com.ar\/828904-roland-garros-jornada-negra-para-los-tenistas-argentinos-en-\">source<\/a><\/p>\n","protected":false},"excerpt":{"rendered":"<p>Los argentinos no tuvieron una gran jornada este lunes en Roland Garros, dado que Sebasti\u00e1n&#8230;<\/p>\n","protected":false},"author":3,"featured_media":21087,"comment_status":"closed","ping_status":"closed","sticky":false,"template":"","format":"standard","meta":{"footnotes":""},"categories":[21],"tags":[],"class_list":["post-21086","post","type-post","status-publish","format-standard","has-post-thumbnail","hentry","category-deportes"],"featured_image_urls":{"full":["https:\/\/fmamiga909.com.ar\/wp-content\/uploads\/2025\/05\/wp-header-logo-300.png",960,540,false],"thumbnail":["https:\/\/fmamiga909.com.ar\/wp-content\/uploads\/2025\/05\/wp-header-logo-300-150x150.png",150,150,true],"medium":["https:\/\/fmamiga909.com.ar\/wp-content\/uploads\/2025\/05\/wp-header-logo-300-300x169.png",300,169,true],"medium_large":["https:\/\/fmamiga909.com.ar\/wp-content\/uploads\/2025\/05\/wp-header-logo-300.png",960,540,false],"large":["https:\/\/fmamiga909.com.ar\/wp-content\/uploads\/2025\/05\/wp-header-logo-300.png",640,360,false],"1536x1536":["https:\/\/fmamiga909.com.ar\/wp-content\/uploads\/2025\/05\/wp-header-logo-300.png",960,540,false],"2048x2048":["https:\/\/fmamiga909.com.ar\/wp-content\/uploads\/2025\/05\/wp-header-logo-300.png",960,540,false],"newsium-slider-full":["https:\/\/fmamiga909.com.ar\/wp-content\/uploads\/2025\/05\/wp-header-logo-300.png",960,540,false],"newsium-featured":["https:\/\/fmamiga909.com.ar\/wp-content\/uploads\/2025\/05\/wp-header-logo-300.png",960,540,false],"newsium-medium":["https:\/\/fmamiga909.com.ar\/wp-content\/uploads\/2025\/05\/wp-header-logo-300-720x475.png",720,475,true]},"author_info":{"display_name":"Fredy Giuliano","author_link":"https:\/\/fmamiga909.com.ar\/?author=3"},"category_info":"<a href=\"https:\/\/fmamiga909.com.ar\/?cat=21\" rel=\"category\">Deportes<\/a>","tag_info":"Deportes","comment_count":"0","_links":{"self":[{"href":"https:\/\/fmamiga909.com.ar\/index.php?rest_route=\/wp\/v2\/posts\/21086","targetHints":{"allow":["GET"]}}],"collection":[{"href":"https:\/\/fmamiga909.com.ar\/index.php?rest_route=\/wp\/v2\/posts"}],"about":[{"href":"https:\/\/fmamiga909.com.ar\/index.php?rest_route=\/wp\/v2\/types\/post"}],"author":[{"embeddable":true,"href":"https:\/\/fmamiga909.com.ar\/index.php?rest_route=\/wp\/v2\/users\/3"}],"replies":[{"embeddable":true,"href":"https:\/\/fmamiga909.com.ar\/index.php?rest_route=%2Fwp%2Fv2%2Fcomments&post=21086"}],"version-history":[{"count":0,"href":"https:\/\/fmamiga909.com.ar\/index.php?rest_route=\/wp\/v2\/posts\/21086\/revisions"}],"wp:featuredmedia":[{"embeddable":true,"href":"https:\/\/fmamiga909.com.ar\/index.php?rest_route=\/wp\/v2\/media\/21087"}],"wp:attachment":[{"href":"https:\/\/fmamiga909.com.ar\/index.php?rest_route=%2Fwp%2Fv2%2Fmedia&parent=21086"}],"wp:term":[{"taxonomy":"category","embeddable":true,"href":"https:\/\/fmamiga909.com.ar\/index.php?rest_route=%2Fwp%2Fv2%2Fcategories&post=21086"},{"taxonomy":"post_tag","embeddable":true,"href":"https:\/\/fmamiga909.com.ar\/index.php?rest_route=%2Fwp%2Fv2%2Ftags&post=21086"}],"curies":[{"name":"wp","href":"https:\/\/api.w.org\/{rel}","templated":true}]}}