{"id":21098,"date":"2025-05-27T00:36:45","date_gmt":"2025-05-27T00:36:45","guid":{"rendered":"https:\/\/fmamiga909.com.ar\/?p=21098"},"modified":"2025-05-27T00:36:45","modified_gmt":"2025-05-27T00:36:45","slug":"independiente-pidio-mover-el-partido-por-los-16avos-de-copa-argentina","status":"publish","type":"post","link":"https:\/\/fmamiga909.com.ar\/?p=21098","title":{"rendered":"Independiente pidi\u00f3 mover el partido por los 16avos de Copa Argentina\u00a0"},"content":{"rendered":"<div><!-- Body --><\/p>\n<p>La Comisi\u00f3n Directiva de Independiente solicit\u00f3 este lunes un cambio de fecha para el partido programado para el mi\u00e9rcoles 4 de junio frente a Gimnasia de Mendoza, correspondiente a los 16avos de final de la Copa Argentina.<\/p>\n<p>Luego de la derrota por penales del s\u00e1bado pasado ante Hurac\u00e1n por la Liga Profesional, el Rojo deber\u00e1 medirse ante Nacional de Potos\u00ed, en condici\u00f3n de local, este mi\u00e9rcoles desde las 19, por la \u00faltima fecha del Grupo A de la Copa Sudamericana.<\/p>\n<p>Adem\u00e1s, en el medio de ese choque por el certamen federal frente a los mendocinos tendr\u00e1 lugar la doble fecha FIFA por las Eliminatorias Sudamericanas. En este punto, el conjunto de Avellaneda no podr\u00e1 contar con el delantero Gabriel Avalos, convocado por la selecci\u00f3n de Paraguay, y los chilenos Luciano Cabral y Felipe Loyola.<\/p>\n<p>De esta manera, si se da la postergaci\u00f3n del duelo, los dirigidos por Julio Vaccari despedir\u00e1n el semestre ante los bolivianos con la b\u00fasqueda del pase directo a los octavos de final del certamen internacional.<\/p>\n<p>Actualmente, Independiente se ubica en la primera plaza del Grupo A de la Sudamericana con 9 puntos, pero una derrota en el Libertadores de Am\u00e9rica podr\u00eda dejarlo en zona de play-offs (deber\u00e1 enfrentar a alg\u00fan tercer clasificado de la Copa Libertadores) o incluso eliminado definitivamente de la misma si Guaran\u00ed suma de a tres ante Boston River.<\/p>\n<p><!-- Live Blog Post --><\/div>\n<p><a href=\"https:\/\/www.pagina12.com.ar\/828971-independiente-pidio-mover-el-partido-por-los-16-avos-de-copa\">source<\/a><\/p>\n","protected":false},"excerpt":{"rendered":"<p>La Comisi\u00f3n Directiva de Independiente solicit\u00f3 este lunes un cambio de fecha para el partido&#8230;<\/p>\n","protected":false},"author":3,"featured_media":21099,"comment_status":"closed","ping_status":"closed","sticky":false,"template":"","format":"standard","meta":{"footnotes":""},"categories":[21],"tags":[],"class_list":["post-21098","post","type-post","status-publish","format-standard","has-post-thumbnail","hentry","category-deportes"],"featured_image_urls":{"full":["https:\/\/fmamiga909.com.ar\/wp-content\/uploads\/2025\/05\/wp-header-logo-306.png",960,540,false],"thumbnail":["https:\/\/fmamiga909.com.ar\/wp-content\/uploads\/2025\/05\/wp-header-logo-306-150x150.png",150,150,true],"medium":["https:\/\/fmamiga909.com.ar\/wp-content\/uploads\/2025\/05\/wp-header-logo-306-300x169.png",300,169,true],"medium_large":["https:\/\/fmamiga909.com.ar\/wp-content\/uploads\/2025\/05\/wp-header-logo-306.png",960,540,false],"large":["https:\/\/fmamiga909.com.ar\/wp-content\/uploads\/2025\/05\/wp-header-logo-306.png",640,360,false],"1536x1536":["https:\/\/fmamiga909.com.ar\/wp-content\/uploads\/2025\/05\/wp-header-logo-306.png",960,540,false],"2048x2048":["https:\/\/fmamiga909.com.ar\/wp-content\/uploads\/2025\/05\/wp-header-logo-306.png",960,540,false],"newsium-slider-full":["https:\/\/fmamiga909.com.ar\/wp-content\/uploads\/2025\/05\/wp-header-logo-306.png",960,540,false],"newsium-featured":["https:\/\/fmamiga909.com.ar\/wp-content\/uploads\/2025\/05\/wp-header-logo-306.png",960,540,false],"newsium-medium":["https:\/\/fmamiga909.com.ar\/wp-content\/uploads\/2025\/05\/wp-header-logo-306-720x475.png",720,475,true]},"author_info":{"display_name":"Fredy Giuliano","author_link":"https:\/\/fmamiga909.com.ar\/?author=3"},"category_info":"<a href=\"https:\/\/fmamiga909.com.ar\/?cat=21\" rel=\"category\">Deportes<\/a>","tag_info":"Deportes","comment_count":"0","_links":{"self":[{"href":"https:\/\/fmamiga909.com.ar\/index.php?rest_route=\/wp\/v2\/posts\/21098","targetHints":{"allow":["GET"]}}],"collection":[{"href":"https:\/\/fmamiga909.com.ar\/index.php?rest_route=\/wp\/v2\/posts"}],"about":[{"href":"https:\/\/fmamiga909.com.ar\/index.php?rest_route=\/wp\/v2\/types\/post"}],"author":[{"embeddable":true,"href":"https:\/\/fmamiga909.com.ar\/index.php?rest_route=\/wp\/v2\/users\/3"}],"replies":[{"embeddable":true,"href":"https:\/\/fmamiga909.com.ar\/index.php?rest_route=%2Fwp%2Fv2%2Fcomments&post=21098"}],"version-history":[{"count":0,"href":"https:\/\/fmamiga909.com.ar\/index.php?rest_route=\/wp\/v2\/posts\/21098\/revisions"}],"wp:featuredmedia":[{"embeddable":true,"href":"https:\/\/fmamiga909.com.ar\/index.php?rest_route=\/wp\/v2\/media\/21099"}],"wp:attachment":[{"href":"https:\/\/fmamiga909.com.ar\/index.php?rest_route=%2Fwp%2Fv2%2Fmedia&parent=21098"}],"wp:term":[{"taxonomy":"category","embeddable":true,"href":"https:\/\/fmamiga909.com.ar\/index.php?rest_route=%2Fwp%2Fv2%2Fcategories&post=21098"},{"taxonomy":"post_tag","embeddable":true,"href":"https:\/\/fmamiga909.com.ar\/index.php?rest_route=%2Fwp%2Fv2%2Ftags&post=21098"}],"curies":[{"name":"wp","href":"https:\/\/api.w.org\/{rel}","templated":true}]}}