{"id":21102,"date":"2025-05-27T15:42:45","date_gmt":"2025-05-27T15:42:45","guid":{"rendered":"https:\/\/fmamiga909.com.ar\/?p=21102"},"modified":"2025-05-27T15:42:45","modified_gmt":"2025-05-27T15:42:45","slug":"colapinto-cumple-los-hitos-de-su-paso-por-la-formula-1-y-cuando-vuelve-a-correr","status":"publish","type":"post","link":"https:\/\/fmamiga909.com.ar\/?p=21102","title":{"rendered":"Colapinto cumple: los hitos de su paso por la F\u00f3rmula 1 y cu\u00e1ndo vuelve a correr"},"content":{"rendered":"<div><!-- Body --><\/p>\n<p>Este martes <b>el piloto argentino <a href=\"https:\/\/www.pagina12.com.ar\/828640-que-dijo-franco-colapinto-tras-la-carrera-en-monaco\">Franco Colapinto<\/a> cumple 22 a\u00f1os de edad<\/b>. El corredor de <b>F\u00f3rmula 1\u00a0<\/b> viene de hacer una gran carrera en el <b>Gran Premio de M\u00f3naco<\/b> y ya se prepara para el <b>GP de Espa\u00f1a<\/b>. El saludo de <b>Alpine<\/b>, lo que dej\u00f3 su \u00faltima carrera, hitos de su paso por F1 y el cronograma para lo que viene. <\/p>\n<h3\/>\n<p><b>\u00ab\u00a1Feliz cumplea\u00f1os!\u00bb<\/b>, dice la primer publicaci\u00f3n de la escuder\u00eda Alpine. <b>\u00ab\u00bfNo te vuelve loco lo r\u00e1pido que cambia la noche?\u00bb<\/b>, escribieron en un segundo <i>post <\/i>en sus redes sociales. Ese posteo est\u00e1 acompa\u00f1ado de una imagen de Colapinto cuando era un ni\u00f1o y otra actual ya como piloto de F\u00f3rmula 1: dicen \u00abc\u00f3mo comenz\u00f3\u00bb y \u00abc\u00f3mo le est\u00e1 yendo\u00bb respectivamente.\u00a0<\/p>\n<div class=\"iframely-embed medium-embedded-content\" data-html=\"Jmx0O2Jsb2NrcXVvdGUgY2xhc3M9InR3aXR0ZXItdHdlZXQiIGRhdGEtZG50PSJ0cnVlIiBhbGlnbj0iY2VudGVyIiZndDsmbHQ7cCBsYW5nPSJlbiIgZGlyPSJsdHIiJmd0OyZhbXA7cXVvdDtEb2VzIGl0IGV2ZXIgZHJpdmUgeW91IGNyYXp5IGp1c3QgaG93IGZhc3QgdGhlIG5pZ2h0IGNoYW5nZXMmYW1wO3F1b3Q7IPCfjrYgJmx0O2EgaHJlZj0iaHR0cHM6Ly90LmNvL0E5TFY0UjJiRFAiJmd0O3BpYy50d2l0dGVyLmNvbS9BOUxWNFIyYkRQJmx0Oy9hJmd0OyZsdDsvcCZndDsmYW1wO21kYXNoOyBCV1QgQWxwaW5lIEZvcm11bGEgT25lIFRlYW0gKEBBbHBpbmVGMVRlYW0pICZsdDthIGhyZWY9Imh0dHBzOi8vdHdpdHRlci5jb20vQWxwaW5lRjFUZWFtL3N0YXR1cy8xOTI3MzI4NzE0NTY5NzI4MTIwP3JlZl9zcmM9dHdzcmMlNUV0ZnciJmd0O01heSAyNywgMjAyNSZsdDsvYSZndDsmbHQ7L2Jsb2NrcXVvdGUmZ3Q7CiZsdDtzY3JpcHQgYXN5bmMgc3JjPSJodHRwczovL3BsYXRmb3JtLnR3aXR0ZXIuY29tL3dpZGdldHMuanMiIGNoYXJzZXQ9InV0Zi04IiZndDsmbHQ7L3NjcmlwdCZndDsKCiZsdDtkaXYgY2xhc3M9Im1lZGl1bS1pbnNlcnQtZW1iZWRzLW1ldGEiJmd0OyZsdDtzY3JpcHQgdHlwZT0idGV4dC9qc29uIiZndDt7InVybCI6Imh0dHBzOi8vdHdpdHRlci5jb20vQWxwaW5lRjFUZWFtL3N0YXR1cy8xOTI3MzI4NzE0NTY5NzI4MTIwIiwidHlwZSI6InJpY2giLCJ2ZXJzaW9uIjoiMS4wIiwidGl0bGUiOiJCV1QgQWxwaW5lIEZvcm11bGEgT25lIFRlYW0gb24gVHdpdHRlciAvIFgiLCJhdXRob3IiOiJCV1QgQWxwaW5lIEZvcm11bGEgT25lIFRlYW0iLCJhdXRob3JfdXJsIjoiaHR0cHM6Ly90d2l0dGVyLmNvbS9BbHBpbmVGMVRlYW0iLCJwcm92aWRlcl9uYW1lIjoiVHdpdHRlciIsImRlc2NyaXB0aW9uIjoiXCJEb2VzIGl0IGV2ZXIgZHJpdmUgeW91IGNyYXp5IGp1c3QgaG93IGZhc3QgdGhlIG5pZ2h0IGNoYW5nZXNcIiDwn462IHBpYy50d2l0dGVyLmNvbS9BOUxWNFIyYkRQ4oCUIEJXVCBBbHBpbmUgRm9ybXVsYSBPbmUgVGVhbSAoQEFscGluZUYxVGVhbSkgTWF5IDI3LCAyMDI1XG5cblxuIiwidGh1bWJuYWlsX3VybCI6Imh0dHBzOi8vcGJzLnR3aW1nLmNvbS9tZWRpYS9HcjgtbExLWG9BQTNvMGQuanBnOmxhcmdlIiwidGh1bWJuYWlsX3dpZHRoIjoxMDgwLCJ0aHVtYm5haWxfaGVpZ2h0IjoxMzUwLCJjYWNoZV9hZ2UiOjg2NDAwLCJvcHRpb25zIjp7Il9oaWRlX21lZGlhIjp7ImxhYmVsIjoiSGlkZSBwaG90b3MsIHZpZGVvcywgYW5kIGNhcmRzIiwidmFsdWUiOmZhbHNlfSwiX3RoZW1lIjp7InZhbHVlIjoiIiwidmFsdWVzIjp7ImRhcmsiOiJVc2UgZGFyayB0aGVtZSJ9fSwiX21heHdpZHRoIjp7InZhbHVlIjoiIiwibGFiZWwiOiJBZGp1c3Qgd2lkdGgiLCJwbGFjZWhvbGRlciI6IjIyMC01NTAsIGluIHB4In19fSZsdDsvc2NyaXB0Jmd0OyZsdDsvZGl2Jmd0Ow==\">\n                <a data-iframely-url=\"\" href=\"https:\/\/twitter.com\/AlpineF1Team\/status\/1927328714569728120\">https:\/\/twitter.com\/AlpineF1Team\/status\/1927328714569728120<\/a>\n              <\/div>\n<p>Y es que el oriundo de Pilar viene de tener una destacada actuaci\u00f3n en el GP de M\u00f3naco. Tras arrancar 18\u00ba, logr\u00f3 remontar 5 puestos y acab\u00f3 13\u00ba, en un circuito que debido a su estrechez <b>se caracteriza por su dificultad para los sobrepasos<\/b>. De hecho en 2003, por ejemplo, no hubo ni un solo adelantamiento en toda la carrera.\u00a0<\/p>\n<p>Adem\u00e1s, la realidad es que el argentino <b>se est\u00e1 acostumbrando a un nuevo auto que es muy diferente al que conduc\u00eda en Williams<\/b>. Y ya en la segunda carrera le toc\u00f3 quiz\u00e1 una de las pistas m\u00e1s complejas de la temporada.\u00a0<\/p>\n<p>\u00ab<b>Tengo un aler\u00f3n medio viejo,<\/b> pero creo que vamos a poder hacer un buen trabajo. El auto va bien en curvas r\u00e1pidas, <b>le cuesta m\u00e1s en curvas lentas.\u00a0<\/b>En las pr\u00e1cticas libres (de Imola) <b>me costaba llegar al l\u00edmite de velocidad, es un auto duro<\/b>, es dif\u00edcil de sentir lo que hace el auto. <b>El de Williams era un auto muy blando<\/b>. Se sent\u00eda mucho el movimiento de atr\u00e1s, en este al ser tan r\u00edgido y duro, no. <b>Al no estar acostumbrado al auto no tengo la sensibilidad todav\u00eda<\/b>\u00ab. advirti\u00f3 Colapinto en la previa de la \u00faltima carrera.\u00a0<\/p>\n<h2>Hitos y r\u00e9cords de Colapinto en F\u00f3rmula 1\u00a0<\/h2>\n<h3>Estreno en F\u00f3rmula 1\u00a0<\/h3>\n<p>El 5 de junio de 2023 Colapinto corri\u00f3 la pr\u00e1ctica libre 1 del GP de Gran Breta\u00f1a, en la que sali\u00f3 18\u00aa a cuatro d\u00e9cimas de su futuro compa\u00f1ero Alex Albon, de Williams.<\/p>\n<h3>Debut oficial en F\u00f3rmula 1\u00a0<\/h3>\n<p>En agosto se dio a conocer la gran noticia: <b>Williams <\/b>decidi\u00f3 correr a <b>Logan Sargeant<\/b> por sus malos resultados y <b>le dio el asiento a Colapinto para que terminara la temporada a falta de nueve carreras<\/b>. Su <b>debut<\/b> fue en el 1 de septiembre en <b>Monza<\/b>. <b>Comenz\u00f3 la carrera 18\u00ba y sali\u00f3 12\u00ba<\/b>.\u00a0<\/p>\n<h3><span>Sus primeros puntos<\/span><\/h3>\n<p>En el GP de Bak\u00fa a mediados de septiembre<b> se convirti\u00f3 en el primer argentino en 42 a\u00f1os en sumar puntos en una carrera de F\u00f3rmula 1<\/b>. Parti\u00f3 <b>octavo,<\/b>\u00a0pudo defender su posici\u00f3n y sum\u00f3 4 unidades. Ese fin de semana tambi\u00e9n alcanz\u00f3 por primera vez el \u00faltimo corte clasificatorio, m\u00e1s conocido como Q3.<\/p>\n<h3>Gran largada en Singapur<\/h3>\n<p>A la semana corri\u00f3 su primera carrera nocturna y su largada quedar\u00e1 en la memoria de muchos: arranc\u00f3 12\u00ba, pero en la primera curva ya estaba 9\u00ba.\u00a0<\/p>\n<div class=\"iframely-embed medium-embedded-content\" data-html=\"Jmx0O2RpdiZndDsmbHQ7ZGl2IHN0eWxlPSJsZWZ0OiAwOyB3aWR0aDogMTAwJTsgaGVpZ2h0OiAwOyBwb3NpdGlvbjogcmVsYXRpdmU7IHBhZGRpbmctYm90dG9tOiA1Ni40NTgzJTsiJmd0OyZsdDtpZnJhbWUgc3JjPSJodHRwczovL2lmcmFtZWx5LnBhZ2luYTEyLmNvbS5hci9hcGkvaWZyYW1lP2NsaWNrX3RvX3BsYXk9MSZhbXA7dXJsPWh0dHBzJTNBJTJGJTJGZ2VvLmRhaWx5bW90aW9uLmNvbSUyRnBsYXllciUyRnh0NWVlLmh0bWwlM0Z2aWRlbyUzRHg5NjNyY20mYW1wO2tleT00Njc2YjVmZGMwODMyNTdlYTg3ZjcxNjA4Yzc0ZTlmZSIgc3R5bGU9InRvcDogMDsgbGVmdDogMDsgd2lkdGg6IDEwMCU7IGhlaWdodDogMTAwJTsgcG9zaXRpb246IGFic29sdXRlOyBib3JkZXI6IDA7IiBhbGxvd2Z1bGxzY3JlZW4gc2Nyb2xsaW5nPSJubyIgYWxsb3c9ImVuY3J5cHRlZC1tZWRpYSAqOyImZ3Q7Jmx0Oy9pZnJhbWUmZ3Q7Jmx0Oy9kaXYmZ3Q7Jmx0Oy9kaXYmZ3Q7Jmx0O2RpdiBjbGFzcz0ibWVkaXVtLWluc2VydC1lbWJlZHMtbWV0YSImZ3Q7Jmx0O3NjcmlwdCB0eXBlPSJ0ZXh0L2pzb24iJmd0O3sidXJsIjoiaHR0cHM6Ly9nZW8uZGFpbHltb3Rpb24uY29tL3BsYXllci94dDVlZS5odG1sP3ZpZGVvPXg5NjNyY20iLCJ0eXBlIjoidmlkZW8iLCJ2ZXJzaW9uIjoiMS4wIiwidGl0bGUiOiJDb2xhcGludG8gaGFjZSB1biBcImRpdmVib21iXCIgZW4gbGEgbGFyZ2EgZGVsIEdyYW4gUHJlbWlvIGRlIFNpbmdhcHVyIDIwMjQiLCJhdXRob3IiOiJQw6FnaW5hMTIiLCJhdXRob3JfdXJsIjoiaHR0cHM6Ly93d3cuZGFpbHltb3Rpb24uY29tL1BhZ2luYTEyIiwicHJvdmlkZXJfbmFtZSI6IkRhaWx5bW90aW9uIiwiZGVzY3JpcHRpb24iOiJDcsOpZGl0bzogRm9ybXVsYSAxIiwidGh1bWJuYWlsX3VybCI6Imh0dHBzOi8vczIuZG1jZG4ubmV0L3YvWDMzU3MxZThuTUtPNXBjSWMveDcyMCIsInRodW1ibmFpbF93aWR0aCI6MTI4MCwidGh1bWJuYWlsX2hlaWdodCI6NzIwLCJjYWNoZV9hZ2UiOjYwfSZsdDsvc2NyaXB0Jmd0OyZsdDsvZGl2Jmd0Ow==\">\n                <a data-iframely-url=\"\" href=\"https:\/\/geo.dailymotion.com\/player\/xt5ee.html?video=x963rcm\">https:\/\/geo.dailymotion.com\/player\/xt5ee.html?video=x963rcm<\/a>\n              <\/div>\n<h3>Su quinto punto y el mejor sobrepaso de 2024<\/h3>\n<p><b>En el GP de Austin, Estados Unidos, sali\u00f3 10\u00ba y sum\u00f3 otro punto<\/b> para llegar a 5. Pero, adem\u00e1s, su sobrepaso al dos veces campe\u00f3n de F1 el espa\u00f1ol <b>Fernando Alonso<\/b> fue elegido como el <b>mejor adelantamiento de 2024<\/b>.<\/p>\n<div class=\"iframely-embed medium-embedded-content\" data-html=\"Jmx0O2RpdiZndDsmbHQ7ZGl2IHN0eWxlPSJsZWZ0OiAwOyB3aWR0aDogMTAwJTsgaGVpZ2h0OiAwOyBwb3NpdGlvbjogcmVsYXRpdmU7IHBhZGRpbmctYm90dG9tOiA1Ni4wNDE3JTsiJmd0OyZsdDtpZnJhbWUgc3JjPSJodHRwczovL2lmcmFtZWx5LnBhZ2luYTEyLmNvbS5hci9hcGkvaWZyYW1lP2NsaWNrX3RvX3BsYXk9MSZhbXA7dXJsPWh0dHBzJTNBJTJGJTJGZ2VvLmRhaWx5bW90aW9uLmNvbSUyRnBsYXllciUyRnh0NWVlLmh0bWwlM0Z2aWRlbyUzRHg5N3VkNWsmYW1wO2tleT00Njc2YjVmZGMwODMyNTdlYTg3ZjcxNjA4Yzc0ZTlmZSIgc3R5bGU9InRvcDogMDsgbGVmdDogMDsgd2lkdGg6IDEwMCU7IGhlaWdodDogMTAwJTsgcG9zaXRpb246IGFic29sdXRlOyBib3JkZXI6IDA7IiBhbGxvd2Z1bGxzY3JlZW4gc2Nyb2xsaW5nPSJubyIgYWxsb3c9ImVuY3J5cHRlZC1tZWRpYSAqOyImZ3Q7Jmx0Oy9pZnJhbWUmZ3Q7Jmx0Oy9kaXYmZ3Q7Jmx0Oy9kaXYmZ3Q7Jmx0O2RpdiBjbGFzcz0ibWVkaXVtLWluc2VydC1lbWJlZHMtbWV0YSImZ3Q7Jmx0O3NjcmlwdCB0eXBlPSJ0ZXh0L2pzb24iJmd0O3sidXJsIjoiaHR0cHM6Ly9nZW8uZGFpbHltb3Rpb24uY29tL3BsYXllci94dDVlZS5odG1sP3ZpZGVvPXg5N3VkNWsiLCJ0eXBlIjoidmlkZW8iLCJ2ZXJzaW9uIjoiMS4wIiwidGl0bGUiOiJDb2xhcGludG8gY2VsZWJyw7MgY29uIHNlZ3VpZG9yZXMgeSBzdSBlcXVpcG8gZWwgR3JhbiBQcmVtaW8gZGUgQXVzdGluIDIwMjQiLCJhdXRob3IiOiJQw6FnaW5hMTIiLCJhdXRob3JfdXJsIjoiaHR0cHM6Ly93d3cuZGFpbHltb3Rpb24uY29tL1BhZ2luYTEyIiwicHJvdmlkZXJfbmFtZSI6IkRhaWx5bW90aW9uIiwiZGVzY3JpcHRpb24iOiIyMC8xMC8yMDI0ICBDcsOpZGl0bzogV2lsbGlhbXMgUmFjaW5nIiwidGh1bWJuYWlsX3VybCI6Imh0dHBzOi8vczIuZG1jZG4ubmV0L3YvWEVDYU8xZDV5R1BXTURiaGIveDcyMCIsInRodW1ibmFpbF93aWR0aCI6MTI4MCwidGh1bWJuYWlsX2hlaWdodCI6NzIwLCJjYWNoZV9hZ2UiOjYwfSZsdDsvc2NyaXB0Jmd0OyZsdDsvZGl2Jmd0Ow==\">\n                <a data-iframely-url=\"\" href=\"https:\/\/geo.dailymotion.com\/player\/xt5ee.html?video=x97ud5k\">https:\/\/geo.dailymotion.com\/player\/xt5ee.html?video=x97ud5k<\/a>\n              <\/div>\n<h3>R\u00e9cord en sus primeras 5 carreras\u00a0<\/h3>\n<p>Colapinto <b>mejor\u00f3 su posici\u00f3n de largada en sus primeras 5 carreras<\/b>. Algo que<b> jam\u00e1s antes hab\u00eda podido lograr un piloto menor de 22 a\u00f1os<\/b>. Lo hizo en los GP de Italia, Azerbaiy\u00e1n, Singapur, Austin y M\u00e9xico. La realidad es que luego, desde el GP de Brasil en adelante, su rendimiento decay\u00f3 y sufri\u00f3 varios accidentes.\u00a0<\/p>\n<h3>Olimpia de Oro 2024<\/h3>\n<p>Recibi\u00f3 el premio <b>Olimpia de Oro<\/b> al <b>mejor deportista argentino de 2024<\/b>, galard\u00f3n que comparti\u00f3 con el <b><i>Dibu <\/i>Mart\u00ednez<\/b>, arquero de la selecci\u00f3n argentina de f\u00fatbol. Fue el tercer piloto en recibir esta distinci\u00f3n, tras Juan Manuel Fangio (1954) y Agust\u00edn Canapino (2018).<\/p>\n<h2>\u00bfCu\u00e1ndo vuelve a correr Franco Colapinto?<\/h2>\n<p>Colapinto volver\u00e1 a salir a la pista este pr\u00f3ximo fin de semana para el<b> Gran Premio de Espa\u00f1a<\/b>, en Barcelona.\u00a0<\/p>\n<h3>Viernes 30 de mayo<\/h3>\n<ul>\n<li>08:30 | Pr\u00e1ctica libre 1<\/li>\n<li>12:00 | Pr\u00e1ctica libre 2<\/li>\n<\/ul>\n<h3>S\u00e1bado 31 de mayo<\/h3>\n<ul>\n<li>07:30 | Pr\u00e1ctica libre 3<\/li>\n<li>11:00 | Clasificaci\u00f3n<\/li>\n<\/ul>\n<h3>Domingo 1 de junio\u00a0<\/h3>\n<h3>Segu\u00ed leyendo<\/h3>\n<h3\/><!-- Live Blog Post --><\/div>\n<p><script async src=\"\/\/platform.twitter.com\/widgets.js\" charset=\"utf-8\"><\/script><br \/><a href=\"https:\/\/www.pagina12.com.ar\/829085-colapinto-cumple-los-hitos-de-su-paso-por-la-formula-1-y-cua\">source<\/a><\/p>\n","protected":false},"excerpt":{"rendered":"<p>Este martes el piloto argentino Franco Colapinto cumple 22 a\u00f1os de edad. El corredor de&#8230;<\/p>\n","protected":false},"author":3,"featured_media":21103,"comment_status":"closed","ping_status":"closed","sticky":false,"template":"","format":"standard","meta":{"footnotes":""},"categories":[21],"tags":[],"class_list":["post-21102","post","type-post","status-publish","format-standard","has-post-thumbnail","hentry","category-deportes"],"featured_image_urls":{"full":["https:\/\/fmamiga909.com.ar\/wp-content\/uploads\/2025\/05\/wp-header-logo-308.png",960,540,false],"thumbnail":["https:\/\/fmamiga909.com.ar\/wp-content\/uploads\/2025\/05\/wp-header-logo-308-150x150.png",150,150,true],"medium":["https:\/\/fmamiga909.com.ar\/wp-content\/uploads\/2025\/05\/wp-header-logo-308-300x169.png",300,169,true],"medium_large":["https:\/\/fmamiga909.com.ar\/wp-content\/uploads\/2025\/05\/wp-header-logo-308.png",960,540,false],"large":["https:\/\/fmamiga909.com.ar\/wp-content\/uploads\/2025\/05\/wp-header-logo-308.png",640,360,false],"1536x1536":["https:\/\/fmamiga909.com.ar\/wp-content\/uploads\/2025\/05\/wp-header-logo-308.png",960,540,false],"2048x2048":["https:\/\/fmamiga909.com.ar\/wp-content\/uploads\/2025\/05\/wp-header-logo-308.png",960,540,false],"newsium-slider-full":["https:\/\/fmamiga909.com.ar\/wp-content\/uploads\/2025\/05\/wp-header-logo-308.png",960,540,false],"newsium-featured":["https:\/\/fmamiga909.com.ar\/wp-content\/uploads\/2025\/05\/wp-header-logo-308.png",960,540,false],"newsium-medium":["https:\/\/fmamiga909.com.ar\/wp-content\/uploads\/2025\/05\/wp-header-logo-308-720x475.png",720,475,true]},"author_info":{"display_name":"Fredy Giuliano","author_link":"https:\/\/fmamiga909.com.ar\/?author=3"},"category_info":"<a href=\"https:\/\/fmamiga909.com.ar\/?cat=21\" rel=\"category\">Deportes<\/a>","tag_info":"Deportes","comment_count":"0","_links":{"self":[{"href":"https:\/\/fmamiga909.com.ar\/index.php?rest_route=\/wp\/v2\/posts\/21102","targetHints":{"allow":["GET"]}}],"collection":[{"href":"https:\/\/fmamiga909.com.ar\/index.php?rest_route=\/wp\/v2\/posts"}],"about":[{"href":"https:\/\/fmamiga909.com.ar\/index.php?rest_route=\/wp\/v2\/types\/post"}],"author":[{"embeddable":true,"href":"https:\/\/fmamiga909.com.ar\/index.php?rest_route=\/wp\/v2\/users\/3"}],"replies":[{"embeddable":true,"href":"https:\/\/fmamiga909.com.ar\/index.php?rest_route=%2Fwp%2Fv2%2Fcomments&post=21102"}],"version-history":[{"count":0,"href":"https:\/\/fmamiga909.com.ar\/index.php?rest_route=\/wp\/v2\/posts\/21102\/revisions"}],"wp:featuredmedia":[{"embeddable":true,"href":"https:\/\/fmamiga909.com.ar\/index.php?rest_route=\/wp\/v2\/media\/21103"}],"wp:attachment":[{"href":"https:\/\/fmamiga909.com.ar\/index.php?rest_route=%2Fwp%2Fv2%2Fmedia&parent=21102"}],"wp:term":[{"taxonomy":"category","embeddable":true,"href":"https:\/\/fmamiga909.com.ar\/index.php?rest_route=%2Fwp%2Fv2%2Fcategories&post=21102"},{"taxonomy":"post_tag","embeddable":true,"href":"https:\/\/fmamiga909.com.ar\/index.php?rest_route=%2Fwp%2Fv2%2Ftags&post=21102"}],"curies":[{"name":"wp","href":"https:\/\/api.w.org\/{rel}","templated":true}]}}