{"id":21112,"date":"2025-05-27T20:05:54","date_gmt":"2025-05-27T20:05:54","guid":{"rendered":"https:\/\/fmamiga909.com.ar\/?p=21112"},"modified":"2025-05-27T20:05:54","modified_gmt":"2025-05-27T20:05:54","slug":"franco-colapinto-cumplio-anos-y-alpine-le-dedico-un-emotivo-mensaje","status":"publish","type":"post","link":"https:\/\/fmamiga909.com.ar\/?p=21112","title":{"rendered":"Franco Colapinto cumpli\u00f3 a\u00f1os y Alpine le dedic\u00f3 un emotivo mensaje"},"content":{"rendered":"<div><!-- Body --><\/p>\n<p>El argentino Franco Colapinto cumpli\u00f3 este martes 22 a\u00f1os y Alpine se encarg\u00f3 de recordar a lo grande el nacimiento del pilarense, dedic\u00e1ndole frases y canciones.\u00a0<\/p>\n<p>La cuenta oficial de la escuder\u00eda francesa public\u00f3 en sus redes sociales una imagen de Colapinto junto al mensaje: \u00ab\u00a1Feliz cumplea\u00f1os, Franco!\u00bb. Pero no fue el \u00fanico gesto, ya que la p\u00e1gina de la F\u00f3rmula 1 replic\u00f3 la felicitaci\u00f3n en sus redes.<\/p>\n<p>Alpine public\u00f3 unas emocionantes im\u00e1genes de Colapinto de peque\u00f1o y con los colores de la escuder\u00eda. A eso, lo acompa\u00f1aron con la frase de la conocida canci\u00f3n de One Direction, \u00abNight Changes\u00bb: \u00abDoes it ever drive you crazy just how fast the night changes\u00bb.<\/p>\n<div class=\"iframely-embed medium-embedded-content\" data-html=\"Jmx0O2Jsb2NrcXVvdGUgY2xhc3M9InR3aXR0ZXItdHdlZXQiIGRhdGEtZG50PSJ0cnVlIiBhbGlnbj0iY2VudGVyIiZndDsmbHQ7cCBsYW5nPSJlcyIgZGlyPSJsdHIiJmd0O8KhRmVsaXogY3VtcGxlYcOxb3MmbmJzcDsmbHQ7YSBocmVmPSJodHRwczovL3R3aXR0ZXIuY29tL0ZyYW5Db2xhcGludG8\/cmVmX3NyYz10d3NyYyU1RXRmdyImZ3Q7QEZyYW5Db2xhcGludG8mbHQ7L2EmZ3Q7ISDwn6Wz8J+ls\/CfpbMgJmx0O2EgaHJlZj0iaHR0cHM6Ly90LmNvL2lwR3g0NU8zZWgiJmd0O3BpYy50d2l0dGVyLmNvbS9pcEd4NDVPM2VoJmx0Oy9hJmd0OyZsdDsvcCZndDsmYW1wO21kYXNoOyBCV1QgQWxwaW5lIEZvcm11bGEgT25lIFRlYW0gKEBBbHBpbmVGMVRlYW0pICZsdDthIGhyZWY9Imh0dHBzOi8vdHdpdHRlci5jb20vQWxwaW5lRjFUZWFtL3N0YXR1cy8xOTI3MjgyOTY2MTU1MTU3NjE2P3JlZl9zcmM9dHdzcmMlNUV0ZnciJmd0O01heSAyNywgMjAyNSZsdDsvYSZndDsmbHQ7L2Jsb2NrcXVvdGUmZ3Q7CiZsdDtzY3JpcHQgYXN5bmMgc3JjPSJodHRwczovL3BsYXRmb3JtLnR3aXR0ZXIuY29tL3dpZGdldHMuanMiIGNoYXJzZXQ9InV0Zi04IiZndDsmbHQ7L3NjcmlwdCZndDsKCiZsdDtkaXYgY2xhc3M9Im1lZGl1bS1pbnNlcnQtZW1iZWRzLW1ldGEiJmd0OyZsdDtzY3JpcHQgdHlwZT0idGV4dC9qc29uIiZndDt7InVybCI6Imh0dHBzOi8vdHdpdHRlci5jb20vQWxwaW5lRjFUZWFtL3N0YXR1cy8xOTI3MjgyOTY2MTU1MTU3NjE2IiwidHlwZSI6InJpY2giLCJ2ZXJzaW9uIjoiMS4wIiwidGl0bGUiOiJCV1QgQWxwaW5lIEZvcm11bGEgT25lIFRlYW0gb24gVHdpdHRlciAvIFgiLCJhdXRob3IiOiJCV1QgQWxwaW5lIEZvcm11bGEgT25lIFRlYW0iLCJhdXRob3JfdXJsIjoiaHR0cHM6Ly90d2l0dGVyLmNvbS9BbHBpbmVGMVRlYW0iLCJwcm92aWRlcl9uYW1lIjoiVHdpdHRlciIsImRlc2NyaXB0aW9uIjoiwqFGZWxpeiBjdW1wbGVhw7FvcyZuYnNwO0BGcmFuQ29sYXBpbnRvISDwn6Wz8J+ls\/CfpbMgcGljLnR3aXR0ZXIuY29tL2lwR3g0NU8zZWjigJQgQldUIEFscGluZSBGb3JtdWxhIE9uZSBUZWFtIChAQWxwaW5lRjFUZWFtKSBNYXkgMjcsIDIwMjVcblxuXG4iLCJ0aHVtYm5haWxfdXJsIjoiaHR0cHM6Ly9wYnMudHdpbWcuY29tL21lZGlhL0dyOFZIY1pYY0FBRTNJTi5qcGc6bGFyZ2UiLCJ0aHVtYm5haWxfd2lkdGgiOjEwODAsInRodW1ibmFpbF9oZWlnaHQiOjEzNTAsImNhY2hlX2FnZSI6ODY0MDAsIm9wdGlvbnMiOnsiX2hpZGVfbWVkaWEiOnsibGFiZWwiOiJIaWRlIHBob3RvcywgdmlkZW9zLCBhbmQgY2FyZHMiLCJ2YWx1ZSI6ZmFsc2V9LCJfdGhlbWUiOnsidmFsdWUiOiIiLCJ2YWx1ZXMiOnsiZGFyayI6IlVzZSBkYXJrIHRoZW1lIn19LCJfbWF4d2lkdGgiOnsidmFsdWUiOiIiLCJsYWJlbCI6IkFkanVzdCB3aWR0aCIsInBsYWNlaG9sZGVyIjoiMjIwLTU1MCwgaW4gcHgifX19Jmx0Oy9zY3JpcHQmZ3Q7Jmx0Oy9kaXYmZ3Q7\">\n                <a data-iframely-url=\"\" href=\"https:\/\/twitter.com\/AlpineF1Team\/status\/1927282966155157616\">https:\/\/twitter.com\/AlpineF1Team\/status\/1927282966155157616<\/a>\n              <\/div>\n<p>Tambi\u00e9n publicaron un video que resume su recorrido en la escuder\u00eda y sus primeras participaciones en la F\u00f3rmula 1 con Alpine, acompa\u00f1ado de la canci\u00f3n \u00ab22\u00bb de Taylor Swift, en lo que se busc\u00f3 reflejar el entusiasmo de la escuder\u00eda y su entorno por este presente del argentino.<\/p>\n<p>La canci\u00f3n de Swift es un lema en el mundo del pop al cumplir esa edad, por lo que Alpine aprovech\u00f3 para escribir parte de la letra en un mensaje: \u00ab\u00a1Es el cumplea\u00f1os de Franco y nos sentimos de 22!\u00bb.<\/p>\n<div class=\"iframely-embed medium-embedded-content\" data-html=\"Jmx0O2Jsb2NrcXVvdGUgY2xhc3M9InR3aXR0ZXItdHdlZXQiIGRhdGEtZG50PSJ0cnVlIiBhbGlnbj0iY2VudGVyIiZndDsmbHQ7cCBsYW5nPSJlbiIgZGlyPSJsdHIiJmd0OyZhbXA7cXVvdDtEb2VzIGl0IGV2ZXIgZHJpdmUgeW91IGNyYXp5IGp1c3QgaG93IGZhc3QgdGhlIG5pZ2h0IGNoYW5nZXMmYW1wO3F1b3Q7IPCfjrYgJmx0O2EgaHJlZj0iaHR0cHM6Ly90LmNvL0E5TFY0UjJiRFAiJmd0O3BpYy50d2l0dGVyLmNvbS9BOUxWNFIyYkRQJmx0Oy9hJmd0OyZsdDsvcCZndDsmYW1wO21kYXNoOyBCV1QgQWxwaW5lIEZvcm11bGEgT25lIFRlYW0gKEBBbHBpbmVGMVRlYW0pICZsdDthIGhyZWY9Imh0dHBzOi8vdHdpdHRlci5jb20vQWxwaW5lRjFUZWFtL3N0YXR1cy8xOTI3MzI4NzE0NTY5NzI4MTIwP3JlZl9zcmM9dHdzcmMlNUV0ZnciJmd0O01heSAyNywgMjAyNSZsdDsvYSZndDsmbHQ7L2Jsb2NrcXVvdGUmZ3Q7CiZsdDtzY3JpcHQgYXN5bmMgc3JjPSJodHRwczovL3BsYXRmb3JtLnR3aXR0ZXIuY29tL3dpZGdldHMuanMiIGNoYXJzZXQ9InV0Zi04IiZndDsmbHQ7L3NjcmlwdCZndDsKCiZsdDtkaXYgY2xhc3M9Im1lZGl1bS1pbnNlcnQtZW1iZWRzLW1ldGEiJmd0OyZsdDtzY3JpcHQgdHlwZT0idGV4dC9qc29uIiZndDt7InVybCI6Imh0dHBzOi8vdHdpdHRlci5jb20vQWxwaW5lRjFUZWFtL3N0YXR1cy8xOTI3MzI4NzE0NTY5NzI4MTIwIiwidHlwZSI6InJpY2giLCJ2ZXJzaW9uIjoiMS4wIiwidGl0bGUiOiJCV1QgQWxwaW5lIEZvcm11bGEgT25lIFRlYW0gb24gVHdpdHRlciAvIFgiLCJhdXRob3IiOiJCV1QgQWxwaW5lIEZvcm11bGEgT25lIFRlYW0iLCJhdXRob3JfdXJsIjoiaHR0cHM6Ly90d2l0dGVyLmNvbS9BbHBpbmVGMVRlYW0iLCJwcm92aWRlcl9uYW1lIjoiVHdpdHRlciIsImRlc2NyaXB0aW9uIjoiXCJEb2VzIGl0IGV2ZXIgZHJpdmUgeW91IGNyYXp5IGp1c3QgaG93IGZhc3QgdGhlIG5pZ2h0IGNoYW5nZXNcIiDwn462IHBpYy50d2l0dGVyLmNvbS9BOUxWNFIyYkRQ4oCUIEJXVCBBbHBpbmUgRm9ybXVsYSBPbmUgVGVhbSAoQEFscGluZUYxVGVhbSkgTWF5IDI3LCAyMDI1XG5cblxuIiwidGh1bWJuYWlsX3VybCI6Imh0dHBzOi8vcGJzLnR3aW1nLmNvbS9tZWRpYS9HcjgtbExLWG9BQTNvMGQuanBnOmxhcmdlIiwidGh1bWJuYWlsX3dpZHRoIjoxMDgwLCJ0aHVtYm5haWxfaGVpZ2h0IjoxMzUwLCJjYWNoZV9hZ2UiOjYwLCJvcHRpb25zIjp7Il9oaWRlX21lZGlhIjp7ImxhYmVsIjoiSGlkZSBwaG90b3MsIHZpZGVvcywgYW5kIGNhcmRzIiwidmFsdWUiOmZhbHNlfSwiX3RoZW1lIjp7InZhbHVlIjoiIiwidmFsdWVzIjp7ImRhcmsiOiJVc2UgZGFyayB0aGVtZSJ9fSwiX21heHdpZHRoIjp7InZhbHVlIjoiIiwibGFiZWwiOiJBZGp1c3Qgd2lkdGgiLCJwbGFjZWhvbGRlciI6IjIyMC01NTAsIGluIHB4In19fSZsdDsvc2NyaXB0Jmd0OyZsdDsvZGl2Jmd0Ow==\">\n                <a data-iframely-url=\"\" href=\"https:\/\/twitter.com\/AlpineF1Team\/status\/1927328714569728120\">https:\/\/twitter.com\/AlpineF1Team\/status\/1927328714569728120<\/a>\n              <\/div>\n<p>Colapinto volver\u00e1 a las pistas este fin de semana en el Gran Premio de Espa\u00f1a, donde buscar\u00e1 mejorar su performance con la escuder\u00eda francesa en la carrera del domingo a las 10 (hora argentina).<\/p>\n<p><!-- Live Blog Post --><\/div>\n<p><script async src=\"\/\/platform.twitter.com\/widgets.js\" charset=\"utf-8\"><\/script><br \/><a href=\"https:\/\/www.pagina12.com.ar\/829170-franco-colapinto-cumplio-anos-y-alpine-le-dedico-un-emotivo-\">source<\/a><\/p>\n","protected":false},"excerpt":{"rendered":"<p>El argentino Franco Colapinto cumpli\u00f3 este martes 22 a\u00f1os y Alpine se encarg\u00f3 de recordar&#8230;<\/p>\n","protected":false},"author":3,"featured_media":21113,"comment_status":"closed","ping_status":"closed","sticky":false,"template":"","format":"standard","meta":{"footnotes":""},"categories":[21],"tags":[],"class_list":["post-21112","post","type-post","status-publish","format-standard","has-post-thumbnail","hentry","category-deportes"],"featured_image_urls":{"full":["https:\/\/fmamiga909.com.ar\/wp-content\/uploads\/2025\/05\/wp-header-logo-313.png",960,540,false],"thumbnail":["https:\/\/fmamiga909.com.ar\/wp-content\/uploads\/2025\/05\/wp-header-logo-313-150x150.png",150,150,true],"medium":["https:\/\/fmamiga909.com.ar\/wp-content\/uploads\/2025\/05\/wp-header-logo-313-300x169.png",300,169,true],"medium_large":["https:\/\/fmamiga909.com.ar\/wp-content\/uploads\/2025\/05\/wp-header-logo-313.png",960,540,false],"large":["https:\/\/fmamiga909.com.ar\/wp-content\/uploads\/2025\/05\/wp-header-logo-313.png",640,360,false],"1536x1536":["https:\/\/fmamiga909.com.ar\/wp-content\/uploads\/2025\/05\/wp-header-logo-313.png",960,540,false],"2048x2048":["https:\/\/fmamiga909.com.ar\/wp-content\/uploads\/2025\/05\/wp-header-logo-313.png",960,540,false],"newsium-slider-full":["https:\/\/fmamiga909.com.ar\/wp-content\/uploads\/2025\/05\/wp-header-logo-313.png",960,540,false],"newsium-featured":["https:\/\/fmamiga909.com.ar\/wp-content\/uploads\/2025\/05\/wp-header-logo-313.png",960,540,false],"newsium-medium":["https:\/\/fmamiga909.com.ar\/wp-content\/uploads\/2025\/05\/wp-header-logo-313-720x475.png",720,475,true]},"author_info":{"display_name":"Fredy Giuliano","author_link":"https:\/\/fmamiga909.com.ar\/?author=3"},"category_info":"<a href=\"https:\/\/fmamiga909.com.ar\/?cat=21\" rel=\"category\">Deportes<\/a>","tag_info":"Deportes","comment_count":"0","_links":{"self":[{"href":"https:\/\/fmamiga909.com.ar\/index.php?rest_route=\/wp\/v2\/posts\/21112","targetHints":{"allow":["GET"]}}],"collection":[{"href":"https:\/\/fmamiga909.com.ar\/index.php?rest_route=\/wp\/v2\/posts"}],"about":[{"href":"https:\/\/fmamiga909.com.ar\/index.php?rest_route=\/wp\/v2\/types\/post"}],"author":[{"embeddable":true,"href":"https:\/\/fmamiga909.com.ar\/index.php?rest_route=\/wp\/v2\/users\/3"}],"replies":[{"embeddable":true,"href":"https:\/\/fmamiga909.com.ar\/index.php?rest_route=%2Fwp%2Fv2%2Fcomments&post=21112"}],"version-history":[{"count":0,"href":"https:\/\/fmamiga909.com.ar\/index.php?rest_route=\/wp\/v2\/posts\/21112\/revisions"}],"wp:featuredmedia":[{"embeddable":true,"href":"https:\/\/fmamiga909.com.ar\/index.php?rest_route=\/wp\/v2\/media\/21113"}],"wp:attachment":[{"href":"https:\/\/fmamiga909.com.ar\/index.php?rest_route=%2Fwp%2Fv2%2Fmedia&parent=21112"}],"wp:term":[{"taxonomy":"category","embeddable":true,"href":"https:\/\/fmamiga909.com.ar\/index.php?rest_route=%2Fwp%2Fv2%2Fcategories&post=21112"},{"taxonomy":"post_tag","embeddable":true,"href":"https:\/\/fmamiga909.com.ar\/index.php?rest_route=%2Fwp%2Fv2%2Ftags&post=21112"}],"curies":[{"name":"wp","href":"https:\/\/api.w.org\/{rel}","templated":true}]}}