{"id":21114,"date":"2025-05-27T20:37:30","date_gmt":"2025-05-27T20:37:30","guid":{"rendered":"https:\/\/fmamiga909.com.ar\/?p=21114"},"modified":"2025-05-27T20:37:30","modified_gmt":"2025-05-27T20:37:30","slug":"colapinto-cumplio-anos-y-alpine-los-festejo","status":"publish","type":"post","link":"https:\/\/fmamiga909.com.ar\/?p=21114","title":{"rendered":"Colapinto cumpli\u00f3 a\u00f1os y Alpine los festej\u00f3"},"content":{"rendered":"<div><!-- Body --><\/p>\n<p>El argentino Franco Colapinto cumpli\u00f3 este martes 22 a\u00f1os y Alpine se encarg\u00f3 de recordar a lo grande el nacimiento del pilarense, dedic\u00e1ndole frases y canciones en su d\u00eda especial.<\/p>\n<p>   La cuenta oficial de la escuder\u00eda francesa public\u00f3 en sus redes sociales una imagen de Colapinto junto al mensaje: \u00ab\u00a1Feliz cumplea\u00f1os, Franco!\u00bb. Pero no fue el \u00fanico gesto, ya que la p\u00e1gina de la F\u00f3rmula 1 replic\u00f3 la felicitaci\u00f3n en sus redes.<\/p>\n<p>   Por otro lado, Alpine public\u00f3 unas emocionantes im\u00e1genes de Colapinto de peque\u00f1o y ahora con los colores de la escuder\u00eda. A eso, lo acompa\u00f1aron con la frase de la conocida canci\u00f3n de <i>One Direction<\/i>, \u00abNight Changes\u00bb: \u00ab<i>Does it ever drive you crazy just how fast the night changes <\/i>(\u00bfNo te vuelve loco lo r\u00e1pido que cambia la noche?)\u00bb.<\/p>\n<p>   Tambi\u00e9n publicaron un video que resume su recorrido en la escuder\u00eda y sus primeras participaciones en la F\u00f3rmula 1 con Alpine, acompa\u00f1ado de la canci\u00f3n \u00ab22\u00bb de Taylor Swift, en lo que se busc\u00f3 reflejar el entusiasmo de la escuder\u00eda y su entorno por este presente del argentino.<\/p>\n<p>   La canci\u00f3n de Swift es un lema en el mundo del pop al cumplir esa edad, por lo que Alpine aprovech\u00f3 para escribir parte de la letra en un mensaje: \u00ab\u00a1Es el cumplea\u00f1os de Franco y nos sentimos de 22!\u00bb.<\/p>\n<p>   Colapinto volver\u00e1 a las pistas este fin de semana en el Gran Premio de Espa\u00f1a, donde buscar\u00e1 sumar sus primeros puntos con la escuder\u00eda francesa en la carrera del domingo a las 10 (hora argentina).<\/p>\n<h2>Tailandia quiere un GP<\/h2>\n<p>La F\u00f3rmula 1 contin\u00faa negociando qu\u00e9 pa\u00edses se sumar\u00e1n a los pr\u00f3ximos calendarios y durante el reciente Gran Premio de M\u00f3naco, Stefano Domenicali, el CEO de la categor\u00eda, mantuvo una reuni\u00f3n clave con la primera ministra de Tailandia, Paetongtarn Shinawatra, para avanzar en el objetivo de llevar a la M\u00e1xima a ese pa\u00eds en 2028.<\/p>\n<p>   La intenci\u00f3n es sumar una nueva plaza en Asia y fortalecer el impacto de la F\u00f3rmula 1 en ese mercado, que ya mostr\u00f3 un crecimiento sostenido, y. adem\u00e1s, tiene un referente entre los pilotos: Alex Albon de Williams, el ex compa\u00f1ero de Franco Colapinto.<\/p>\n<p>   Este avance complica seriamente las aspiraciones de Argentina, que tambi\u00e9n busca volver al calendario de la m\u00e1xima categor\u00eda del automovilismo. En el Gran Premio de Brasil, el 3 de noviembre del 2024, el propio Domenicali hab\u00eda mantenido una reuni\u00f3n con Daniel Scioli, secretario de Deportes, para analizar la posibilidad de un regreso de la F1 al pa\u00eds.<\/p>\n<p>   El proyecto tailand\u00e9s tiene como objetivo realizar una carrera urbana en las calles de Bangkok, con un modelo similar al de M\u00f3naco, Singapur o Bak\u00fa.<\/p>\n<p>   Para concretarlo, el pa\u00eds deber\u00e1 afrontar una inversi\u00f3n cercana a los 200 millones de d\u00f3lares, monto que incluye la adecuaci\u00f3n del circuito callejero, infraestructura de nivel internacional, mejoras viales, pago de derechos a Liberty Media y todos los costos que conlleva asegurar un lugar en el calendario.<\/p>\n<p>   A su vez, la figura Albon es un factor clave para la propuesta, ya que es uno de los deportistas m\u00e1s conocidos en su pa\u00eds, y su presencia en la F\u00f3rmula 1 ser\u00eda uno de los motores para movilizar el apoyo pol\u00edtico y econ\u00f3mico que requiere un evento de esta magnitud.<\/p>\n<p>   La situaci\u00f3n tiene ciertos paralelismos con el fen\u00f3meno generado en Argentina por Colapinto, quien se sum\u00f3 a Alpine en esta temporada y, tal como sucedi\u00f3 en 2024 en sus nueve carreras con Williams, reactiv\u00f3 el inter\u00e9s por el automovilismo en el pa\u00eds.<\/p>\n<p>   La F\u00f3rmula 1, que hoy prioriza criterios comerciales, tur\u00edsticos y de expansi\u00f3n de mercado para definir su calendario, podr\u00eda inclinar la balanza a favor de Bangkok si la propuesta avanza con respaldo firme del gobierno y capital privado.<\/p>\n<p>   Tailandia ya organiza desde 2018 el MotoGP en el circuito de Buriram, y aunque se tratar\u00eda de un evento distinto \u2014callejero y en la capital\u2014, la experiencia previa en organizaci\u00f3n de grandes eventos deportivos juega a su favor.<\/p>\n<p>   Mientras tanto, Argentina no cuenta hoy con una estructura lista para recibir a la F\u00f3rmula 1 sin una importante inversi\u00f3n. El Aut\u00f3dromo \u00d3scar y Juan G\u00e1lvez o el de Termas de R\u00edo Hondo necesitar\u00edan obras de actualizaci\u00f3n para cumplir con los est\u00e1ndares actuales, adem\u00e1s del pago de derechos que superan los 50 millones de d\u00f3lares anuales.<\/p>\n<p><!-- Live Blog Post --><\/div>\n<p><a href=\"https:\/\/www.pagina12.com.ar\/829182-colapinto-cumplio-anos-y-alpine-los-festejo\">source<\/a><\/p>\n","protected":false},"excerpt":{"rendered":"<p>El argentino Franco Colapinto cumpli\u00f3 este martes 22 a\u00f1os y Alpine se encarg\u00f3 de recordar&#8230;<\/p>\n","protected":false},"author":3,"featured_media":21115,"comment_status":"closed","ping_status":"closed","sticky":false,"template":"","format":"standard","meta":{"footnotes":""},"categories":[21],"tags":[],"class_list":["post-21114","post","type-post","status-publish","format-standard","has-post-thumbnail","hentry","category-deportes"],"featured_image_urls":{"full":["https:\/\/fmamiga909.com.ar\/wp-content\/uploads\/2025\/05\/wp-header-logo-314.png",960,540,false],"thumbnail":["https:\/\/fmamiga909.com.ar\/wp-content\/uploads\/2025\/05\/wp-header-logo-314-150x150.png",150,150,true],"medium":["https:\/\/fmamiga909.com.ar\/wp-content\/uploads\/2025\/05\/wp-header-logo-314-300x169.png",300,169,true],"medium_large":["https:\/\/fmamiga909.com.ar\/wp-content\/uploads\/2025\/05\/wp-header-logo-314.png",960,540,false],"large":["https:\/\/fmamiga909.com.ar\/wp-content\/uploads\/2025\/05\/wp-header-logo-314.png",640,360,false],"1536x1536":["https:\/\/fmamiga909.com.ar\/wp-content\/uploads\/2025\/05\/wp-header-logo-314.png",960,540,false],"2048x2048":["https:\/\/fmamiga909.com.ar\/wp-content\/uploads\/2025\/05\/wp-header-logo-314.png",960,540,false],"newsium-slider-full":["https:\/\/fmamiga909.com.ar\/wp-content\/uploads\/2025\/05\/wp-header-logo-314.png",960,540,false],"newsium-featured":["https:\/\/fmamiga909.com.ar\/wp-content\/uploads\/2025\/05\/wp-header-logo-314.png",960,540,false],"newsium-medium":["https:\/\/fmamiga909.com.ar\/wp-content\/uploads\/2025\/05\/wp-header-logo-314-720x475.png",720,475,true]},"author_info":{"display_name":"Fredy Giuliano","author_link":"https:\/\/fmamiga909.com.ar\/?author=3"},"category_info":"<a href=\"https:\/\/fmamiga909.com.ar\/?cat=21\" rel=\"category\">Deportes<\/a>","tag_info":"Deportes","comment_count":"0","_links":{"self":[{"href":"https:\/\/fmamiga909.com.ar\/index.php?rest_route=\/wp\/v2\/posts\/21114","targetHints":{"allow":["GET"]}}],"collection":[{"href":"https:\/\/fmamiga909.com.ar\/index.php?rest_route=\/wp\/v2\/posts"}],"about":[{"href":"https:\/\/fmamiga909.com.ar\/index.php?rest_route=\/wp\/v2\/types\/post"}],"author":[{"embeddable":true,"href":"https:\/\/fmamiga909.com.ar\/index.php?rest_route=\/wp\/v2\/users\/3"}],"replies":[{"embeddable":true,"href":"https:\/\/fmamiga909.com.ar\/index.php?rest_route=%2Fwp%2Fv2%2Fcomments&post=21114"}],"version-history":[{"count":0,"href":"https:\/\/fmamiga909.com.ar\/index.php?rest_route=\/wp\/v2\/posts\/21114\/revisions"}],"wp:featuredmedia":[{"embeddable":true,"href":"https:\/\/fmamiga909.com.ar\/index.php?rest_route=\/wp\/v2\/media\/21115"}],"wp:attachment":[{"href":"https:\/\/fmamiga909.com.ar\/index.php?rest_route=%2Fwp%2Fv2%2Fmedia&parent=21114"}],"wp:term":[{"taxonomy":"category","embeddable":true,"href":"https:\/\/fmamiga909.com.ar\/index.php?rest_route=%2Fwp%2Fv2%2Fcategories&post=21114"},{"taxonomy":"post_tag","embeddable":true,"href":"https:\/\/fmamiga909.com.ar\/index.php?rest_route=%2Fwp%2Fv2%2Ftags&post=21114"}],"curies":[{"name":"wp","href":"https:\/\/api.w.org\/{rel}","templated":true}]}}