{"id":21128,"date":"2025-05-28T01:46:32","date_gmt":"2025-05-28T01:46:32","guid":{"rendered":"https:\/\/fmamiga909.com.ar\/?p=21128"},"modified":"2025-05-28T01:46:32","modified_gmt":"2025-05-28T01:46:32","slug":"copa-libertadores-san-pablo-batio-con-lo-justo-a-talleres-en-brasil","status":"publish","type":"post","link":"https:\/\/fmamiga909.com.ar\/?p=21128","title":{"rendered":"Copa Libertadores: San Pablo bati\u00f3 con lo justo a Talleres en Brasil"},"content":{"rendered":"<div><!-- Body --><\/p>\n<p><b>Talleres de C\u00f3rdoba cay\u00f3 2-1<\/b> este martes <b>ante San Pablo en el <\/b>estadio <b>Morumb\u00ed<\/b>, por la<b> \u00faltima fecha <\/b>del <b>Grupo D<\/b> de la <b>Copa Libertadores, y qued\u00f3 sin chances d<\/b>e\u00a0<b>competir en la Copa Sudamericana, boleto que se qued\u00f3 el Alianza Lima de \u00abPipo\u00bb Gorosito <\/b>tras\u00a0igualar 2-2 con Libertad.<\/p>\n<p>En la previa, <b>la T deb\u00eda ganar s\u00ed o s\u00ed para no depender de lo que ocurriera en Paraguay. No pudo ser.<\/b>\u00a0<\/p>\n<p><b>En un duelo parejo<\/b>, <b>el anfitri\u00f3n avis\u00f3 primero <\/b>con un gran despeje de Schott cuando Alves se relam\u00eda para el gol. De su lado, con Botta y los Galarza bien tomados, el solitario Girotti deb\u00eda retroceder para tomar contacto con el bal\u00f3n, por lo que <b>a los cordobeses, luego del cuarto de hora, el arco de enfrente pas\u00f3 a quedarles lejos.<\/b><\/p>\n<p>Entonces <b>Andr\u00e9 Silva pein\u00f3 una pelota parada y Jos\u00e9 Sabino acompa\u00f1\u00f3 con el muslo para la apertura. Talleres<\/b> busc\u00f3 la reacci\u00f3n y en el mejor momento del anfitri\u00f3n,<b> encontr\u00f3 la igualdad en una jugada preparada que coron\u00f3 Federico Girotti. <\/b>Antes del descanso, tras un error defensivo en el fondo cordob\u00e9s, se lo perdi\u00f3 Alves.<\/p>\n<p><iframe style=\"border: 0px; position: absolute; top: 0px; left: 0px; height: 100%;\" allowfullscreen=\"\" frameborder=\"0\" src=\"https:\/\/www.youtube.com\/embed\/p-AR3gYSfcQ\"><\/iframe><\/p>\n<p><b>El complemento fue de ida y vuelta.<\/b> Burrai le ahog\u00f3 el grito a Ryan y Rafael a Depietri. Enseguida, Carmo hizo la individual pero defini\u00f3 alto y Luciano la mand\u00f3 cerca de un poste. Luego lo tuvo Rick, <b>pero en el final Luciano acab\u00f3 con las ilusiones de la T y dej\u00f3 al equipo de Luis Zubeld\u00eda primero la fase de grupos.<\/b><\/p>\n<p>      <!-- Live Blog Post --><\/div>\n<p><a href=\"https:\/\/www.pagina12.com.ar\/829259-copa-libertadores-san-pablo-batio-con-lo-justo-a-talleres-en\">source<\/a><\/p>\n","protected":false},"excerpt":{"rendered":"<p>Talleres de C\u00f3rdoba cay\u00f3 2-1 este martes ante San Pablo en el estadio Morumb\u00ed, por&#8230;<\/p>\n","protected":false},"author":3,"featured_media":21129,"comment_status":"closed","ping_status":"closed","sticky":false,"template":"","format":"standard","meta":{"footnotes":""},"categories":[21],"tags":[],"class_list":["post-21128","post","type-post","status-publish","format-standard","has-post-thumbnail","hentry","category-deportes"],"featured_image_urls":{"full":["https:\/\/fmamiga909.com.ar\/wp-content\/uploads\/2025\/05\/wp-header-logo-321.png",960,540,false],"thumbnail":["https:\/\/fmamiga909.com.ar\/wp-content\/uploads\/2025\/05\/wp-header-logo-321-150x150.png",150,150,true],"medium":["https:\/\/fmamiga909.com.ar\/wp-content\/uploads\/2025\/05\/wp-header-logo-321-300x169.png",300,169,true],"medium_large":["https:\/\/fmamiga909.com.ar\/wp-content\/uploads\/2025\/05\/wp-header-logo-321.png",960,540,false],"large":["https:\/\/fmamiga909.com.ar\/wp-content\/uploads\/2025\/05\/wp-header-logo-321.png",640,360,false],"1536x1536":["https:\/\/fmamiga909.com.ar\/wp-content\/uploads\/2025\/05\/wp-header-logo-321.png",960,540,false],"2048x2048":["https:\/\/fmamiga909.com.ar\/wp-content\/uploads\/2025\/05\/wp-header-logo-321.png",960,540,false],"newsium-slider-full":["https:\/\/fmamiga909.com.ar\/wp-content\/uploads\/2025\/05\/wp-header-logo-321.png",960,540,false],"newsium-featured":["https:\/\/fmamiga909.com.ar\/wp-content\/uploads\/2025\/05\/wp-header-logo-321.png",960,540,false],"newsium-medium":["https:\/\/fmamiga909.com.ar\/wp-content\/uploads\/2025\/05\/wp-header-logo-321-720x475.png",720,475,true]},"author_info":{"display_name":"Fredy Giuliano","author_link":"https:\/\/fmamiga909.com.ar\/?author=3"},"category_info":"<a href=\"https:\/\/fmamiga909.com.ar\/?cat=21\" rel=\"category\">Deportes<\/a>","tag_info":"Deportes","comment_count":"0","_links":{"self":[{"href":"https:\/\/fmamiga909.com.ar\/index.php?rest_route=\/wp\/v2\/posts\/21128","targetHints":{"allow":["GET"]}}],"collection":[{"href":"https:\/\/fmamiga909.com.ar\/index.php?rest_route=\/wp\/v2\/posts"}],"about":[{"href":"https:\/\/fmamiga909.com.ar\/index.php?rest_route=\/wp\/v2\/types\/post"}],"author":[{"embeddable":true,"href":"https:\/\/fmamiga909.com.ar\/index.php?rest_route=\/wp\/v2\/users\/3"}],"replies":[{"embeddable":true,"href":"https:\/\/fmamiga909.com.ar\/index.php?rest_route=%2Fwp%2Fv2%2Fcomments&post=21128"}],"version-history":[{"count":0,"href":"https:\/\/fmamiga909.com.ar\/index.php?rest_route=\/wp\/v2\/posts\/21128\/revisions"}],"wp:featuredmedia":[{"embeddable":true,"href":"https:\/\/fmamiga909.com.ar\/index.php?rest_route=\/wp\/v2\/media\/21129"}],"wp:attachment":[{"href":"https:\/\/fmamiga909.com.ar\/index.php?rest_route=%2Fwp%2Fv2%2Fmedia&parent=21128"}],"wp:term":[{"taxonomy":"category","embeddable":true,"href":"https:\/\/fmamiga909.com.ar\/index.php?rest_route=%2Fwp%2Fv2%2Fcategories&post=21128"},{"taxonomy":"post_tag","embeddable":true,"href":"https:\/\/fmamiga909.com.ar\/index.php?rest_route=%2Fwp%2Fv2%2Ftags&post=21128"}],"curies":[{"name":"wp","href":"https:\/\/api.w.org\/{rel}","templated":true}]}}