{"id":21144,"date":"2025-05-28T19:11:03","date_gmt":"2025-05-28T19:11:03","guid":{"rendered":"https:\/\/fmamiga909.com.ar\/?p=21144"},"modified":"2025-05-28T19:11:03","modified_gmt":"2025-05-28T19:11:03","slug":"de-la-garrafa-y-el-trueno-a-la-liebre-y-el-toro","status":"publish","type":"post","link":"https:\/\/fmamiga909.com.ar\/?p=21144","title":{"rendered":"De la garrafa y el trueno a la liebre y el toro"},"content":{"rendered":"<div><!-- Body --><\/p>\n<p>La ocurrencia, patrimonio distintivo del argentino, se not\u00f3\u00a0con la aparici\u00f3n de este circuito. Eran \u00e9pocas de cambios, donde el humor y el ingenio sobresalen para bautizar los curiosos autos del <b><a href=\"https:\/\/www.pagina12.com.ar\/tags\/5910-turismo-carretera\">Turismo Carretera<\/a><\/b>\u00a0mutando su aspecto. Este campo adaptado para el deporte motor, en\u00a0<b>Villa Parque Santa Ana<\/b>, fue testigo de cada hito. Con incansable labor, el coqueto aut\u00f3dromo que perdura en el tiempo hizo famoso al asentamiento \u00abcolonizado\u00bb por la familia Cooreman a mediados del Siglo XX y, a fines de 1967, avanz\u00f3 en tiempo r\u00e9cord su construcci\u00f3n.\u00a0Fue amortizado con la populosa respuesta de los cordobeses, pasando a ser un cl\u00e1sico que se visit\u00f3 en diferentes \u00e9pocas y, con la expectativa generada con la venta de entradas anticipadas, se espera un marco similar<b> el pr\u00f3ximo domingo 1 de junio<\/b> <b>con la 6ta fecha del 2025<\/b>.<\/p>\n<div class=\"medium-insert-embeds\">\n<figure>\n<div class=\"medium-insert-embed\">\n<div align=\"center\">\n<figure role=\"group\" class=\"caption caption-drupal-entity\"><figcaption>Vianini gan\u00f3 con la el auto apodado \u00abGarrafa\u00bb<\/figcaption><\/figure>\n<\/div><\/div>\n<\/figure>\n<\/div>\n<p>El \u00abPremio Inauguraci\u00f3n\u00bb se corri\u00f3 el <b>17 de marzo de 1968<\/b>, cuando los aut\u00f3dromos proliferaron, alentando la evoluci\u00f3n de los coches. Con el auto apodado como \u00ab<i>La Garrafa<\/i>\u00bb se impuso <b>Andrea Vianini<\/b>\u00a0tras una batalla con <b>Eduardo Copello<\/b> y su \u00ab<i>Liebre<\/i>\u00ab, como una semana antes hab\u00edan librado en la inauguraci\u00f3n del circuito perimetral de Buenos Aires. A mitad de carrera intercambiaron posiciones pero, de repente, el &#8216;<i>Maestro<\/i>&#8216; ingres\u00f3 a boxes, perdi\u00f3 terreno y la multitud aclam\u00f3 al exc\u00e9ntrico italiano.<\/p>\n<p>Ese mismo a\u00f1o, para la 7ma fecha, se disputar\u00eda la \u00ab2da Vuelta del Centro del Pa\u00eds\u00bb, donde <b>Copello tomar\u00eda revancha<\/b>. No ser\u00eda la \u00fanica visita, con la 11ma carrera del a\u00f1o coronando a <b>Carlos Alberto Pairetti<\/b> y el ic\u00f3nico \u00abTrueno Naranja\u00bb. La taquilla no defraud\u00f3 y en la 13ra fecha (los <i>250km Shell<\/i>) repet\u00eda victoria &#8216;<i>Il Matto<\/i>&#8216;, como hab\u00edan apodado al arrecife\u00f1o por su osado estilo de manejo en Monza (Italia). Para m\u00e1s, en la 20ma fecha\u00a0<b>celebrar\u00eda otra vez Copello\u00a0<\/b>con su gafas oscuras en el podio, cerrando\u00a0<b>cinco visitas en el a\u00f1o<\/b>.<\/p>\n<div class=\"medium-insert-embeds\">\n<figure>\n<div class=\"medium-insert-embed\">\n<div align=\"center\">\n<figure role=\"group\" class=\"caption caption-drupal-entity\"><figcaption>El Trueno Naranja restaurado en la actualidad<\/figcaption><\/figure>\n<\/div><\/div>\n<\/figure>\n<\/div>\n<p>En <b>1970<\/b> corri\u00f3 el <b>TC F\u00f3rmula B<\/b>, subdivisi\u00f3n que se impuls\u00f3 diferenciando a los coches que ten\u00edan libertades t\u00e9cnicas, principalmente en la carrocer\u00eda. Limitado su accionar a los aut\u00f3dromos y contadas fechas en rutas de monta\u00f1a, tuvo pocos adeptos y esa carrera se disput\u00f3 con 5 series a 10 giros cada una, sumando los tiempos para encontrar en <b>Luis Rub\u00e9n Di Palma <\/b>al vencedor, con Torino. En <b>1977<\/b> se realiz\u00f3 una carrera que sirvi\u00f3 de homenaje y reconocimiento -en vida- de la gente de C\u00f3rdoba a su querido <b>H\u00e9ctor Luis Gradassi<\/b>. Termin\u00f3 en el podio &#8216;<i>Pir\u00edn<\/i>&#8216;, aunque detr\u00e1s de dos j\u00f3venes <b>Juan Mar\u00eda Traverso<\/b> y <b>Roberto Jos\u00e9 Mouras<\/b>, pero delante de <b>Jorge Recalde<\/b> y<b>\u00a0Pairetti<\/b>, completando el quinteto destacado.<\/p>\n<h2>El vuelco de Mouras y Mazzacane<\/h2>\n<p>En <b>1988<\/b> se disput\u00f3 el \u00abPremio 400 a\u00f1os de Alta Gracia\u00bb con <b>un recordado accidente<\/b>, cuando nadie se puso de acuerdo para el ingreso a la chicana de gomas, generando un choque m\u00faltiple\u00a0<b>Roberto Mouras<\/b>, <b>Oscar Castellano<\/b> y <b>Ertesto Bessone (h)<\/b>. El propio <b>Hugo Mazzacane<\/b> podr\u00eda dar fe, pues el actual presidente de la <a href=\"https:\/\/www.pagina12.com.ar\/tags\/14880-actc\">ACTC<\/a> era protagonista del vuelco siendo el acompa\u00f1ante del &#8216;<i>Toro<\/i>&#8216; de Carlos Casares. Reanudada la acci\u00f3n, un fallo mec\u00e1nico le quit\u00f3 el triunfo a<b> Osvaldo &#8216;<i>Cocho<\/i>&#8216; L\u00f3pez<\/b> y lo hered\u00f3 <b>Emilio Salvador Satriano<\/b>, delante de <b>Silvio Oltra<\/b>.<\/p>\n<p><iframe style=\"border: 0px; position: absolute; top: 0px; left: 0px; height: 100%;\" allowfullscreen=\"\" frameborder=\"0\" src=\"https:\/\/www.youtube.com\/embed\/vjgWIe6x8r4\"><\/iframe><\/p>\n<p>No fue hasta el a\u00f1o<b> 2014<\/b> que el TC regres\u00f3 al circuito, con autos nacidos de estructuras tubulares que representaban las formas de aquellos que se hab\u00edan visto antes.<b>\u00a0Mat\u00edas Rossi<\/b>\u00a0logr\u00f3 all\u00ed uno de los cinco halagos de su temporada consagratoria, sin sobresaltos.<\/p>\n<p>Las carrocer\u00edas renovadas cambiaron la fisonom\u00eda de la nueva generaci\u00f3n del TC, que tiene\u00a0a <b>Mauricio Lambiris y Juli\u00e1n Santero empatados<\/b> al frente del campeonato 2025, ambos con Mustang, siendo perseguidos por\u00a0<b>Juan Mart\u00edn Trucco<\/b> (Challenger),\u00a0<b>Marcelo Agrelo <\/b>(Camry) y <b>Facundo Ardusso<\/b> (Camaro); aunque para encontrar a un Torino hay que llegar al 11\u00b0 puesto, gracias a <b>Facundo Chapur<\/b>.\u00a0M\u00e1s de una d\u00e9cada despu\u00e9s de la \u00faltima visita, regresa el TC para el 6to encuentro del a\u00f1o al cl\u00e1sico \u00abOscar Cabal\u00e9n\u00bb.<\/p>\n<p><!-- Live Blog Post --><\/div>\n<p><a href=\"https:\/\/www.pagina12.com.ar\/829415-de-la-garrafa-y-el-trueno-a-la-liebre-y-el-toro\">source<\/a><\/p>\n","protected":false},"excerpt":{"rendered":"<p>La ocurrencia, patrimonio distintivo del argentino, se not\u00f3\u00a0con la aparici\u00f3n de este circuito. Eran \u00e9pocas&#8230;<\/p>\n","protected":false},"author":3,"featured_media":21145,"comment_status":"closed","ping_status":"closed","sticky":false,"template":"","format":"standard","meta":{"footnotes":""},"categories":[21],"tags":[],"class_list":["post-21144","post","type-post","status-publish","format-standard","has-post-thumbnail","hentry","category-deportes"],"featured_image_urls":{"full":["https:\/\/fmamiga909.com.ar\/wp-content\/uploads\/2025\/05\/wp-header-logo-329.png",960,540,false],"thumbnail":["https:\/\/fmamiga909.com.ar\/wp-content\/uploads\/2025\/05\/wp-header-logo-329-150x150.png",150,150,true],"medium":["https:\/\/fmamiga909.com.ar\/wp-content\/uploads\/2025\/05\/wp-header-logo-329-300x169.png",300,169,true],"medium_large":["https:\/\/fmamiga909.com.ar\/wp-content\/uploads\/2025\/05\/wp-header-logo-329.png",960,540,false],"large":["https:\/\/fmamiga909.com.ar\/wp-content\/uploads\/2025\/05\/wp-header-logo-329.png",640,360,false],"1536x1536":["https:\/\/fmamiga909.com.ar\/wp-content\/uploads\/2025\/05\/wp-header-logo-329.png",960,540,false],"2048x2048":["https:\/\/fmamiga909.com.ar\/wp-content\/uploads\/2025\/05\/wp-header-logo-329.png",960,540,false],"newsium-slider-full":["https:\/\/fmamiga909.com.ar\/wp-content\/uploads\/2025\/05\/wp-header-logo-329.png",960,540,false],"newsium-featured":["https:\/\/fmamiga909.com.ar\/wp-content\/uploads\/2025\/05\/wp-header-logo-329.png",960,540,false],"newsium-medium":["https:\/\/fmamiga909.com.ar\/wp-content\/uploads\/2025\/05\/wp-header-logo-329-720x475.png",720,475,true]},"author_info":{"display_name":"Fredy Giuliano","author_link":"https:\/\/fmamiga909.com.ar\/?author=3"},"category_info":"<a href=\"https:\/\/fmamiga909.com.ar\/?cat=21\" rel=\"category\">Deportes<\/a>","tag_info":"Deportes","comment_count":"0","_links":{"self":[{"href":"https:\/\/fmamiga909.com.ar\/index.php?rest_route=\/wp\/v2\/posts\/21144","targetHints":{"allow":["GET"]}}],"collection":[{"href":"https:\/\/fmamiga909.com.ar\/index.php?rest_route=\/wp\/v2\/posts"}],"about":[{"href":"https:\/\/fmamiga909.com.ar\/index.php?rest_route=\/wp\/v2\/types\/post"}],"author":[{"embeddable":true,"href":"https:\/\/fmamiga909.com.ar\/index.php?rest_route=\/wp\/v2\/users\/3"}],"replies":[{"embeddable":true,"href":"https:\/\/fmamiga909.com.ar\/index.php?rest_route=%2Fwp%2Fv2%2Fcomments&post=21144"}],"version-history":[{"count":0,"href":"https:\/\/fmamiga909.com.ar\/index.php?rest_route=\/wp\/v2\/posts\/21144\/revisions"}],"wp:featuredmedia":[{"embeddable":true,"href":"https:\/\/fmamiga909.com.ar\/index.php?rest_route=\/wp\/v2\/media\/21145"}],"wp:attachment":[{"href":"https:\/\/fmamiga909.com.ar\/index.php?rest_route=%2Fwp%2Fv2%2Fmedia&parent=21144"}],"wp:term":[{"taxonomy":"category","embeddable":true,"href":"https:\/\/fmamiga909.com.ar\/index.php?rest_route=%2Fwp%2Fv2%2Fcategories&post=21144"},{"taxonomy":"post_tag","embeddable":true,"href":"https:\/\/fmamiga909.com.ar\/index.php?rest_route=%2Fwp%2Fv2%2Ftags&post=21144"}],"curies":[{"name":"wp","href":"https:\/\/api.w.org\/{rel}","templated":true}]}}