{"id":21172,"date":"2025-05-29T21:34:18","date_gmt":"2025-05-29T21:34:18","guid":{"rendered":"https:\/\/fmamiga909.com.ar\/?p=21172"},"modified":"2025-05-29T21:34:18","modified_gmt":"2025-05-29T21:34:18","slug":"colapinto-barcelona-y-un-cuarto-de-siglo","status":"publish","type":"post","link":"https:\/\/fmamiga909.com.ar\/?p=21172","title":{"rendered":"Colapinto, Barcelona y un cuarto de siglo"},"content":{"rendered":"<div><!-- Body --><\/p>\n<p><b>El Gran Premio de Espa\u00f1a<\/b> inicia sus actividades este viernes con las primeras pr\u00e1cticas libres y <b>recibir\u00e1 otra vez a un piloto argentino tras 25 a\u00f1os de ausencias: Franco Colapinto<\/b> <b>girar\u00e1 con Alpine, durante su tercera actuaci\u00f3n desde la vuelta a la F\u00f3rmula 1, en un circuito que adem\u00e1s conoce mucho y le sienta muy bien.<\/b> Gast\u00f3n Mazzacane, con Minardi, hab\u00eda sido el \u00faltimo en llevar la bandera albiceleste al trazado de Catalunya, all\u00e1 por el a\u00f1o 2000.<\/p>\n<div class=\"iframely-embed medium-embedded-content\" data-html=\"Jmx0O2Jsb2NrcXVvdGUgY2xhc3M9InR3aXR0ZXItdHdlZXQiIGRhdGEtZG50PSJ0cnVlIiBhbGlnbj0iY2VudGVyIiZndDsmbHQ7cCBsYW5nPSJjYSIgZGlyPSJsdHIiJmd0O0JpZW52ZW5pZG9zIGEgRXNwYcOxYSHigK\/wn4eq8J+HuPCfmYwmbHQ7YnImZ3Q7Jmx0O2JyJmd0O1RoZSBDaXJjdWl0IGRlIEJhcmNlbG9uYS1DYXRhbHVueWEgYWx3YXlzIHByb3ZpZGVzIHBsZW50eSBvZiBhY3Rpb24sIHNvJm5ic3A7cmlkZSBhbG9uZyB3aXRoICZsdDthIGhyZWY9Imh0dHBzOi8vdHdpdHRlci5jb20vRnJhbkNvbGFwaW50bz9yZWZfc3JjPXR3c3JjJTVFdGZ3IiZndDtARnJhbkNvbGFwaW50byZsdDsvYSZndDsgZm9yIGEgbGFwIPCfmI4mbHQ7YSBocmVmPSJodHRwczovL3R3aXR0ZXIuY29tL2VuaT9yZWZfc3JjPXR3c3JjJTVFdGZ3IiZndDtAZW5pJmx0Oy9hJmd0OyAmbHQ7YSBocmVmPSJodHRwczovL3R3aXR0ZXIuY29tL0FscGluZVNpbVJhY2luZz9yZWZfc3JjPXR3c3JjJTVFdGZ3IiZndDtAQWxwaW5lU2ltUmFjaW5nJmx0Oy9hJmd0OyAmbHQ7YSBocmVmPSJodHRwczovL3R3aXR0ZXIuY29tL3RyYWtfcmFjZXI\/cmVmX3NyYz10d3NyYyU1RXRmdyImZ3Q7QHRyYWtfcmFjZXImbHQ7L2EmZ3Q7ICZsdDthIGhyZWY9Imh0dHBzOi8vdHdpdHRlci5jb20vY3liZXJ0ZWtfZnI\/cmVmX3NyYz10d3NyYyU1RXRmdyImZ3Q7QGN5YmVydGVrX2ZyJmx0Oy9hJmd0OyAmbHQ7YSBocmVmPSJodHRwczovL3QuY28vdlFwZTJyRFIxOSImZ3Q7cGljLnR3aXR0ZXIuY29tL3ZRcGUyckRSMTkmbHQ7L2EmZ3Q7Jmx0Oy9wJmd0OyZhbXA7bWRhc2g7IEJXVCBBbHBpbmUgRm9ybXVsYSBPbmUgVGVhbSAoQEFscGluZUYxVGVhbSkgJmx0O2EgaHJlZj0iaHR0cHM6Ly90d2l0dGVyLmNvbS9BbHBpbmVGMVRlYW0vc3RhdHVzLzE5Mjc2NjYxODk5MTc4ODg2MDU\/cmVmX3NyYz10d3NyYyU1RXRmdyImZ3Q7TWF5IDI4LCAyMDI1Jmx0Oy9hJmd0OyZsdDsvYmxvY2txdW90ZSZndDsKJmx0O3NjcmlwdCBhc3luYyBzcmM9Imh0dHBzOi8vcGxhdGZvcm0udHdpdHRlci5jb20vd2lkZ2V0cy5qcyIgY2hhcnNldD0idXRmLTgiJmd0OyZsdDsvc2NyaXB0Jmd0OwoKJmx0O2RpdiBjbGFzcz0ibWVkaXVtLWluc2VydC1lbWJlZHMtbWV0YSImZ3Q7Jmx0O3NjcmlwdCB0eXBlPSJ0ZXh0L2pzb24iJmd0O3sidXJsIjoiaHR0cHM6Ly90d2l0dGVyLmNvbS9BbHBpbmVGMVRlYW0vc3RhdHVzLzE5Mjc2NjYxODk5MTc4ODg2MDUiLCJ0eXBlIjoicmljaCIsInZlcnNpb24iOiIxLjAiLCJ0aXRsZSI6IkJXVCBBbHBpbmUgRm9ybXVsYSBPbmUgVGVhbSBvbiBUd2l0dGVyIC8gWCIsImF1dGhvciI6IkJXVCBBbHBpbmUgRm9ybXVsYSBPbmUgVGVhbSIsImF1dGhvcl91cmwiOiJodHRwczovL3R3aXR0ZXIuY29tL0FscGluZUYxVGVhbSIsInByb3ZpZGVyX25hbWUiOiJUd2l0dGVyIiwiZGVzY3JpcHRpb24iOiJCaWVudmVuaWRvcyBhIEVzcGHDsWEh4oCv8J+HqvCfh7jwn5mMVGhlIENpcmN1aXQgZGUgQmFyY2Vsb25hLUNhdGFsdW55YSBhbHdheXMgcHJvdmlkZXMgcGxlbnR5IG9mIGFjdGlvbiwgc28mbmJzcDtyaWRlIGFsb25nIHdpdGggQEZyYW5Db2xhcGludG8gZm9yIGEgbGFwIPCfmI5AZW5pIEBBbHBpbmVTaW1SYWNpbmcgQHRyYWtfcmFjZXIgQGN5YmVydGVrX2ZyIHBpYy50d2l0dGVyLmNvbS92UXBlMnJEUjE54oCUIEJXVCBBbHBpbmUgRm9ybXVsYSBPbmUgVGVhbSAoQEFscGluZUYxVGVhbSkgTWF5IDI4LCAyMDI1XG5cblxuIiwidGh1bWJuYWlsX3VybCI6Imh0dHBzOi8vcGJzLnR3aW1nLmNvbS9hbXBsaWZ5X3ZpZGVvX3RodW1iLzE5Mjc2NTgxMTcyNzUyOTE2NDgvaW1nL1JQN2d6QUJrUVc0NnA1M1UuanBnOmxhcmdlIiwidGh1bWJuYWlsX3dpZHRoIjoxMDgwLCJ0aHVtYm5haWxfaGVpZ2h0IjoxMzUwLCJjYWNoZV9hZ2UiOjg2NDAwLCJvcHRpb25zIjp7Il9oaWRlX21lZGlhIjp7ImxhYmVsIjoiSGlkZSBwaG90b3MsIHZpZGVvcywgYW5kIGNhcmRzIiwidmFsdWUiOmZhbHNlfSwiX3RoZW1lIjp7InZhbHVlIjoiIiwidmFsdWVzIjp7ImRhcmsiOiJVc2UgZGFyayB0aGVtZSJ9fSwiX21heHdpZHRoIjp7InZhbHVlIjoiIiwibGFiZWwiOiJBZGp1c3Qgd2lkdGgiLCJwbGFjZWhvbGRlciI6IjIyMC01NTAsIGluIHB4In19fSZsdDsvc2NyaXB0Jmd0OyZsdDsvZGl2Jmd0Ow==\">\n                <a data-iframely-url=\"\" href=\"https:\/\/twitter.com\/AlpineF1Team\/status\/1927666189917888605\">https:\/\/twitter.com\/AlpineF1Team\/status\/1927666189917888605<\/a>\n              <\/div>\n<p>Razones sobran para ilusionarse este fin de semana con la actuaci\u00f3n del argentino: m\u00e1s all\u00e1 de la emoci\u00f3n que genera, <b>su llegada al denominado Circuit de Barcelona-Catalunya entusiasma porque el pilarense cosech\u00f3 all\u00ed grandes resultados y guarda de ese trazado hermosos recuerdos <\/b>en su retina de los tiempos en los que todav\u00eda so\u00f1aba con ser parte de la M\u00e1xima.<\/p>\n<p>Concretamente, <b>Colapinto corri\u00f3 en el circuito de Barcelona 16 carreras durante su era previa a la F\u00f3rmula 1, entre 2019 y 2024<\/b>, tiempos en los que el argentino crec\u00eda en las principales categor\u00edas formativas rumbo al Gran Circo. <b>Para ese total de entradas, el pilarense cosech\u00f3 valiosos seis podios<\/b>. Y una alegr\u00eda especialmente formidable: el segundo fin de semana de noviembre de 2019 conquist\u00f3\u00a0en aquel trazado tres victorias, siendo la primera la que le permiti\u00f3 consagrarse campe\u00f3n de la F\u00f3rmula 4 espa\u00f1ola y las otras dos hacerlo con contundencia, luego de sumar 325 puntos.<\/p>\n<div class=\"iframely-embed medium-embedded-content\" data-html=\"Jmx0O2Jsb2NrcXVvdGUgY2xhc3M9InR3aXR0ZXItdHdlZXQiIGRhdGEtZG50PSJ0cnVlIiBhbGlnbj0iY2VudGVyIiZndDsmbHQ7cCBsYW5nPSJlcyIgZGlyPSJsdHIiJmd0O\/Cfh6rwn4emIEZyYW5jbyBDb2xhcGludG8gcmVjaWJpw7MgZWwgcHJlbWlvIGNvbW8gY2FtcGXDs24gZGUgbGEgRsOzcm11bGEgNCBlc3Bhw7FvbGEgZW4gbGEgZ2FsYSBkZSBsYSBGSUEuIMKhRW5ob3JhYnVlbmEhIPCfj4YgJmx0O2EgaHJlZj0iaHR0cHM6Ly90d2l0dGVyLmNvbS9oYXNodGFnL2ZpYXByaXplZ2l2aW5nP3NyYz1oYXNoJmFtcDthbXA7cmVmX3NyYz10d3NyYyU1RXRmdyImZ3Q7I2ZpYXByaXplZ2l2aW5nJmx0Oy9hJmd0OyZsdDticiZndDsuJmx0O2JyJmd0O\/Cfh6zwn4enIEZyYW5jbyBDb2xhcGludG8gcmVjZWl2ZWQgdGhlIGF3YXJkIGFzIGNoYW1waW9uIG9mIFNwYW5pc2ggRm9ybXVsYSA0IGluIHRoZSBGSUEgZ2FsYS4gQ29uZ3JhdHMhIPCfj4YmbHQ7YSBocmVmPSJodHRwczovL3R3aXR0ZXIuY29tL2hhc2h0YWcvRjRTcGFpbj9zcmM9aGFzaCZhbXA7YW1wO3JlZl9zcmM9dHdzcmMlNUV0ZnciJmd0OyNGNFNwYWluJmx0Oy9hJmd0OyAmbHQ7YSBocmVmPSJodHRwczovL3QuY28vU1BXQkM5TmdSdiImZ3Q7cGljLnR3aXR0ZXIuY29tL1NQV0JDOU5nUnYmbHQ7L2EmZ3Q7Jmx0Oy9wJmd0OyZhbXA7bWRhc2g7IEY0IFNwYW5pc2ggQ2hhbXBpb25zaGlwIChARjRTcGFpbikgJmx0O2EgaHJlZj0iaHR0cHM6Ly90d2l0dGVyLmNvbS9GNFNwYWluL3N0YXR1cy8xMjAzMjkxNzI3NDI5MzI4OTAwP3JlZl9zcmM9dHdzcmMlNUV0ZnciJmd0O0RlY2VtYmVyIDcsIDIwMTkmbHQ7L2EmZ3Q7Jmx0Oy9ibG9ja3F1b3RlJmd0OwombHQ7c2NyaXB0IGFzeW5jIHNyYz0iaHR0cHM6Ly9wbGF0Zm9ybS50d2l0dGVyLmNvbS93aWRnZXRzLmpzIiBjaGFyc2V0PSJ1dGYtOCImZ3Q7Jmx0Oy9zY3JpcHQmZ3Q7CgombHQ7ZGl2IGNsYXNzPSJtZWRpdW0taW5zZXJ0LWVtYmVkcy1tZXRhIiZndDsmbHQ7c2NyaXB0IHR5cGU9InRleHQvanNvbiImZ3Q7eyJ1cmwiOiJodHRwczovL3R3aXR0ZXIuY29tL0Y0U3BhaW4vc3RhdHVzLzEyMDMyOTE3Mjc0MjkzMjg5MDAiLCJ0eXBlIjoicmljaCIsInZlcnNpb24iOiIxLjAiLCJ0aXRsZSI6IkY0IFNwYW5pc2ggQ2hhbXBpb25zaGlwIG9uIFR3aXR0ZXIgLyBYIiwiYXV0aG9yIjoiRjQgU3BhbmlzaCBDaGFtcGlvbnNoaXAiLCJhdXRob3JfdXJsIjoiaHR0cHM6Ly90d2l0dGVyLmNvbS9GNFNwYWluIiwicHJvdmlkZXJfbmFtZSI6IlR3aXR0ZXIiLCJkZXNjcmlwdGlvbiI6IvCfh6rwn4emIEZyYW5jbyBDb2xhcGludG8gcmVjaWJpw7MgZWwgcHJlbWlvIGNvbW8gY2FtcGXDs24gZGUgbGEgRsOzcm11bGEgNCBlc3Bhw7FvbGEgZW4gbGEgZ2FsYSBkZSBsYSBGSUEuIMKhRW5ob3JhYnVlbmEhIPCfj4YgI2ZpYXByaXplZ2l2aW5nLvCfh6zwn4enIEZyYW5jbyBDb2xhcGludG8gcmVjZWl2ZWQgdGhlIGF3YXJkIGFzIGNoYW1waW9uIG9mIFNwYW5pc2ggRm9ybXVsYSA0IGluIHRoZSBGSUEgZ2FsYS4gQ29uZ3JhdHMhIPCfj4YjRjRTcGFpbiBwaWMudHdpdHRlci5jb20vU1BXQkM5TmdSduKAlCBGNCBTcGFuaXNoIENoYW1waW9uc2hpcCAoQEY0U3BhaW4pIERlY2VtYmVyIDcsIDIwMTlcblxuXG4iLCJ0aHVtYm5haWxfdXJsIjoiaHR0cHM6Ly9wYnMudHdpbWcuY29tL21lZGlhL0VMTHpjUXFYVUFFX1EzSC5qcGc6bGFyZ2UiLCJ0aHVtYm5haWxfd2lkdGgiOjEwODAsInRodW1ibmFpbF9oZWlnaHQiOjEzNTAsImNhY2hlX2FnZSI6ODY0MDAsIm9wdGlvbnMiOnsiX2hpZGVfbWVkaWEiOnsibGFiZWwiOiJIaWRlIHBob3RvcywgdmlkZW9zLCBhbmQgY2FyZHMiLCJ2YWx1ZSI6ZmFsc2V9LCJfdGhlbWUiOnsidmFsdWUiOiIiLCJ2YWx1ZXMiOnsiZGFyayI6IlVzZSBkYXJrIHRoZW1lIn19LCJfbWF4d2lkdGgiOnsidmFsdWUiOiIiLCJsYWJlbCI6IkFkanVzdCB3aWR0aCIsInBsYWNlaG9sZGVyIjoiMjIwLTU1MCwgaW4gcHgifX19Jmx0Oy9zY3JpcHQmZ3Q7Jmx0Oy9kaXYmZ3Q7\">\n                <a data-iframely-url=\"\" href=\"https:\/\/twitter.com\/F4Spain\/status\/1203291727429328900\">https:\/\/twitter.com\/F4Spain\/status\/1203291727429328900<\/a>\n              <\/div>\n<p><b>\u00abYo creo que soy bueno en carrera, bastante constante en los tiempos. Puedo atacar cuando quiero y tambi\u00e9n puedo administrar bien los neum\u00e1ticos\u00bb<\/b>, se perfilaba entonces el argentino, con solo 16 a\u00f1os, en una entrevista que le cedi\u00f3 al medio <i>SoyMotor.com<\/i> tras aquella consagraci\u00f3n. <b>\u00abA m\u00ed me gusta mucho Verstappen <\/b>\u2013agregaba\u2013.<b> Es un piloto muy agresivo, que va siempre al m\u00e1ximo en las carreras. Es uno de los pilotos que m\u00e1s espect\u00e1culo y mejores adelantamientos brinda.\u00a0Tiene algunos momentos un poco picantes, pero es uno de los pilotos en los que me fijo y pienso seguir sus pasos\u00bb<\/b>. Aquel campeonato, Colapinto lo gan\u00f3 con ferocidad \u2013esa que tambi\u00e9n caracteriza al neerland\u00e9s\u2013, llev\u00e1ndose 11 triunfos (sobre 21 carreras), 13 podios y 10 poles.<\/p>\n<p>Ese mismo 2019, el argentino fue parte de la <b>Eurocopa de F\u00f3rmula Renault <\/b>y, en el fin de semana de acci\u00f3n en el circuito de Barcelona, finaliz\u00f3 11\u00ba y 10\u00ba. <b>Aquel a\u00f1o fue rival del australiano Oscar Piastri, actual l\u00edder del campeonato de F\u00f3rmula 1, quien entonces ganar\u00eda el torneo. <\/b>Un a\u00f1o despu\u00e9s, Colapinto volver\u00eda a disputar la fecha en el trazado de Montmel\u00f3 como parte de la misma competici\u00f3n pero con mejores resultados: cosechar\u00eda un sexto lugar en la primera carrera y se meter\u00eda en el podio en la segunda, finalizando en la tercera ubicaci\u00f3n.<\/p>\n<div class=\"iframely-embed medium-embedded-content\" data-html=\"Jmx0O2Jsb2NrcXVvdGUgY2xhc3M9InR3aXR0ZXItdHdlZXQiIGRhdGEtZG50PSJ0cnVlIiBhbGlnbj0iY2VudGVyIiZndDsmbHQ7cCBsYW5nPSJlcyIgZGlyPSJsdHIiJmd0O\/Cfh6rwn4emIMKhTXVjaGEgc3VlcnRlIGEgJmx0O2EgaHJlZj0iaHR0cHM6Ly90d2l0dGVyLmNvbS9GcmFuQ29sYXBpbnRvP3JlZl9zcmM9dHdzcmMlNUV0ZnciJmd0O0BGcmFuQ29sYXBpbnRvJmx0Oy9hJmd0OyB5ICZsdDthIGhyZWY9Imh0dHBzOi8vdHdpdHRlci5jb20vS2lsaWFuTWV5ZXJQcmF0P3JlZl9zcmM9dHdzcmMlNUV0ZnciJmd0O0BLaWxpYW5NZXllclByYXQmbHQ7L2EmZ3Q7IGVuIGxhIEbDs3JtdWxhIFJlbmF1bHQhIEVzdGFyw6FuIGNvbXBpdGllbmRvIGVzdGUgZmluIGRlIHNlbWFuYSBlbiBNb250bWVsw7Mg8J+SqiZsdDticiZndDvigKImbHQ7YnImZ3Q78J+HrPCfh6cgR29vZCBsdWNrIHRvIEZyYW5jbyBDb2xhcGludG8gYW5kIEtpbGlhbiBNZXllciBpbiBGb3JtdWxhIFJlbmF1bHQhIFRoZXkgd2lsbCBiZSBjb21wZXRpbmcgdGhpcyB3ZWVrZW5kIGluIE1vbnRtZWzDsyDwn5KqICZsdDthIGhyZWY9Imh0dHBzOi8vdC5jby9INFlmZnVtdnpsIiZndDtwaWMudHdpdHRlci5jb20vSDRZZmZ1bXZ6bCZsdDsvYSZndDsmbHQ7L3AmZ3Q7JmFtcDttZGFzaDsgRjQgU3BhbmlzaCBDaGFtcGlvbnNoaXAgKEBGNFNwYWluKSAmbHQ7YSBocmVmPSJodHRwczovL3R3aXR0ZXIuY29tL0Y0U3BhaW4vc3RhdHVzLzExNzc1MjQ0NzU1MDk2NjE2OTY\/cmVmX3NyYz10d3NyYyU1RXRmdyImZ3Q7U2VwdGVtYmVyIDI3LCAyMDE5Jmx0Oy9hJmd0OyZsdDsvYmxvY2txdW90ZSZndDsKJmx0O3NjcmlwdCBhc3luYyBzcmM9Imh0dHBzOi8vcGxhdGZvcm0udHdpdHRlci5jb20vd2lkZ2V0cy5qcyIgY2hhcnNldD0idXRmLTgiJmd0OyZsdDsvc2NyaXB0Jmd0OwoKJmx0O2RpdiBjbGFzcz0ibWVkaXVtLWluc2VydC1lbWJlZHMtbWV0YSImZ3Q7Jmx0O3NjcmlwdCB0eXBlPSJ0ZXh0L2pzb24iJmd0O3sidXJsIjoiaHR0cHM6Ly90d2l0dGVyLmNvbS9GNFNwYWluL3N0YXR1cy8xMTc3NTI0NDc1NTA5NjYxNjk2IiwidHlwZSI6InJpY2giLCJ2ZXJzaW9uIjoiMS4wIiwidGl0bGUiOiJGNCBTcGFuaXNoIENoYW1waW9uc2hpcCBvbiBUd2l0dGVyIC8gWCIsImF1dGhvciI6IkY0IFNwYW5pc2ggQ2hhbXBpb25zaGlwIiwiYXV0aG9yX3VybCI6Imh0dHBzOi8vdHdpdHRlci5jb20vRjRTcGFpbiIsInByb3ZpZGVyX25hbWUiOiJUd2l0dGVyIiwiZGVzY3JpcHRpb24iOiLwn4eq8J+HpiDCoU11Y2hhIHN1ZXJ0ZSBhIEBGcmFuQ29sYXBpbnRvIHkgQEtpbGlhbk1leWVyUHJhdCBlbiBsYSBGw7NybXVsYSBSZW5hdWx0ISBFc3RhcsOhbiBjb21waXRpZW5kbyBlc3RlIGZpbiBkZSBzZW1hbmEgZW4gTW9udG1lbMOzIPCfkqrigKLwn4es8J+HpyBHb29kIGx1Y2sgdG8gRnJhbmNvIENvbGFwaW50byBhbmQgS2lsaWFuIE1leWVyIGluIEZvcm11bGEgUmVuYXVsdCEgVGhleSB3aWxsIGJlIGNvbXBldGluZyB0aGlzIHdlZWtlbmQgaW4gTW9udG1lbMOzIPCfkqogcGljLnR3aXR0ZXIuY29tL0g0WWZmdW12emzigJQgRjQgU3BhbmlzaCBDaGFtcGlvbnNoaXAgKEBGNFNwYWluKSBTZXB0ZW1iZXIgMjcsIDIwMTlcblxuXG4iLCJ0aHVtYm5haWxfdXJsIjoiaHR0cHM6Ly9wYnMudHdpbWcuY29tL21lZGlhL0VGZG9SUmRVY0FZa2FJNi5qcGc6bGFyZ2UiLCJ0aHVtYm5haWxfd2lkdGgiOjEwODAsInRodW1ibmFpbF9oZWlnaHQiOjEwODAsImNhY2hlX2FnZSI6ODY0MDAsIm9wdGlvbnMiOnsiX2hpZGVfbWVkaWEiOnsibGFiZWwiOiJIaWRlIHBob3RvcywgdmlkZW9zLCBhbmQgY2FyZHMiLCJ2YWx1ZSI6ZmFsc2V9LCJfdGhlbWUiOnsidmFsdWUiOiIiLCJ2YWx1ZXMiOnsiZGFyayI6IlVzZSBkYXJrIHRoZW1lIn19LCJfbWF4d2lkdGgiOnsidmFsdWUiOiIiLCJsYWJlbCI6IkFkanVzdCB3aWR0aCIsInBsYWNlaG9sZGVyIjoiMjIwLTU1MCwgaW4gcHgifX19Jmx0Oy9zY3JpcHQmZ3Q7Jmx0Oy9kaXYmZ3Q7\">\n                <a data-iframely-url=\"\" href=\"https:\/\/twitter.com\/F4Spain\/status\/1177524475509661696\">https:\/\/twitter.com\/F4Spain\/status\/1177524475509661696<\/a>\n              <\/div>\n<p>En 2021 volver\u00eda al Circuit catal\u00e1n como parte del equipo G-Drive Racing para las European Le Mans Series: junto al neerland\u00e9s Nyck de Vries y el ruso Roman Rusinov conquistaron un cuarto lugar en la categor\u00eda LMP2 en las llamadas \u00ab4 horas de Barcelona\u00bb, la fecha inaugural del campeonato. <b>El destino quiso que ese mismo a\u00f1o, Colapinto tuviera un primer acercamiento con Alpine, proveedor exclusivo de motores para el llamado \u00abCampeonato de F\u00f3rmula Regional Europea by Alpine\u00bb<\/b>, nacido ese mismo 2021 como una fusi\u00f3n de lo que eran la F\u00f3rmula Regional Europea y la F\u00f3rmula Renault Eurocup: en ese torneo, el argentino cosech\u00f3 dos victorias pero en el trazado catal\u00e1n no tuvo buenas actuaciones, sumando un abandono y una clasificaci\u00f3n en la posici\u00f3n 28 pero sin terminar la carrera.<\/p>\n<p>Luego llegar\u00edan, para el argentino en pleno ascenso, las categor\u00edas de la FIA previas a la F\u00f3rmula 1. All\u00ed tambi\u00e9n tiene un pasado, m\u00e1s cercano en el tiempo, en el circuito de Barcelona. En F\u00f3rmula 3, lo visit\u00f3 dos a\u00f1os consecutivos: <b>mientras que en 2022 debi\u00f3 retirarse de la carrera sprint pero finaliz\u00f3 8\u00b0 en la carrera larga, al a\u00f1o siguiente fue 6\u00b0 en la sprint y 2\u00b0 en la competencia de mayor duraci\u00f3n. <\/b>Para encontrar sus \u00faltimas carreras en Montmel\u00f3 hay que viajar hacia el <b>2024, durante su paso por la F\u00f3rmula 2: all\u00ed cosech\u00f3 un 18\u00ba lugar en la sprint pero alcanz\u00f3 un valioso segundo lugar que lo meti\u00f3 en el podio de la carrera larga.<\/b><\/p>\n<div class=\"iframely-embed medium-embedded-content\" data-html=\"Jmx0O2Jsb2NrcXVvdGUgY2xhc3M9InR3aXR0ZXItdHdlZXQiIGRhdGEtZG50PSJ0cnVlIiBhbGlnbj0iY2VudGVyIiZndDsmbHQ7cCBsYW5nPSJlbiIgZGlyPSJsdHIiJmd0O0NvbGFwaW50byB2cyBCb3J0b2xldG8g4pqU77iPJmx0O2JyJmd0OyZsdDticiZndDtUd28gb2YgJmx0O2EgaHJlZj0iaHR0cHM6Ly90d2l0dGVyLmNvbS9GMT9yZWZfc3JjPXR3c3JjJTVFdGZ3IiZndDtARjEmbHQ7L2EmZ3Q7JmFtcDsjMzk7cyBjdXJyZW50IHN0YXJzIGJhdHRsZWQgZWFjaCBvdGhlciBoYXJkIGluIGxhc3QgeWVhciZhbXA7IzM5O3MgRmVhdHVyZSBSYWNlIHdpdGggJmx0O2EgaHJlZj0iaHR0cHM6Ly90d2l0dGVyLmNvbS9GcmFuQ29sYXBpbnRvP3JlZl9zcmM9dHdzcmMlNUV0ZnciJmd0O0BGcmFuQ29sYXBpbnRvJmx0Oy9hJmd0OyBldmVudHVhbGx5IGNvbWluZyBvdXQgb24gdG9wIHRvIGZpbmlzaCBQMiDwn6WIJmx0O2EgaHJlZj0iaHR0cHM6Ly90d2l0dGVyLmNvbS9oYXNodGFnL0YyP3NyYz1oYXNoJmFtcDthbXA7cmVmX3NyYz10d3NyYyU1RXRmdyImZ3Q7I0YyJmx0Oy9hJmd0OyAmbHQ7YSBocmVmPSJodHRwczovL3R3aXR0ZXIuY29tL2hhc2h0YWcvU3BhbmlzaEdQP3NyYz1oYXNoJmFtcDthbXA7cmVmX3NyYz10d3NyYyU1RXRmdyImZ3Q7I1NwYW5pc2hHUCZsdDsvYSZndDsgJmx0O2EgaHJlZj0iaHR0cHM6Ly90LmNvL1hTWXBaMEhZRVMiJmd0O3BpYy50d2l0dGVyLmNvbS9YU1lwWjBIWUVTJmx0Oy9hJmd0OyZsdDsvcCZndDsmYW1wO21kYXNoOyBGb3JtdWxhIDIgKEBGb3JtdWxhMikgJmx0O2EgaHJlZj0iaHR0cHM6Ly90d2l0dGVyLmNvbS9Gb3JtdWxhMi9zdGF0dXMvMTkyODExNzg4MTYyOTQ2Mjg3Nz9yZWZfc3JjPXR3c3JjJTVFdGZ3IiZndDtNYXkgMjksIDIwMjUmbHQ7L2EmZ3Q7Jmx0Oy9ibG9ja3F1b3RlJmd0OwombHQ7c2NyaXB0IGFzeW5jIHNyYz0iaHR0cHM6Ly9wbGF0Zm9ybS50d2l0dGVyLmNvbS93aWRnZXRzLmpzIiBjaGFyc2V0PSJ1dGYtOCImZ3Q7Jmx0Oy9zY3JpcHQmZ3Q7CgombHQ7ZGl2IGNsYXNzPSJtZWRpdW0taW5zZXJ0LWVtYmVkcy1tZXRhIiZndDsmbHQ7c2NyaXB0IHR5cGU9InRleHQvanNvbiImZ3Q7eyJ1cmwiOiJodHRwczovL3R3aXR0ZXIuY29tL0Zvcm11bGEyL3N0YXR1cy8xOTI4MTE3ODgxNjI5NDYyODc3IiwidHlwZSI6InJpY2giLCJ2ZXJzaW9uIjoiMS4wIiwidGl0bGUiOiJGb3JtdWxhIDIgb24gVHdpdHRlciAvIFgiLCJhdXRob3IiOiJGb3JtdWxhIDIiLCJhdXRob3JfdXJsIjoiaHR0cHM6Ly90d2l0dGVyLmNvbS9Gb3JtdWxhMiIsInByb3ZpZGVyX25hbWUiOiJUd2l0dGVyIiwiZGVzY3JpcHRpb24iOiJDb2xhcGludG8gdnMgQm9ydG9sZXRvIOKalO+4j1R3byBvZiBARjEncyBjdXJyZW50IHN0YXJzIGJhdHRsZWQgZWFjaCBvdGhlciBoYXJkIGluIGxhc3QgeWVhcidzIEZlYXR1cmUgUmFjZSB3aXRoIEBGcmFuQ29sYXBpbnRvIGV2ZW50dWFsbHkgY29taW5nIG91dCBvbiB0b3AgdG8gZmluaXNoIFAyIPCfpYgjRjIgI1NwYW5pc2hHUCBwaWMudHdpdHRlci5jb20vWFNZcFowSFlFU+KAlCBGb3JtdWxhIDIgKEBGb3JtdWxhMikgTWF5IDI5LCAyMDI1XG5cblxuIiwidGh1bWJuYWlsX3VybCI6Imh0dHBzOi8vcGJzLnR3aW1nLmNvbS9tZWRpYS9Hc0lMTkI1WElBQWVmZ3IuanBnOmxhcmdlIiwidGh1bWJuYWlsX3dpZHRoIjoxMDgwLCJ0aHVtYm5haWxfaGVpZ2h0IjoxMDgwLCJjYWNoZV9hZ2UiOjg2NDAwLCJvcHRpb25zIjp7Il9oaWRlX21lZGlhIjp7ImxhYmVsIjoiSGlkZSBwaG90b3MsIHZpZGVvcywgYW5kIGNhcmRzIiwidmFsdWUiOmZhbHNlfSwiX3RoZW1lIjp7InZhbHVlIjoiIiwidmFsdWVzIjp7ImRhcmsiOiJVc2UgZGFyayB0aGVtZSJ9fSwiX21heHdpZHRoIjp7InZhbHVlIjoiIiwibGFiZWwiOiJBZGp1c3Qgd2lkdGgiLCJwbGFjZWhvbGRlciI6IjIyMC01NTAsIGluIHB4In19fSZsdDsvc2NyaXB0Jmd0OyZsdDsvZGl2Jmd0Ow==\">\n                <a data-iframely-url=\"\" href=\"https:\/\/twitter.com\/Formula2\/status\/1928117881629462877\">https:\/\/twitter.com\/Formula2\/status\/1928117881629462877<\/a>\n              <\/div>\n<p>A esa experiencia que entusiasma por su conocimiento del trazado, se le agrega otro dato que alimenta la ilusi\u00f3n: <b>Colapinto ser\u00e1 el tercer argentino en aventurarse en el Circuit de Barcelona-Catalunya como piloto de la F\u00f3rmula 1<\/b>. Y es que la pista catalana reci\u00e9n desde 1991 alberg\u00f3 el Gran Premio de Espa\u00f1a. <b>All\u00ed corrieron Esteban Tuero, en 1998, y Gast\u00f3n Mazzacane, en el a\u00f1o 2000<\/b>. Ambos lo hicieron con Minardi y ambos finalizaron en la posici\u00f3n 15. <b>Un cuarto de siglo despu\u00e9s llega al trazado catal\u00e1n nuestro hombre de Alpine, con sus 22 a\u00f1os reci\u00e9n cumplidos, su carisma y toda la ilusi\u00f3n. <\/b>El oriundo de Pilar girar\u00e1 este viernes desde las 8.30 y las 12, horario de nuestro pa\u00eds de las primeras dos pr\u00e1cticas libres rumbo al Gran Premio de Espa\u00f1a 2025 (transmiten Fox Sports y Disney+). Y llevar\u00e1 consigo un gui\u00f1o del destino, cuando baje al paddock y haga trizas los 25 a\u00f1os sin compatriotas en la M\u00e1xima por all\u00ed, porque en aquella carrera del nuevo milenio, la \u00faltima que vio a un argentino correr en la pista catalana, Mazzacane fue rival de Jos Verstappen, el padre de Max, ese voraz piloto con el que Colapinto se identificaba cuando fue campe\u00f3n en Barcelona y que ahora tendr\u00e1 de rival en el circuito de Montmel\u00f3.<\/p>\n<p><!-- Live Blog Post --><\/div>\n<p><script async src=\"\/\/platform.twitter.com\/widgets.js\" charset=\"utf-8\"><\/script><br \/><a href=\"https:\/\/www.pagina12.com.ar\/829736-colapinto-barcelona-y-un-cuarto-de-siglo\">source<\/a><\/p>\n","protected":false},"excerpt":{"rendered":"<p>El Gran Premio de Espa\u00f1a inicia sus actividades este viernes con las primeras pr\u00e1cticas libres&#8230;<\/p>\n","protected":false},"author":3,"featured_media":21173,"comment_status":"closed","ping_status":"closed","sticky":false,"template":"","format":"standard","meta":{"footnotes":""},"categories":[21],"tags":[],"class_list":["post-21172","post","type-post","status-publish","format-standard","has-post-thumbnail","hentry","category-deportes"],"featured_image_urls":{"full":["https:\/\/fmamiga909.com.ar\/wp-content\/uploads\/2025\/05\/wp-header-logo-341.png",960,540,false],"thumbnail":["https:\/\/fmamiga909.com.ar\/wp-content\/uploads\/2025\/05\/wp-header-logo-341-150x150.png",150,150,true],"medium":["https:\/\/fmamiga909.com.ar\/wp-content\/uploads\/2025\/05\/wp-header-logo-341-300x169.png",300,169,true],"medium_large":["https:\/\/fmamiga909.com.ar\/wp-content\/uploads\/2025\/05\/wp-header-logo-341.png",960,540,false],"large":["https:\/\/fmamiga909.com.ar\/wp-content\/uploads\/2025\/05\/wp-header-logo-341.png",640,360,false],"1536x1536":["https:\/\/fmamiga909.com.ar\/wp-content\/uploads\/2025\/05\/wp-header-logo-341.png",960,540,false],"2048x2048":["https:\/\/fmamiga909.com.ar\/wp-content\/uploads\/2025\/05\/wp-header-logo-341.png",960,540,false],"newsium-slider-full":["https:\/\/fmamiga909.com.ar\/wp-content\/uploads\/2025\/05\/wp-header-logo-341.png",960,540,false],"newsium-featured":["https:\/\/fmamiga909.com.ar\/wp-content\/uploads\/2025\/05\/wp-header-logo-341.png",960,540,false],"newsium-medium":["https:\/\/fmamiga909.com.ar\/wp-content\/uploads\/2025\/05\/wp-header-logo-341-720x475.png",720,475,true]},"author_info":{"display_name":"Fredy Giuliano","author_link":"https:\/\/fmamiga909.com.ar\/?author=3"},"category_info":"<a href=\"https:\/\/fmamiga909.com.ar\/?cat=21\" rel=\"category\">Deportes<\/a>","tag_info":"Deportes","comment_count":"0","_links":{"self":[{"href":"https:\/\/fmamiga909.com.ar\/index.php?rest_route=\/wp\/v2\/posts\/21172","targetHints":{"allow":["GET"]}}],"collection":[{"href":"https:\/\/fmamiga909.com.ar\/index.php?rest_route=\/wp\/v2\/posts"}],"about":[{"href":"https:\/\/fmamiga909.com.ar\/index.php?rest_route=\/wp\/v2\/types\/post"}],"author":[{"embeddable":true,"href":"https:\/\/fmamiga909.com.ar\/index.php?rest_route=\/wp\/v2\/users\/3"}],"replies":[{"embeddable":true,"href":"https:\/\/fmamiga909.com.ar\/index.php?rest_route=%2Fwp%2Fv2%2Fcomments&post=21172"}],"version-history":[{"count":0,"href":"https:\/\/fmamiga909.com.ar\/index.php?rest_route=\/wp\/v2\/posts\/21172\/revisions"}],"wp:featuredmedia":[{"embeddable":true,"href":"https:\/\/fmamiga909.com.ar\/index.php?rest_route=\/wp\/v2\/media\/21173"}],"wp:attachment":[{"href":"https:\/\/fmamiga909.com.ar\/index.php?rest_route=%2Fwp%2Fv2%2Fmedia&parent=21172"}],"wp:term":[{"taxonomy":"category","embeddable":true,"href":"https:\/\/fmamiga909.com.ar\/index.php?rest_route=%2Fwp%2Fv2%2Fcategories&post=21172"},{"taxonomy":"post_tag","embeddable":true,"href":"https:\/\/fmamiga909.com.ar\/index.php?rest_route=%2Fwp%2Fv2%2Ftags&post=21172"}],"curies":[{"name":"wp","href":"https:\/\/api.w.org\/{rel}","templated":true}]}}