{"id":21176,"date":"2025-05-29T22:32:42","date_gmt":"2025-05-29T22:32:42","guid":{"rendered":"https:\/\/fmamiga909.com.ar\/?p=21176"},"modified":"2025-05-29T22:32:42","modified_gmt":"2025-05-29T22:32:42","slug":"mclaren-y-una-espera-de-20-anos","status":"publish","type":"post","link":"https:\/\/fmamiga909.com.ar\/?p=21176","title":{"rendered":"McLaren y una espera de 20 a\u00f1os"},"content":{"rendered":"<div><!-- Body --><\/p>\n<p>La triple ventana de acci\u00f3n europea al hilo de la F\u00f3rmula 1 se cierra este fin de semana con el<b> Gran Premio de Espa\u00f1a<\/b>. Pero que no cunda el p\u00e1nico: las emociones reci\u00e9n comienzan. Todo iniciar\u00e1 este viernes \u2013desde las 8.30 de nuestro pa\u00eds\u2013 con la primera pr\u00e1ctica libre, que tras una pausa dar\u00e1 lugar al segundo ensayo, a partir del mediod\u00eda. La principal atracci\u00f3n de los tres d\u00edas: ver<b> qu\u00e9 tienen preparado los McLaren, con Oscar Piastri liderando la punta y Lando Norris escoltando a solo tres puntos, y el tetracampe\u00f3n Max Verstappen, quien siempre empuja desde su Red Bull y es el tercero en el campeonato de pilotos.<\/b><\/p>\n<div class=\"iframely-embed medium-embedded-content\" data-html=\"Jmx0O2Jsb2NrcXVvdGUgY2xhc3M9InR3aXR0ZXItdHdlZXQiIGRhdGEtZG50PSJ0cnVlIiBhbGlnbj0iY2VudGVyIiZndDsmbHQ7cCBsYW5nPSJlbiIgZGlyPSJsdHIiJmd0O1dobyB3aWxsIGxlYWQgYWZ0ZXIgdGhlICZsdDthIGhyZWY9Imh0dHBzOi8vdHdpdHRlci5jb20vaGFzaHRhZy9TcGFuaXNoR1A\/c3JjPWhhc2gmYW1wO2FtcDtyZWZfc3JjPXR3c3JjJTVFdGZ3IiZndDsjU3BhbmlzaEdQJmx0Oy9hJmd0Oz8g8J+RgCZsdDthIGhyZWY9Imh0dHBzOi8vdHdpdHRlci5jb20vaGFzaHRhZy9GMT9zcmM9aGFzaCZhbXA7YW1wO3JlZl9zcmM9dHdzcmMlNUV0ZnciJmd0OyNGMSZsdDsvYSZndDsgJmx0O2EgaHJlZj0iaHR0cHM6Ly90d2l0dGVyLmNvbS9NY0xhcmVuRjE\/cmVmX3NyYz10d3NyYyU1RXRmdyImZ3Q7QE1jTGFyZW5GMSZsdDsvYSZndDsgJmx0O2EgaHJlZj0iaHR0cHM6Ly90LmNvL3BDdGFKWFl0ZUgiJmd0O3BpYy50d2l0dGVyLmNvbS9wQ3RhSlhZdGVIJmx0Oy9hJmd0OyZsdDsvcCZndDsmYW1wO21kYXNoOyBGb3JtdWxhIDEgKEBGMSkgJmx0O2EgaHJlZj0iaHR0cHM6Ly90d2l0dGVyLmNvbS9GMS9zdGF0dXMvMTkyNzc2NDgwNTI4NjUxMDg4NT9yZWZfc3JjPXR3c3JjJTVFdGZ3IiZndDtNYXkgMjgsIDIwMjUmbHQ7L2EmZ3Q7Jmx0Oy9ibG9ja3F1b3RlJmd0OwombHQ7c2NyaXB0IGFzeW5jIHNyYz0iaHR0cHM6Ly9wbGF0Zm9ybS50d2l0dGVyLmNvbS93aWRnZXRzLmpzIiBjaGFyc2V0PSJ1dGYtOCImZ3Q7Jmx0Oy9zY3JpcHQmZ3Q7CgombHQ7ZGl2IGNsYXNzPSJtZWRpdW0taW5zZXJ0LWVtYmVkcy1tZXRhIiZndDsmbHQ7c2NyaXB0IHR5cGU9InRleHQvanNvbiImZ3Q7eyJ1cmwiOiJodHRwczovL3R3aXR0ZXIuY29tL0YxL3N0YXR1cy8xOTI3NzY0ODA1Mjg2NTEwODg1IiwidHlwZSI6InJpY2giLCJ2ZXJzaW9uIjoiMS4wIiwidGl0bGUiOiJGb3JtdWxhIDEgb24gVHdpdHRlciAvIFgiLCJhdXRob3IiOiJGb3JtdWxhIDEiLCJhdXRob3JfdXJsIjoiaHR0cHM6Ly90d2l0dGVyLmNvbS9GMSIsInByb3ZpZGVyX25hbWUiOiJUd2l0dGVyIiwiZGVzY3JpcHRpb24iOiJXaG8gd2lsbCBsZWFkIGFmdGVyIHRoZSAjU3BhbmlzaEdQPyDwn5GAI0YxIEBNY0xhcmVuRjEgcGljLnR3aXR0ZXIuY29tL3BDdGFKWFl0ZUjigJQgRm9ybXVsYSAxIChARjEpIE1heSAyOCwgMjAyNVxuXG5cbiIsInRodW1ibmFpbF91cmwiOiJodHRwczovL3Bicy50d2ltZy5jb20vbWVkaWEvR3NDRDVhS1h3QUFyVmo0LmpwZzpsYXJnZSIsInRodW1ibmFpbF93aWR0aCI6MTYzOCwidGh1bWJuYWlsX2hlaWdodCI6MjA0OCwiY2FjaGVfYWdlIjo4NjQwMCwib3B0aW9ucyI6eyJfaGlkZV9tZWRpYSI6eyJsYWJlbCI6IkhpZGUgcGhvdG9zLCB2aWRlb3MsIGFuZCBjYXJkcyIsInZhbHVlIjpmYWxzZX0sIl90aGVtZSI6eyJ2YWx1ZSI6IiIsInZhbHVlcyI6eyJkYXJrIjoiVXNlIGRhcmsgdGhlbWUifX0sIl9tYXh3aWR0aCI6eyJ2YWx1ZSI6IiIsImxhYmVsIjoiQWRqdXN0IHdpZHRoIiwicGxhY2Vob2xkZXIiOiIyMjAtNTUwLCBpbiBweCJ9fX0mbHQ7L3NjcmlwdCZndDsmbHQ7L2RpdiZndDs=\">\n                <a data-iframely-url=\"\" href=\"https:\/\/twitter.com\/F1\/status\/1927764805286510885\">https:\/\/twitter.com\/F1\/status\/1927764805286510885<\/a>\n              <\/div>\n<p>Verstappen fue el ganador de las \u00faltimas tres ediciones del Gran Premio en el circuito de Barcelona-Catalunya. Y los<b> McLaren<\/b>, que buscar\u00e1n batirse entre s\u00ed para liderar desde lo m\u00e1s alto, deber\u00e1n romper una barrera hist\u00f3rica: <b>hace 20 a\u00f1os que la escuder\u00eda brit\u00e1nica no festeja una victoria en el trazado de Montmel\u00f3.<\/b> Aquella \u00faltima vez, en 2005, el vencedor hab\u00eda sido el finland\u00e9s Kimi R\u00e4ikk\u00f6nen y, detr\u00e1s suyo, hab\u00eda quedado el espa\u00f1ol Fernando Alonso, quien no gana el Gran Premio de su casa desde 2013, cuando celebr\u00f3 su \u00faltima victoria.<\/p>\n<div class=\"iframely-embed medium-embedded-content\" data-html=\"Jmx0O2Jsb2NrcXVvdGUgY2xhc3M9InR3aXR0ZXItdHdlZXQiIGRhdGEtZG50PSJ0cnVlIiBhbGlnbj0iY2VudGVyIiZndDsmbHQ7cCBsYW5nPSJldCIgZGlyPSJsdHIiJmd0OyZsdDthIGhyZWY9Imh0dHBzOi8vdHdpdHRlci5jb20vaGFzaHRhZy9PblRoaXNEYXk\/c3JjPWhhc2gmYW1wO2FtcDtyZWZfc3JjPXR3c3JjJTVFdGZ3IiZndDsjT25UaGlzRGF5Jmx0Oy9hJmd0OyBpbiAyMDA1LCBLaW1pIFLDpGlra8O2bmVuIHRvcHBlZCB0aGUgcG9kaXVtIGF0IHRoZSAmbHQ7YSBocmVmPSJodHRwczovL3R3aXR0ZXIuY29tL2hhc2h0YWcvU3BhbmlzaEdQP3NyYz1oYXNoJmFtcDthbXA7cmVmX3NyYz10d3NyYyU1RXRmdyImZ3Q7I1NwYW5pc2hHUCZsdDsvYSZndDssIHNldHRpbmcgdGhlIGZhc3Rlc3QgbGFwIDEzIHRpbWVzLiAmbHQ7YSBocmVmPSJodHRwczovL3QuY28vT0tibjNkSHpOQSImZ3Q7cGljLnR3aXR0ZXIuY29tL09LYm4zZEh6TkEmbHQ7L2EmZ3Q7Jmx0Oy9wJmd0OyZhbXA7bWRhc2g7IE1jTGFyZW4gKEBNY0xhcmVuRjEpICZsdDthIGhyZWY9Imh0dHBzOi8vdHdpdHRlci5jb20vTWNMYXJlbkYxL3N0YXR1cy83MjkyMTgwMjY4Mzk2NzQ4ODE\/cmVmX3NyYz10d3NyYyU1RXRmdyImZ3Q7TWF5IDgsIDIwMTYmbHQ7L2EmZ3Q7Jmx0Oy9ibG9ja3F1b3RlJmd0OwombHQ7c2NyaXB0IGFzeW5jIHNyYz0iaHR0cHM6Ly9wbGF0Zm9ybS50d2l0dGVyLmNvbS93aWRnZXRzLmpzIiBjaGFyc2V0PSJ1dGYtOCImZ3Q7Jmx0Oy9zY3JpcHQmZ3Q7CgombHQ7ZGl2IGNsYXNzPSJtZWRpdW0taW5zZXJ0LWVtYmVkcy1tZXRhIiZndDsmbHQ7c2NyaXB0IHR5cGU9InRleHQvanNvbiImZ3Q7eyJ1cmwiOiJodHRwczovL3R3aXR0ZXIuY29tL01jTGFyZW5GMS9zdGF0dXMvNzI5MjE4MDI2ODM5Njc0ODgxIiwidHlwZSI6InJpY2giLCJ2ZXJzaW9uIjoiMS4wIiwidGl0bGUiOiJNY0xhcmVuIG9uIFR3aXR0ZXIgLyBYIiwiYXV0aG9yIjoiTWNMYXJlbiIsImF1dGhvcl91cmwiOiJodHRwczovL3R3aXR0ZXIuY29tL01jTGFyZW5GMSIsInByb3ZpZGVyX25hbWUiOiJUd2l0dGVyIiwiZGVzY3JpcHRpb24iOiIjT25UaGlzRGF5IGluIDIwMDUsIEtpbWkgUsOkaWtrw7ZuZW4gdG9wcGVkIHRoZSBwb2RpdW0gYXQgdGhlICNTcGFuaXNoR1AsIHNldHRpbmcgdGhlIGZhc3Rlc3QgbGFwIDEzIHRpbWVzLiBwaWMudHdpdHRlci5jb20vT0tibjNkSHpOQeKAlCBNY0xhcmVuIChATWNMYXJlbkYxKSBNYXkgOCwgMjAxNlxuXG5cbiIsInRodW1ibmFpbF91cmwiOiJodHRwczovL3Bicy50d2ltZy5jb20vbWVkaWEvQ2g2ejZabVdzQUFrdWxOLmpwZzpsYXJnZSIsInRodW1ibmFpbF93aWR0aCI6MjA0OCwidGh1bWJuYWlsX2hlaWdodCI6MTM3MCwiY2FjaGVfYWdlIjo4NjQwMCwib3B0aW9ucyI6eyJfaGlkZV9tZWRpYSI6eyJsYWJlbCI6IkhpZGUgcGhvdG9zLCB2aWRlb3MsIGFuZCBjYXJkcyIsInZhbHVlIjpmYWxzZX0sIl90aGVtZSI6eyJ2YWx1ZSI6IiIsInZhbHVlcyI6eyJkYXJrIjoiVXNlIGRhcmsgdGhlbWUifX0sIl9tYXh3aWR0aCI6eyJ2YWx1ZSI6IiIsImxhYmVsIjoiQWRqdXN0IHdpZHRoIiwicGxhY2Vob2xkZXIiOiIyMjAtNTUwLCBpbiBweCJ9fX0mbHQ7L3NjcmlwdCZndDsmbHQ7L2RpdiZndDs=\">\n                <a data-iframely-url=\"\" href=\"https:\/\/twitter.com\/McLarenF1\/status\/729218026839674881\">https:\/\/twitter.com\/McLarenF1\/status\/729218026839674881<\/a>\n              <\/div>\n<p><b>Entre los tres primeros del campeonato de pilotos se repartieron las ocho carreras que van del calendario 2025 <\/b>(Piastri, con ocho triunfos, fue el que m\u00e1s gan\u00f3). \u00bfSer\u00e1 que la victoria en Espa\u00f1a tambi\u00e9n se sellar\u00e1 con alguno de esos tres nombres o habr\u00e1 sorpresa en Montmel\u00f3? La aventura de la M\u00e1xima empieza y, qui\u00e9n sabe, todo puede pasar.<\/p>\n<p><!-- Live Blog Post --><\/div>\n<p><script async src=\"\/\/platform.twitter.com\/widgets.js\" charset=\"utf-8\"><\/script><br \/><a href=\"https:\/\/www.pagina12.com.ar\/829774-mclaren-y-una-espera-de-20-anos\">source<\/a><\/p>\n","protected":false},"excerpt":{"rendered":"<p>La triple ventana de acci\u00f3n europea al hilo de la F\u00f3rmula 1 se cierra este&#8230;<\/p>\n","protected":false},"author":3,"featured_media":21177,"comment_status":"closed","ping_status":"closed","sticky":false,"template":"","format":"standard","meta":{"footnotes":""},"categories":[21],"tags":[],"class_list":["post-21176","post","type-post","status-publish","format-standard","has-post-thumbnail","hentry","category-deportes"],"featured_image_urls":{"full":["https:\/\/fmamiga909.com.ar\/wp-content\/uploads\/2025\/05\/wp-header-logo-343.png",960,540,false],"thumbnail":["https:\/\/fmamiga909.com.ar\/wp-content\/uploads\/2025\/05\/wp-header-logo-343-150x150.png",150,150,true],"medium":["https:\/\/fmamiga909.com.ar\/wp-content\/uploads\/2025\/05\/wp-header-logo-343-300x169.png",300,169,true],"medium_large":["https:\/\/fmamiga909.com.ar\/wp-content\/uploads\/2025\/05\/wp-header-logo-343.png",960,540,false],"large":["https:\/\/fmamiga909.com.ar\/wp-content\/uploads\/2025\/05\/wp-header-logo-343.png",640,360,false],"1536x1536":["https:\/\/fmamiga909.com.ar\/wp-content\/uploads\/2025\/05\/wp-header-logo-343.png",960,540,false],"2048x2048":["https:\/\/fmamiga909.com.ar\/wp-content\/uploads\/2025\/05\/wp-header-logo-343.png",960,540,false],"newsium-slider-full":["https:\/\/fmamiga909.com.ar\/wp-content\/uploads\/2025\/05\/wp-header-logo-343.png",960,540,false],"newsium-featured":["https:\/\/fmamiga909.com.ar\/wp-content\/uploads\/2025\/05\/wp-header-logo-343.png",960,540,false],"newsium-medium":["https:\/\/fmamiga909.com.ar\/wp-content\/uploads\/2025\/05\/wp-header-logo-343-720x475.png",720,475,true]},"author_info":{"display_name":"Fredy Giuliano","author_link":"https:\/\/fmamiga909.com.ar\/?author=3"},"category_info":"<a href=\"https:\/\/fmamiga909.com.ar\/?cat=21\" rel=\"category\">Deportes<\/a>","tag_info":"Deportes","comment_count":"0","_links":{"self":[{"href":"https:\/\/fmamiga909.com.ar\/index.php?rest_route=\/wp\/v2\/posts\/21176","targetHints":{"allow":["GET"]}}],"collection":[{"href":"https:\/\/fmamiga909.com.ar\/index.php?rest_route=\/wp\/v2\/posts"}],"about":[{"href":"https:\/\/fmamiga909.com.ar\/index.php?rest_route=\/wp\/v2\/types\/post"}],"author":[{"embeddable":true,"href":"https:\/\/fmamiga909.com.ar\/index.php?rest_route=\/wp\/v2\/users\/3"}],"replies":[{"embeddable":true,"href":"https:\/\/fmamiga909.com.ar\/index.php?rest_route=%2Fwp%2Fv2%2Fcomments&post=21176"}],"version-history":[{"count":0,"href":"https:\/\/fmamiga909.com.ar\/index.php?rest_route=\/wp\/v2\/posts\/21176\/revisions"}],"wp:featuredmedia":[{"embeddable":true,"href":"https:\/\/fmamiga909.com.ar\/index.php?rest_route=\/wp\/v2\/media\/21177"}],"wp:attachment":[{"href":"https:\/\/fmamiga909.com.ar\/index.php?rest_route=%2Fwp%2Fv2%2Fmedia&parent=21176"}],"wp:term":[{"taxonomy":"category","embeddable":true,"href":"https:\/\/fmamiga909.com.ar\/index.php?rest_route=%2Fwp%2Fv2%2Fcategories&post=21176"},{"taxonomy":"post_tag","embeddable":true,"href":"https:\/\/fmamiga909.com.ar\/index.php?rest_route=%2Fwp%2Fv2%2Ftags&post=21176"}],"curies":[{"name":"wp","href":"https:\/\/api.w.org\/{rel}","templated":true}]}}