{"id":21192,"date":"2025-05-30T13:36:18","date_gmt":"2025-05-30T13:36:18","guid":{"rendered":"https:\/\/fmamiga909.com.ar\/?p=21192"},"modified":"2025-05-30T13:36:18","modified_gmt":"2025-05-30T13:36:18","slug":"formula-1-en-barcelona-franco-colapinto-corre-las-practicas-libres","status":"publish","type":"post","link":"https:\/\/fmamiga909.com.ar\/?p=21192","title":{"rendered":"F\u00f3rmula 1 en Barcelona: Franco Colapinto corre las pr\u00e1cticas libres"},"content":{"rendered":"<div id=\"post-1000\">\n<div class=\"col 2-col\">\n<h2>El tiempo de Colapinto<\/h2>\n<p>El piloto argentino Franco Colapinto termin\u00f3 en la \u00faltima posici\u00f3n en las pr\u00e1cticas libres 1 del Gran Premio de Espa\u00f1a de F\u00f3rmula 1, sesi\u00f3n que tuvo como ganador al brit\u00e1nico Lando Norris (McLaren).<\/p>\n<p>   Colapinto, que disputa su tercer Gran Premio con la escuder\u00eda francesa Alpine, registr\u00f3 un mejor tiempo de 1:15,530. Su posici\u00f3n no fue lo \u00fanico negativo, ya que sobre el final de la sesi\u00f3n se habr\u00edan registrado problemas en la parte trasera de su monoplaza.<\/p>\n<p>   En lo que respecta a los l\u00edderes, Norris termin\u00f3 primero gracias a su vuelta de 1:13,718 que le permiti\u00f3 sacarle 367 mil\u00e9simas a su escolta, el neerland\u00e9s Max Verstappen (Red Bull).<\/p>\n<\/div>\n<\/div>\n<div id=\"post-0931\">\n<div class=\"col 2-col\">\n<h2>Termin\u00f3 la Pr\u00e1ctica libre 1<\/h2>\n<p>Con Norris al frente, seguido por Verstappen y Hamilton, finaliz\u00f3 el primer entrenamiento en el circuito de Barcelona.<\/p>\n<p>Franco Colapinto termin\u00f3 en el puesto 20, tras retirar el auto a falta de unos 10 minutos para que trabajen los mec\u00e1nicos.<\/p>\n<\/div>\n<\/div>\n<div id=\"post-0922\">\n<div class=\"col 2-col\">\n<h2>Colapinto retir\u00f3 su auto antes del final de la Pr\u00e1ctica 1<\/h2>\n<p>El equipo Albine decidi\u00f3 que el monoplaza del argentino permanezca en boxes a falta de 10 minutos para que finalice el primero de los entrenamientos libres en Barcelona.\u00a0<\/p>\n<p>Realizar\u00e1n arreglos en la parte trasera del auto.<\/p>\n<\/div>\n<\/div>\n<div id=\"post-0832\">\n<div class=\"col 2-col\">\n<h2>Empez\u00f3 la pr\u00e1ctica libre 1<\/h2>\n<p>A las 9.30 comenzaron a salir los autos a la pista de Barcelona para la primera de las tres pr\u00e1cticas previstas para este fin de semana.<\/p>\n<\/div>\n<\/div>\n<div id=\"post-0825\">\n<div class=\"col 2-col\">\n<h2>Colapinto, Barcelona y un cuarto de siglo\u00a0<\/h2>\n<p>Por Malva Marani<\/p>\n<p><b>El Gran Premio de Espa\u00f1a<\/b> inicia sus actividades este viernes con las primeras pr\u00e1cticas libres y <b>recibir\u00e1 otra vez a un piloto argentino tras 25 a\u00f1os de ausencias: Franco Colapinto<\/b> <b>girar\u00e1 con Alpine, durante su tercera actuaci\u00f3n desde la vuelta a la F\u00f3rmula 1, en un circuito que adem\u00e1s conoce mucho y le sienta muy bien.<\/b> Gast\u00f3n Mazzacane, con Minardi, hab\u00eda sido el \u00faltimo en llevar la bandera albiceleste al trazado de Catalunya, all\u00e1 por el a\u00f1o 2000.<\/p>\n<h3><b><a href=\"https:\/\/www.pagina12.com.ar\/829736-colapinto-barcelona-y-un-cuarto-de-siglo\">Le\u00e9 la nota completa<\/a><\/b><\/h3>\n<\/div>\n<\/div>\n<div id=\"post-0800\">\n<div class=\"col 2-col\">\n<h2>As\u00ed est\u00e1 el campeonato de pilotos<\/h2>\n<p>1- Oscar Piastri (McLaren): 161.<br \/>2- Lando Norris (McLaren): 158.<br \/>3- Max Verstappen (Red Bull): 136.<br \/>4- George Russell (Mercedes): 99.<br \/>5- Charles Leclerc (Ferrari): 79<\/p>\n<\/div>\n<\/div>\n<div id=\"post-0745\">\n<div class=\"col 2-col\">\n<h2>La temporada de Colapinto<\/h2>\n<p>\u00a0Esta ser\u00e1 la tercera carrera en Alpine para Franco Colapinto, que debut\u00f3 con la escuder\u00eda francesa hace dos fines de semana en el GP de Emilia-Roma\u00f1a, donde termin\u00f3 16\u00b0 luego de una accidentada clasificaci\u00f3n. Solo siete d\u00edas despu\u00e9s, en M\u00f3naco, el argentino cruz\u00f3 la bandera a cuadros en la decimotercera posici\u00f3n, redondeando una carrera muy prolija.<\/p>\n<\/div>\n<\/div>\n<div id=\"post-0730\">\n<div class=\"col 2-col\">\n<h2>La preparaci\u00f3n de Franco Colapinto para el GP de Barcelona: astr\u00f3logos, milanesas y parrillada argentina\u00a0<\/h2>\n<p>Barcelona es la \u00faltima escala en tres fines de semana consecutivos de F\u00f3rmula 1. Se espera una fuerte presencia argentina y las agencias ya armaron paquetes por m\u00e1s de tres millones de pesos.\u00a0<\/p>\n<h3><b><a href=\"https:\/\/www.pagina12.com.ar\/829640-la-preparacion-de-franco-colapinto-para-el-gp-de-barcelona-a\">Le\u00e9 la nota completa<\/a><\/b><\/h3>\n<\/div>\n<\/div>\n<p><a href=\"https:\/\/www.pagina12.com.ar\/829879-formula-1-franco-colapinto-sale-a-la-pista-en-barcelona-para\">source<\/a><\/p>\n","protected":false},"excerpt":{"rendered":"<p>El tiempo de Colapinto El piloto argentino Franco Colapinto termin\u00f3 en la \u00faltima posici\u00f3n en&#8230;<\/p>\n","protected":false},"author":3,"featured_media":21193,"comment_status":"closed","ping_status":"closed","sticky":false,"template":"","format":"standard","meta":{"footnotes":""},"categories":[21],"tags":[],"class_list":["post-21192","post","type-post","status-publish","format-standard","has-post-thumbnail","hentry","category-deportes"],"featured_image_urls":{"full":["https:\/\/fmamiga909.com.ar\/wp-content\/uploads\/2025\/05\/wp-header-logo-350.png",960,540,false],"thumbnail":["https:\/\/fmamiga909.com.ar\/wp-content\/uploads\/2025\/05\/wp-header-logo-350-150x150.png",150,150,true],"medium":["https:\/\/fmamiga909.com.ar\/wp-content\/uploads\/2025\/05\/wp-header-logo-350-300x169.png",300,169,true],"medium_large":["https:\/\/fmamiga909.com.ar\/wp-content\/uploads\/2025\/05\/wp-header-logo-350.png",960,540,false],"large":["https:\/\/fmamiga909.com.ar\/wp-content\/uploads\/2025\/05\/wp-header-logo-350.png",640,360,false],"1536x1536":["https:\/\/fmamiga909.com.ar\/wp-content\/uploads\/2025\/05\/wp-header-logo-350.png",960,540,false],"2048x2048":["https:\/\/fmamiga909.com.ar\/wp-content\/uploads\/2025\/05\/wp-header-logo-350.png",960,540,false],"newsium-slider-full":["https:\/\/fmamiga909.com.ar\/wp-content\/uploads\/2025\/05\/wp-header-logo-350.png",960,540,false],"newsium-featured":["https:\/\/fmamiga909.com.ar\/wp-content\/uploads\/2025\/05\/wp-header-logo-350.png",960,540,false],"newsium-medium":["https:\/\/fmamiga909.com.ar\/wp-content\/uploads\/2025\/05\/wp-header-logo-350-720x475.png",720,475,true]},"author_info":{"display_name":"Fredy Giuliano","author_link":"https:\/\/fmamiga909.com.ar\/?author=3"},"category_info":"<a href=\"https:\/\/fmamiga909.com.ar\/?cat=21\" rel=\"category\">Deportes<\/a>","tag_info":"Deportes","comment_count":"0","_links":{"self":[{"href":"https:\/\/fmamiga909.com.ar\/index.php?rest_route=\/wp\/v2\/posts\/21192","targetHints":{"allow":["GET"]}}],"collection":[{"href":"https:\/\/fmamiga909.com.ar\/index.php?rest_route=\/wp\/v2\/posts"}],"about":[{"href":"https:\/\/fmamiga909.com.ar\/index.php?rest_route=\/wp\/v2\/types\/post"}],"author":[{"embeddable":true,"href":"https:\/\/fmamiga909.com.ar\/index.php?rest_route=\/wp\/v2\/users\/3"}],"replies":[{"embeddable":true,"href":"https:\/\/fmamiga909.com.ar\/index.php?rest_route=%2Fwp%2Fv2%2Fcomments&post=21192"}],"version-history":[{"count":0,"href":"https:\/\/fmamiga909.com.ar\/index.php?rest_route=\/wp\/v2\/posts\/21192\/revisions"}],"wp:featuredmedia":[{"embeddable":true,"href":"https:\/\/fmamiga909.com.ar\/index.php?rest_route=\/wp\/v2\/media\/21193"}],"wp:attachment":[{"href":"https:\/\/fmamiga909.com.ar\/index.php?rest_route=%2Fwp%2Fv2%2Fmedia&parent=21192"}],"wp:term":[{"taxonomy":"category","embeddable":true,"href":"https:\/\/fmamiga909.com.ar\/index.php?rest_route=%2Fwp%2Fv2%2Fcategories&post=21192"},{"taxonomy":"post_tag","embeddable":true,"href":"https:\/\/fmamiga909.com.ar\/index.php?rest_route=%2Fwp%2Fv2%2Ftags&post=21192"}],"curies":[{"name":"wp","href":"https:\/\/api.w.org\/{rel}","templated":true}]}}