{"id":21194,"date":"2025-05-30T13:42:07","date_gmt":"2025-05-30T13:42:07","guid":{"rendered":"https:\/\/fmamiga909.com.ar\/?p=21194"},"modified":"2025-05-30T13:42:07","modified_gmt":"2025-05-30T13:42:07","slug":"el-futuro-de-julian-gutierrez-es-inmenso-no-tiene-techo","status":"publish","type":"post","link":"https:\/\/fmamiga909.com.ar\/?p=21194","title":{"rendered":"&quot;El futuro de Juli\u00e1n Guti\u00e9rrez es inmenso, no tiene techo&quot;"},"content":{"rendered":"<div><!-- Body --><\/p>\n<p>El presidente de la Federaci\u00f3n Argentina de Tiro, Ariel Mart\u00ednez, calific\u00f3 de \u00abexcelente\u00bb el desempe\u00f1o del catamarque\u00f1o Juli\u00e1n Guti\u00e9rrez, octavo y ganador del diploma ol\u00edmpico en los Juegos Ol\u00edmpicos de Par\u00eds, en la Copa del Mundo del mes pasado en la que conquist\u00f3 dos medallas de bronce, algo in\u00e9dito para un deportista nacional en este certamen desde su primera edici\u00f3n hace 39 a\u00f1os. \u00abEl futuro de Juli\u00e1n es inmenso. Para mi, no tiene techo. Juli\u00e1n puso al rifle argentino en escena\u00bb, expres\u00f3 en una entrevista con <b>P\u00e1gina 12<\/b>\u00a0Mart\u00ednez, de 59 a\u00f1os, y titular de la Federaci\u00f3n desde 2022, en la que previamente fue director nacional del 2011 a 2022.<\/p>\n<p>El tirador catamarque\u00f1o, de 24 a\u00f1os , conquist\u00f3 dos medallas de bronce en la Copa del Mundo ISSF (Federaci\u00f3n Internacional de Tiro deportivo) de Buenos Aires del mes pasado, que cont\u00f3 con  la participaci\u00f3n de m\u00e1s de 400 deportistas de 45 pa\u00edses y que tuvo la particularidad de ser la primera vez que recibi\u00f3 a las tres armas, pistola, rifle y escopeta. Guti\u00e9rrez, quien representa al Tiro Ol\u00edmpico Catamarca y estudia Ciencias Econ\u00f3micas, logr\u00f3 sendas medallas de bronce en la modalidad 10 metros rifle aire individual y por equipos en la misma prueba \u2013junto a la cordobesa Fernanda Russo\u2013 y se transform\u00f3 en el primer tirador argentino en obtener dos preseas en una misma Copa del Mundo desde su primera edici\u00f3n en   M\u00e9xico 1986. Previamente, Daniel Felizia  gan\u00f3 la medalla de oro en la Copa del Mundo de Estados Unidos 2001 en pistola tiro r\u00e1pido; y Federico Gil obtuvo una de oro en Larnaca, Chipre, 2017, en la categor\u00eda skeet, en la que subi\u00f3 al segundo puesto podio en otras cuatro ocasiones: Nicosia (Chipre) 2020; Osijek (Croacia) 2021; Lima (Per\u00fa) 2022 y Bak\u00fa (Azerbaiy\u00e1n) 2024.<\/p>\n<p> En los Juegos Ol\u00edmpicos de Par\u00eds, Guti\u00e9rrez logr\u00f3 el octavo puesto en 10m Rifle de Aire; Fernanda Russo finaliz\u00f3 en el 30mo lugar en la prueba de rifle de aire 10 metros y, adem\u00e1s,  junto con Guti\u00e9rrez en la 19na posici\u00f3n en metros rifle de aire en equipos mixtos; y Federico Gil concluy\u00f3 en el 27mo puesto en skeet.<\/p>\n<p><b>\u2013\u00bfC\u00f3mo describ\u00eds la actuaci\u00f3n de Guti\u00e9rrez en el mundial del mes pasado en Buenos Aires?<\/b><\/p>\n<p>\u2013Su actuaci\u00f3n en el mundial fue excelente, sobre todo en la modalidad mixta donde hizo la segunda mejor marca de todos los participantes entre hombres y mujeres.<\/p>\n<p><b>\u2013\u00bfQu\u00e9 significan esos logros para el pa\u00eds?<\/b><\/p>\n<p>\u2013Al pa\u00eds lo hace aparecer en el contexto mundial y que todos nos miren de otra forma, ya China nos ofreci\u00f3 hacer un campus junto a ellos.<\/p>\n<p><b>\u2013\u00bfY para su desarrollo?<\/b><\/p>\n<p>\u2013Para el desarrollo de Juli\u00e1n fue fundamental porque lo hace pensar que se puede y que va a llegar de mejor manera a los Juegos Ol\u00edmpicos de Los \u00c1ngeles 2028.<\/p>\n<p><b>\u2013\u00bfQu\u00e9 an\u00e1lisis hiciste de su actuaci\u00f3n en Par\u00eds 2024?<\/b><\/p>\n<p>\u2013Sab\u00edamos que Juli\u00e1n pod\u00eda llegar a ese nivel. Fue fant\u00e1stico el 631,7 que logr\u00f3 en la competencia, igualando al chino Lihao Sheng, que tiene el r\u00e9cord mundial. Creo que podr\u00eda haber hecho un punto o un punto y medio m\u00e1s, tranquilamente. Por ah\u00ed le falt\u00f3 haber ingresado en m\u00e1s finales.  Lo hizo en una copa del mundo en Brasil en 2022; el a\u00f1o pasado en la Copa de las Am\u00e9ricas y en el Panamericano y tambi\u00e9n ingres\u00f3, como junior, en una competencia en M\u00fanich donde hab\u00eda muchos deportistas de buen nivel. Le falt\u00f3 m\u00e1s roce internacional  de nivel . Ir a alguna copa donde no hab\u00eda tanto nivel y poder haber entrado en la final y haber tenido roce.  Creo que si hubiese tenido ese roce, hubiera manejado m\u00e1s y mejor la final en los Juegos Ol\u00edmpicos. Hubiese tenido todo m\u00e1s controlado. Juli\u00e1n es una persona muy meticulosa, sabe donde est\u00e1 parado; sabe cu\u00e1ntos puntos le faltan para ganar o perder. Eso, a veces juega a favor o en contra. Fue un desempe\u00f1o fant\u00e1stico en la prueba: igual\u00f3 el primer puesto. Y un desempe\u00f1o hist\u00f3rico porque rifle nunca hab\u00eda estado entre los ocho mejores en la historia de los Juegos. S\u00ed estuvo escopeta y pistola. Juli\u00e1n puso al rifle argentino en escena.<\/p>\n<p><b>\u2013\u00bfQu\u00e9 indica que Guti\u00e9rrez haya sido el \u00fanico representante de Am\u00e9rica en la final ol\u00edmpica?<\/b><\/p>\n<p>\u2013Indica que en rifle en el pa\u00eds se est\u00e1 trabajando bien. Que a pesar de sus escasos recursos se hizo un trabajo muy serio. El \u00faltimo mes antes de los Juegos, el director t\u00e9cnico nacional Pablo Alvarez estuvo con Juli\u00e1n y Fernanda en Europa, sirvi\u00f3 para poner al equipo en su mejor dimensi\u00f3n, donde se realizaron ajustes muy importantes como b\u00fasqueda de mejores balines, ajustar el rifle en f\u00e1brica de la mejor manera. Eso fue la diferencia con el resto. Aparte del trabajo que se vino realizando. Argentina hizo una buena b\u00fasqueda de talentos en 2014 \u2013donde sali\u00f3 Fernanda- y 2018 \u2013 sali\u00f3 Juli\u00e1n-. Eso sirvi\u00f3 y se vio reflejado ac\u00e1.<\/p>\n<p><b>\u2013\u00bfQu\u00e9 signific\u00f3 el diploma ol\u00edmpico que logr\u00f3 Guti\u00e9rrez para el tiro argentino?<\/b><\/p>\n<p>\u2013Ubica a nuestra Federaci\u00f3n en una posici\u00f3n interesante. Como para que se la tenga en cuenta y que le posibilite continuar con los apoyos y que se est\u00e1 trabajando bien. No es casualidad que Juli\u00e1n est\u00e9 all\u00e1 arriba. Hay un mont\u00f3n de gente trabajando en la Federaci\u00f3n, en el cuerpo t\u00e9cnico, en los clubes para sacar este tipo de resultados. Necesitamos que conf\u00eden un poquito m\u00e1s y nos den lo que a veces no hace falta: el apoyo para poder traer competencias a la Argentina y para el material deportivo que a veces necesitamos.<\/p>\n<p><b> \u2013\u00bfQu\u00e9 futuro le ves al tirador catamarque\u00f1o?<\/b><\/p>\n<p>\u2013El futuro de Juli\u00e1n es inmenso. Para mi, no tiene techo. Es una persona que tiene la cabeza muy centrada; est\u00e1 muy bien apuntalado desde todos lados: familiarmente,  lo apoyan en su toma de decisiones de la importancia que le da al deporte, que es semi profesional. Y que le puede servir para seguir ampliando su horizonte y seguir trabajando a nivel mundial. Falta que lo podamos ir acompa\u00f1ando federativamente, desde el ENard, la Secretar\u00eda de Deportes para poder llegar a las competencias que necesita, no a las que se lo pueda llevar. <\/p>\n<p><b>\u2013Te trascribo lo siguiente: \u201cHay medallas mucho m\u00e1s importantes que una medalla de oro. Yo estoy agradecida de poder estar viva, de poder disfrutar de la competencia. En los primeros 40 tiros pude dar la mejor versi\u00f3n de mi. Muy lejos qued\u00f3 la Fernanda con pensamientos suicidas despu\u00e9s de Tokio y creo que eso es lo m\u00e1s importante\u00bb, explic\u00f3 Fernanda Russo, m\u00faltiple medallista panamericana y tres veces representante ol\u00edmpica, en di\u00e1logo con TyC Sports. \u00bfQu\u00e9 te sugiere tal declaraci\u00f3n?<\/b><\/p>\n<p>\u2013Hay un equipo multidisciplinario trabajando con Fernanda. Yo integro la parte t\u00e9cnica-deportiva de tiro. Ella trabaja con un psic\u00f3logo, que es Marcelo Roff\u00e9, tambi\u00e9n trabaja con un equipo de apoyo en la parte social. Ellos est\u00e1n m\u00e1s capacitados que yo para responder cualquier pregunta relacionada con esa declaraci\u00f3n. Me parece una falta de respeto personal hacer un comentario sobre algo que no es mi fuerte, teniendo a esos profesionales al lado, tan prestigiosos y de tanta trayectoria.<\/p>\n<p><b>\u2013\u00bfQu\u00e9 an\u00e1lisis hiciste de la actuaci\u00f3n de Guti\u00e9rrez, Fernanda Russo y Federico Gil,  los tiradores argentinos, en los Juegos Ol\u00edmpicos de Par\u00eds del a\u00f1o pasado?<\/b><\/p>\n<p>\u2013El tiro, dentro de la delegaci\u00f3n argentina, cumpli\u00f3 con creces. Se destac\u00f3 porque trajo un diploma ol\u00edmpico, de los seis  que se lograron y de las tres medallas. Eso me parece muy positivo. Con muy pocos recursos se mantuvo en zona de competencia.  Ampliar la base de la pir\u00e1mide es la clave para poder ir empujando a los de arriba hacia un nivel m\u00e1s alto. <\/p>\n<p><b>\u2013\u00bfC\u00f3mo calific\u00e1s el desempe\u00f1o de Federico Gil, quien finaliz\u00f3 en el mismo puesto que en los Juegos de R\u00edo de Janeiro 2016 y debajo del Tokio 2020?<\/b><\/p>\n<p>\u2013El desempe\u00f1o de Federico Gil no fue el esperado. Esper\u00e1bamos m\u00e1s porque ven\u00eda destac\u00e1ndose en competencias de nivel mundial, donde este a\u00f1o  hab\u00eda conseguido una medalla de plata en una copa del mundo y siempre estuvo en zona de finales en las competencias . Al margen de que uno puede quedar  primero, segundo o tercero, el error fue en el desempe\u00f1o del resultado final, que no fue el esperado. Porque 116 es un resultado que hace a\u00f1os que no lo hac\u00eda. Creo es una experiencia para \u00e9l y ya est\u00e1 trabajando para lo que estamos buscando en los deportistas que est\u00e9n pensando en los Juegos de Los \u00c1ngeles 2028. Y Federico est\u00e1 pensando en Los \u00c1ngeles 2028 y a mi criterio va por el buen camino. Es m\u00e1s, lo digo hoy: si cumple el desarrollo como debe ser, en el 2028 puede estar en zona de final, tranquilamente. Me parece que en la pr\u00f3xima, Federico puede ser candidato, pero tiene que ajustar algunas cosas que me dijo que pensaba hacer, que me parecieron correctas. Haciendo eso, pienso que el crecimiento va a ser notable.<\/p>\n<p><b> \u2013\u00bfY el Russo?<\/b><\/p>\n<p>\u2013Con respecto a Fernanda, ten\u00eda un problema que algo sali\u00f3 en los medios, ella lo hizo p\u00fablico, que le imped\u00eda, en cierta manera, desarrollar su mayor potencial en los entrenamientos y, obviamente, eso hace que en las competencias no tenga el mismo nivel. Si uno en un entrenamiento no puede elevar el nivel, obviamente en la competencia tampoco. Al  margen que es una de las pocas que en competencia rinde lo mismo o tiene un plus que en los entrenamientos. Es algo destacable porque son muy pocos los deportistas que lo tienen en todas las modalidades y no solo en tiro. Ella lo logr\u00f3. Para estos Juegos Ol\u00edmpicos estuvo antes dos meses en el exterior para ver si lograba esa concentraci\u00f3n. La logr\u00f3, en parte porque hizo su piso que ven\u00eda haciendo en entrenamientos pero no hizo ni su media ni su pico. A veces se puede dar y a veces no. Eso fue lo que le falt\u00f3.\u00a0<\/p>\n<p><!-- Live Blog Post --><\/div>\n<p><a href=\"https:\/\/www.pagina12.com.ar\/829903-el-futuro-de-julian-gutierrez-es-inmenso-no-tiene-techo\">source<\/a><\/p>\n","protected":false},"excerpt":{"rendered":"<p>El presidente de la Federaci\u00f3n Argentina de Tiro, Ariel Mart\u00ednez, calific\u00f3 de \u00abexcelente\u00bb el desempe\u00f1o&#8230;<\/p>\n","protected":false},"author":3,"featured_media":21195,"comment_status":"closed","ping_status":"closed","sticky":false,"template":"","format":"standard","meta":{"footnotes":""},"categories":[21],"tags":[],"class_list":["post-21194","post","type-post","status-publish","format-standard","has-post-thumbnail","hentry","category-deportes"],"featured_image_urls":{"full":["https:\/\/fmamiga909.com.ar\/wp-content\/uploads\/2025\/05\/wp-header-logo-351.png",960,540,false],"thumbnail":["https:\/\/fmamiga909.com.ar\/wp-content\/uploads\/2025\/05\/wp-header-logo-351-150x150.png",150,150,true],"medium":["https:\/\/fmamiga909.com.ar\/wp-content\/uploads\/2025\/05\/wp-header-logo-351-300x169.png",300,169,true],"medium_large":["https:\/\/fmamiga909.com.ar\/wp-content\/uploads\/2025\/05\/wp-header-logo-351.png",960,540,false],"large":["https:\/\/fmamiga909.com.ar\/wp-content\/uploads\/2025\/05\/wp-header-logo-351.png",640,360,false],"1536x1536":["https:\/\/fmamiga909.com.ar\/wp-content\/uploads\/2025\/05\/wp-header-logo-351.png",960,540,false],"2048x2048":["https:\/\/fmamiga909.com.ar\/wp-content\/uploads\/2025\/05\/wp-header-logo-351.png",960,540,false],"newsium-slider-full":["https:\/\/fmamiga909.com.ar\/wp-content\/uploads\/2025\/05\/wp-header-logo-351.png",960,540,false],"newsium-featured":["https:\/\/fmamiga909.com.ar\/wp-content\/uploads\/2025\/05\/wp-header-logo-351.png",960,540,false],"newsium-medium":["https:\/\/fmamiga909.com.ar\/wp-content\/uploads\/2025\/05\/wp-header-logo-351-720x475.png",720,475,true]},"author_info":{"display_name":"Fredy Giuliano","author_link":"https:\/\/fmamiga909.com.ar\/?author=3"},"category_info":"<a href=\"https:\/\/fmamiga909.com.ar\/?cat=21\" rel=\"category\">Deportes<\/a>","tag_info":"Deportes","comment_count":"0","_links":{"self":[{"href":"https:\/\/fmamiga909.com.ar\/index.php?rest_route=\/wp\/v2\/posts\/21194","targetHints":{"allow":["GET"]}}],"collection":[{"href":"https:\/\/fmamiga909.com.ar\/index.php?rest_route=\/wp\/v2\/posts"}],"about":[{"href":"https:\/\/fmamiga909.com.ar\/index.php?rest_route=\/wp\/v2\/types\/post"}],"author":[{"embeddable":true,"href":"https:\/\/fmamiga909.com.ar\/index.php?rest_route=\/wp\/v2\/users\/3"}],"replies":[{"embeddable":true,"href":"https:\/\/fmamiga909.com.ar\/index.php?rest_route=%2Fwp%2Fv2%2Fcomments&post=21194"}],"version-history":[{"count":0,"href":"https:\/\/fmamiga909.com.ar\/index.php?rest_route=\/wp\/v2\/posts\/21194\/revisions"}],"wp:featuredmedia":[{"embeddable":true,"href":"https:\/\/fmamiga909.com.ar\/index.php?rest_route=\/wp\/v2\/media\/21195"}],"wp:attachment":[{"href":"https:\/\/fmamiga909.com.ar\/index.php?rest_route=%2Fwp%2Fv2%2Fmedia&parent=21194"}],"wp:term":[{"taxonomy":"category","embeddable":true,"href":"https:\/\/fmamiga909.com.ar\/index.php?rest_route=%2Fwp%2Fv2%2Fcategories&post=21194"},{"taxonomy":"post_tag","embeddable":true,"href":"https:\/\/fmamiga909.com.ar\/index.php?rest_route=%2Fwp%2Fv2%2Ftags&post=21194"}],"curies":[{"name":"wp","href":"https:\/\/api.w.org\/{rel}","templated":true}]}}