{"id":21206,"date":"2025-05-30T16:27:55","date_gmt":"2025-05-30T16:27:55","guid":{"rendered":"https:\/\/fmamiga909.com.ar\/?p=21206"},"modified":"2025-05-30T16:27:55","modified_gmt":"2025-05-30T16:27:55","slug":"champions-league-psg-e-inter-animan-el-duelo-por-la-orejona","status":"publish","type":"post","link":"https:\/\/fmamiga909.com.ar\/?p=21206","title":{"rendered":"Champions League: PSG e Inter animan el duelo por la Orejona"},"content":{"rendered":"<div><!-- Body --><\/p>\n<p>PSG o Inter de Mil\u00e1n. Luis Enrique o Lautaro Mart\u00ednez. Dos estrellas, l\u00edderes de dos equipos que persiguen un \u00e9xito que merecen. El t\u00e9cnico espa\u00f1ol visualiza la primera Orejona de la historia de su club y de Qatar. El delantero argentino roza el sue\u00f1o de levantar el gran t\u00edtulo a nivel de clubes. Solo uno de ellos podr\u00e1 salir victorioso este s\u00e1bado del partido que, a partir de las 16 horas de Argentina, se jugar\u00e1 en el Allianz Arena de M\u00fanich.<\/p>\n<p>La palabra \u00abHistoria\u00bb, as\u00ed, con may\u00fasculas, es la que m\u00e1s resuena estos d\u00edas en el Parque de los Pr\u00edncipes. Empezando por Luis Enrique, que la acaricia con la ambici\u00f3n que siempre arrastra el t\u00e9cnico espa\u00f1ol, perfectamente acoplado a las exigencias de un club casi refundado por Qatar para escribir una nueva p\u00e1gina de sus anales.<\/p>\n<p>Pero a diferencia de lo que sucedi\u00f3 en 2020, cuando Thomas Tuchel condujo al equipo a una final a puertas cerradas en Lisboa y en un formato casi burocr\u00e1tico para superar los a\u00f1os de covid, que acab\u00f3 cayendo ante el Bayern de M\u00fanich, ahora la palabra \u00abHistoria\u00bb, as\u00ed, con may\u00fasculas, pesa menos, dotada por el entrenador de la ligereza que otorga la confianza.<\/p>\n<p>El PSG llega armado hasta los dientes a M\u00fanich \u2013estadio que siempre depar\u00f3 un nuevo campe\u00f3n\u2013 con un equipo bien engrasado, una filosof\u00eda de juego que ha impregnado hasta los huesos cada estamento del club y una trayectoria que no tiene como punto culminante la Liga de Campeones.<\/p>\n<p>La armada de &#8216;Lucho&#8217; es joven y prometedora. Y gane o pierda contra el Inter, la historia continuar\u00e1. Apagados los focos habr\u00e1 otras p\u00e1ginas para estos jugadores y este t\u00e9cnico. Con ese horizonte afrontan el camino a la final, sin altibajos, sin tensiones, sin el nerviosismo habitual que suele rodear los d\u00edas previos a los duelos con may\u00fasculas.<\/p>\n<p>Ese es el gran arma de Luis Enrique, un equipo determinado a aplicar al pie de la letra el credo que desde que empez\u00f3 2025 ha maravillado al mundo. Su asfixiante presi\u00f3n y su desbordante poder\u00edo f\u00edsico han llevado a hasta 18 jugadores a crear lo m\u00e1s parecido a un f\u00fatbol total en el actual escaparate futbol\u00edstico.<\/p>\n<p>Ninguna pieza le falta al entrenador espa\u00f1ol para buscar la primera Champions del club franc\u00e9s, lo que denota una gesti\u00f3n del juego milim\u00e9trica que desde el primer d\u00eda ten\u00eda esta final en el punto de mira. El a\u00f1o pasado se qued\u00f3 en el escal\u00f3n previo y ahora, con un equipo m\u00e1s conjuntado que en escasas ocasiones ha lamentado la ausencia de Kylian Mbapp\u00e9, no se ven fisuras en el plan del entrenador.<\/p>\n<p>Es un equipo en el que, m\u00e1s all\u00e1 del t\u00e9cnico, no asoma ninguna cabeza, ni siquiera la de su reinventado delantero Ousmane Demb\u00e9l\u00e9, para quien el club no ha hecho campa\u00f1a por el Bal\u00f3n de Oro. Tiempo habr\u00e1 si finalmente se traen la copa de Alemania.<\/p>\n<p>La \u00fanica duda del t\u00e9cnico reside en la tercera punta de su tridente. Seguros Demb\u00e9l\u00e9 y Kvicha Kvaratskhelia, Bradley Barcola parece haber conseguido cierta ventaja sobre Desir\u00e9 Dou\u00e9, por su buena actuaci\u00f3n en la final de la Copa de Francia del pasado s\u00e1bado. El resto del once puede recitarlo de memoria todo aficionado del PSG, que sue\u00f1a con ver, al fin, a su equipo en la cumbre del f\u00fatbol europeo, y los propietarios catar\u00edes que lo han regado de millones desde 2012.<\/p>\n<p>Tendr\u00e1 que superar, eso s\u00ed, a todo un Inter. Un proyecto que, a diferencia del PSG, no fue concebido para ganar la Champions. Por presupuesto, por pasado reciente. Pero con su excelsa prestaci\u00f3n esos \u00faltimos a\u00f1os se ha ganado el derecho total y absoluto a sentirse protagonista en Europa. A so\u00f1ar con la cuarta Orejona de su palmar\u00e9s, esa que falta desde 2010 y que se le escap\u00f3 de entre los dedos en 2023, cuando perdi\u00f3 ante el Manchester City.<\/p>\n<p>Esa es la gran espina que tiene clavada el combinado de Simone Inzaghi, un equipo creado a su imagen y semejanza. Compacto atr\u00e1s. Vertiginoso en ataque. Con calidad en el centro del campo. Y con una idea de juego muy clara, conocida por todo un vestuario que rema en la misma direcci\u00f3n, que repite casi en su totalidad la experiencia de vivir una final de este nivel.<\/p>\n<p>El l\u00edder, claro, es Lautaro Mart\u00ednez. El de Bah\u00eda Blanca, capit\u00e1n nerazzurro desde hace dos temporadas, tiene una espina clavada en su carrera. Ha ganado casi todo lo que un futbolista puede ganar. El Mundial, la Copa Am\u00e9rica y la Final\u00edsima con Argentina; la Serie A, la Copa Italia y la Supercopa italiana con el Inter.<\/p>\n<p>Le falta solo triunfar a nivel continental con el club que lidera. Perdi\u00f3 la final de la Liga Europa 2019-2020, ante el Sevilla (3-2); y la final de la Liga de Campeones 2023, ante el Manchester City (1-0). Es su gran sue\u00f1o. Y no est\u00e1 dispuesto a dejarlo escapar.\u00a0<\/p>\n<p>Llega en su mejor momento. Es historia viva del club al ser el m\u00e1ximo goleador del Inter en Liga de Campeones con 21 dianas y m\u00e1ximo goleador extranjero de la historia del club con otros 151.<\/p>\n<p>Recuperado de la lesi\u00f3n que le impidi\u00f3 jugar al m\u00e1ximo en semifinales ante el Barcelona, comandar\u00e1 la ofensiva junto a Thuram, en un once de gala &#8216;nerazzurro&#8217; que vestir\u00e1 a Bastoni, Barella, Dumfries, Calhanoglu y compa\u00f1\u00eda de amarillo.<\/p>\n<p>La \u00fanica duda reside en si, al menos uno entre Benjamin Pavard y Yan Bisseck, encargados de hacer de central diestro en l\u00ednea de 3, podr\u00e1n estar finalmente disponibles o ser\u00e1 Matteo Darmian el encargado de ocupar esa posici\u00f3n. PSG o Inter. Luis Enrique o Lautaro. Solo podr\u00e1 quedar uno. M\u00fanich dictar\u00e1 sentencia.<\/p>\n<p><!-- Live Blog Post --><\/div>\n<p><a href=\"https:\/\/www.pagina12.com.ar\/829948-champions-league-psg-e-inter-animan-el-duelo-por-la-orejona\">source<\/a><\/p>\n","protected":false},"excerpt":{"rendered":"<p>PSG o Inter de Mil\u00e1n. Luis Enrique o Lautaro Mart\u00ednez. Dos estrellas, l\u00edderes de dos&#8230;<\/p>\n","protected":false},"author":3,"featured_media":21207,"comment_status":"closed","ping_status":"closed","sticky":false,"template":"","format":"standard","meta":{"footnotes":""},"categories":[21],"tags":[],"class_list":["post-21206","post","type-post","status-publish","format-standard","has-post-thumbnail","hentry","category-deportes"],"featured_image_urls":{"full":["https:\/\/fmamiga909.com.ar\/wp-content\/uploads\/2025\/05\/wp-header-logo-357.png",960,540,false],"thumbnail":["https:\/\/fmamiga909.com.ar\/wp-content\/uploads\/2025\/05\/wp-header-logo-357-150x150.png",150,150,true],"medium":["https:\/\/fmamiga909.com.ar\/wp-content\/uploads\/2025\/05\/wp-header-logo-357-300x169.png",300,169,true],"medium_large":["https:\/\/fmamiga909.com.ar\/wp-content\/uploads\/2025\/05\/wp-header-logo-357.png",960,540,false],"large":["https:\/\/fmamiga909.com.ar\/wp-content\/uploads\/2025\/05\/wp-header-logo-357.png",640,360,false],"1536x1536":["https:\/\/fmamiga909.com.ar\/wp-content\/uploads\/2025\/05\/wp-header-logo-357.png",960,540,false],"2048x2048":["https:\/\/fmamiga909.com.ar\/wp-content\/uploads\/2025\/05\/wp-header-logo-357.png",960,540,false],"newsium-slider-full":["https:\/\/fmamiga909.com.ar\/wp-content\/uploads\/2025\/05\/wp-header-logo-357.png",960,540,false],"newsium-featured":["https:\/\/fmamiga909.com.ar\/wp-content\/uploads\/2025\/05\/wp-header-logo-357.png",960,540,false],"newsium-medium":["https:\/\/fmamiga909.com.ar\/wp-content\/uploads\/2025\/05\/wp-header-logo-357-720x475.png",720,475,true]},"author_info":{"display_name":"Fredy Giuliano","author_link":"https:\/\/fmamiga909.com.ar\/?author=3"},"category_info":"<a href=\"https:\/\/fmamiga909.com.ar\/?cat=21\" rel=\"category\">Deportes<\/a>","tag_info":"Deportes","comment_count":"0","_links":{"self":[{"href":"https:\/\/fmamiga909.com.ar\/index.php?rest_route=\/wp\/v2\/posts\/21206","targetHints":{"allow":["GET"]}}],"collection":[{"href":"https:\/\/fmamiga909.com.ar\/index.php?rest_route=\/wp\/v2\/posts"}],"about":[{"href":"https:\/\/fmamiga909.com.ar\/index.php?rest_route=\/wp\/v2\/types\/post"}],"author":[{"embeddable":true,"href":"https:\/\/fmamiga909.com.ar\/index.php?rest_route=\/wp\/v2\/users\/3"}],"replies":[{"embeddable":true,"href":"https:\/\/fmamiga909.com.ar\/index.php?rest_route=%2Fwp%2Fv2%2Fcomments&post=21206"}],"version-history":[{"count":0,"href":"https:\/\/fmamiga909.com.ar\/index.php?rest_route=\/wp\/v2\/posts\/21206\/revisions"}],"wp:featuredmedia":[{"embeddable":true,"href":"https:\/\/fmamiga909.com.ar\/index.php?rest_route=\/wp\/v2\/media\/21207"}],"wp:attachment":[{"href":"https:\/\/fmamiga909.com.ar\/index.php?rest_route=%2Fwp%2Fv2%2Fmedia&parent=21206"}],"wp:term":[{"taxonomy":"category","embeddable":true,"href":"https:\/\/fmamiga909.com.ar\/index.php?rest_route=%2Fwp%2Fv2%2Fcategories&post=21206"},{"taxonomy":"post_tag","embeddable":true,"href":"https:\/\/fmamiga909.com.ar\/index.php?rest_route=%2Fwp%2Fv2%2Ftags&post=21206"}],"curies":[{"name":"wp","href":"https:\/\/api.w.org\/{rel}","templated":true}]}}