{"id":21208,"date":"2025-05-30T16:30:52","date_gmt":"2025-05-30T16:30:52","guid":{"rendered":"https:\/\/fmamiga909.com.ar\/?p=21208"},"modified":"2025-05-30T16:30:52","modified_gmt":"2025-05-30T16:30:52","slug":"champions-league-lautaro-martinez-va-por-la-orejona-y-una-revancha","status":"publish","type":"post","link":"https:\/\/fmamiga909.com.ar\/?p=21208","title":{"rendered":"Champions League: Lautaro Mart\u00ednez va por la Orejona y una revancha"},"content":{"rendered":"<div><!-- Body --><\/p>\n<p>El argentino Lautaro Mart\u00ednez es el jugador m\u00e1s determinante del Inter de Mil\u00e1n. Sus ojos est\u00e1n puestos en un \u00fanico objetivo: la Champions que este s\u00e1bado se juega ante el PSG, entre la revancha por la final perdida en Estambul en 2023 y el sue\u00f1o de levantar su primera Orejona.<\/p>\n<p>Capit\u00e1n nerazzurro desde hace dos temporadas, Lautaro tiene una espina clavada en su carrera. Ha ganado casi todo lo que un futbolista puede ganar. El Mundial, la Copa Am\u00e9rica y la Final\u00edsima con Argentina; la Serie A, la Copa Italia y la Supercopa italiana con el Inter.<\/p>\n<p>Le falta solo triunfar a nivel continental con el club que lidera. Perdi\u00f3 la final de la Liga Europa 2019-2020, ante el Sevilla (3-2); y la final de la Liga de Campeones 2023, ante el Manchester City (1-0). Dos partidos que tiene grabados en su memoria. Especialmente el \u00faltimo, en el que goz\u00f3 de una ocasi\u00f3n clara cuando el partido marchaba todav\u00eda empate que bien pudo cambiar el final.<\/p>\n<h2>El error de Estambul<\/h2>\n<p>Minuto 58 de partido. Un error de Bernardo Silva en construcci\u00f3n de jugada y el malentendido entre Akanji y Ederson dejaron a Lautaro solo. Demasiado escorado. Pero el de Bah\u00eda Blanca ten\u00eda el arco entre ceja y ceja. No vio las llegadas ni de Lukaku ni de Brozovic. Se ceg\u00f3 con la ocasi\u00f3n y termin\u00f3 fallando.<\/p>\n<p>Ahora es otro Lautaro el que jugar\u00e1 la final ante el PSG. Llega en su mejor momento. Es historia viva del club al ser el m\u00e1ximo goleador del Inter en Liga de Campeones con 21 tantos y m\u00e1ximo goleador extranjero de la historia del club con 151 goles.<\/p>\n<p>Forz\u00f3 para poder jugar la vuelta de semifinales ante el Barcelona. Una lesi\u00f3n en el aductor de la pierna izquierda durante el partido de ida en el Estadio Lluis Companys le dej\u00f3 pr\u00e1cticamente descartado.<\/p>\n<p>\u00abPas\u00e9 dos d\u00edas en casa llorando porque los dos primeros fueron muy duros. Me dol\u00eda much\u00edsimo la pierna, no pod\u00eda levantarla. Gracias a los m\u00e9dicos y fisioterapeutas que hicieron un trabajo excelente y trabajaron horas extra, pude jugar, no al 100%, pero s\u00ed en las mejores condiciones posibles\u00bb, explic\u00f3 el delantero interista en declaraciones a la UEFA. No estuvo al 100%. Pero marc\u00f3 y el Inter super\u00f3 las semifinales. Una eliminatoria para la historia.<\/p>\n<p>M\u00e1s completa que la que le enfrent\u00f3 en cuartos al Bayern de M\u00fanich de Harry Kane. Marc\u00f3 en la ida y en la vuelta. Apart\u00f3 al combinado alem\u00e1n de la final en su estadio: \u00abEsta noche la recordaremos por mucho tiempo&#8230; porque el Inter tiene dos cojones\u00bb, dijo a Amazon Prime tras el duelo.<\/p>\n<p>Ya all\u00ed, sobre el estadio en el que ahora pelear\u00e1 por la Orejona, supo que el Inter ten\u00eda posibilidades de llegar a la segunda final en tres a\u00f1os. Supo que iba a tener opciones de levantar la cuarta del club, ganador en 1964, 1965 y en 2010. Supo que podr\u00eda levantar su primera Champions. Supo que podr\u00eda pelear por cumplir su sue\u00f1o.<\/p>\n<h2>Los 9 goles de su Champions<\/h2>\n<p>\u00abVivir otra final de esta magnitud, en esta competici\u00f3n, ser\u00e1 incre\u00edble. Es un sue\u00f1o que est\u00e1 de nuevo a nuestro alcance. No quiero ni pensar si voy a lograr este objetivo que todos anhelamos y que el Inter lleva tanto tiempo sin alcanzar. Tengo muchas ganas de disfrutar el momento, esta final, este partido. Si se cumple, ser\u00e1 un sue\u00f1o hecho realidad\u00bb, asegur\u00f3 el bahiense a la UEFA.<\/p>\n<p>Nueve goles en la presente edici\u00f3n. La m\u00e1s prol\u00edfica de su carrera en &#8216;Champions&#8217;. El primero ante el Estrella Roja (4-0). El decisivo ante el Spartac Praga (0-1). El &#8216;hat-trick&#8217; ante el M\u00f3naco (3-0). El que encarril\u00f3 los octavos ante el Feyenoord e De Kuip (0-2). Los dos que doblegaron al Bayern en ida (1-2) y vuelta (2-2). Y la aportaci\u00f3n en semifinales, medio lesionado, ante el Barcelona (4-3).<\/p>\n<p>Le cost\u00f3 a principios de temporada. \u00c9l mismo lo reconoci\u00f3 abiertamente. Pero se puso al nivel a tiempo. Rompi\u00f3 r\u00e9cords del club. Lo llev\u00f3 a la gran final de M\u00fanich. La segunda de su carrera. La segunda en tres a\u00f1os. Esa en la que se mueve entre el sue\u00f1o de levantar una &#8216;Champions&#8217; y la revancha por la oportunidad perdida en 2023.<\/p>\n<p><!-- Live Blog Post --><\/div>\n<p><a href=\"https:\/\/www.pagina12.com.ar\/829946-champions-league-lautaro-martinez-va-por-la-orejona-y-una-re\">source<\/a><\/p>\n","protected":false},"excerpt":{"rendered":"<p>El argentino Lautaro Mart\u00ednez es el jugador m\u00e1s determinante del Inter de Mil\u00e1n. Sus ojos&#8230;<\/p>\n","protected":false},"author":3,"featured_media":21209,"comment_status":"closed","ping_status":"closed","sticky":false,"template":"","format":"standard","meta":{"footnotes":""},"categories":[21],"tags":[],"class_list":["post-21208","post","type-post","status-publish","format-standard","has-post-thumbnail","hentry","category-deportes"],"featured_image_urls":{"full":["https:\/\/fmamiga909.com.ar\/wp-content\/uploads\/2025\/05\/wp-header-logo-358.png",960,540,false],"thumbnail":["https:\/\/fmamiga909.com.ar\/wp-content\/uploads\/2025\/05\/wp-header-logo-358-150x150.png",150,150,true],"medium":["https:\/\/fmamiga909.com.ar\/wp-content\/uploads\/2025\/05\/wp-header-logo-358-300x169.png",300,169,true],"medium_large":["https:\/\/fmamiga909.com.ar\/wp-content\/uploads\/2025\/05\/wp-header-logo-358.png",960,540,false],"large":["https:\/\/fmamiga909.com.ar\/wp-content\/uploads\/2025\/05\/wp-header-logo-358.png",640,360,false],"1536x1536":["https:\/\/fmamiga909.com.ar\/wp-content\/uploads\/2025\/05\/wp-header-logo-358.png",960,540,false],"2048x2048":["https:\/\/fmamiga909.com.ar\/wp-content\/uploads\/2025\/05\/wp-header-logo-358.png",960,540,false],"newsium-slider-full":["https:\/\/fmamiga909.com.ar\/wp-content\/uploads\/2025\/05\/wp-header-logo-358.png",960,540,false],"newsium-featured":["https:\/\/fmamiga909.com.ar\/wp-content\/uploads\/2025\/05\/wp-header-logo-358.png",960,540,false],"newsium-medium":["https:\/\/fmamiga909.com.ar\/wp-content\/uploads\/2025\/05\/wp-header-logo-358-720x475.png",720,475,true]},"author_info":{"display_name":"Fredy Giuliano","author_link":"https:\/\/fmamiga909.com.ar\/?author=3"},"category_info":"<a href=\"https:\/\/fmamiga909.com.ar\/?cat=21\" rel=\"category\">Deportes<\/a>","tag_info":"Deportes","comment_count":"0","_links":{"self":[{"href":"https:\/\/fmamiga909.com.ar\/index.php?rest_route=\/wp\/v2\/posts\/21208","targetHints":{"allow":["GET"]}}],"collection":[{"href":"https:\/\/fmamiga909.com.ar\/index.php?rest_route=\/wp\/v2\/posts"}],"about":[{"href":"https:\/\/fmamiga909.com.ar\/index.php?rest_route=\/wp\/v2\/types\/post"}],"author":[{"embeddable":true,"href":"https:\/\/fmamiga909.com.ar\/index.php?rest_route=\/wp\/v2\/users\/3"}],"replies":[{"embeddable":true,"href":"https:\/\/fmamiga909.com.ar\/index.php?rest_route=%2Fwp%2Fv2%2Fcomments&post=21208"}],"version-history":[{"count":0,"href":"https:\/\/fmamiga909.com.ar\/index.php?rest_route=\/wp\/v2\/posts\/21208\/revisions"}],"wp:featuredmedia":[{"embeddable":true,"href":"https:\/\/fmamiga909.com.ar\/index.php?rest_route=\/wp\/v2\/media\/21209"}],"wp:attachment":[{"href":"https:\/\/fmamiga909.com.ar\/index.php?rest_route=%2Fwp%2Fv2%2Fmedia&parent=21208"}],"wp:term":[{"taxonomy":"category","embeddable":true,"href":"https:\/\/fmamiga909.com.ar\/index.php?rest_route=%2Fwp%2Fv2%2Fcategories&post=21208"},{"taxonomy":"post_tag","embeddable":true,"href":"https:\/\/fmamiga909.com.ar\/index.php?rest_route=%2Fwp%2Fv2%2Ftags&post=21208"}],"curies":[{"name":"wp","href":"https:\/\/api.w.org\/{rel}","templated":true}]}}