{"id":21214,"date":"2025-05-30T18:52:26","date_gmt":"2025-05-30T18:52:26","guid":{"rendered":"https:\/\/fmamiga909.com.ar\/?p=21214"},"modified":"2025-05-30T18:52:26","modified_gmt":"2025-05-30T18:52:26","slug":"briatore-respaldo-a-colapinto-pero-tambien-le-dejo-una-advertencia-si-rinde-es-quien-conduce-sino-ya-veremos","status":"publish","type":"post","link":"https:\/\/fmamiga909.com.ar\/?p=21214","title":{"rendered":"Briatore respald\u00f3 a Colapinto, pero tambi\u00e9n le dej\u00f3 una advertencia:\u00a0&quot;Si rinde, es quien conduce, sino ya veremos&quot;"},"content":{"rendered":"<div id=\"post-1320\">\n<div class=\"col 2-col\">\n<h2>\u00bfC\u00f3mo le fue a Colapinto hoy en las Pr\u00e1cticas libres 1 y 2?\u00a0<\/h2>\n<p>La Pr\u00e1ctica libre 1 de Colapinto se vio marcada por el peque\u00f1o incendio que sufri\u00f3 su monoplaza en la parte trasera, lo que forz\u00f3 al piloto a perderse los \u00faltimos 10 minutos en los boxes mientras los mec\u00e1nicos de Alpine trabajaban en el auto.\u00a0<\/p>\n<p>Despu\u00e9s de investigar lo sucedido, el equipo identific\u00f3 que la falla se debi\u00f3 a una fuga hidr\u00e1ulica. La misma fue arreglada y el pilarense pudo salir a la segunda pr\u00e1ctica.<\/p>\n<p>Ya en el segundo entrenamiento, el argentino utiliz\u00f3 neum\u00e1ticos blandos en buena parte de la sesi\u00f3n, pero no pudo mejorar su posici\u00f3n. <b>Su auto tuvo que pasar por boxes para ser revisado por los mec\u00e1nicos nuevamente<\/b>.\u00a0<\/p>\n<ul>\n<li><b>Pr\u00e1ctica libre 1: Colapinto sali\u00f3 20\u00ba con un tiempo de 1:15.530<\/b><\/li>\n<li><b>Pr\u00e1ctica libre 2: Colapinto sali\u00f3 20\u00ba con un tiempo de 1:14.303<\/b><\/li>\n<\/ul>\n<\/div>\n<\/div>\n<div id=\"post-1545\">\n<div class=\"col 2-col\">\n<h2>Briatore: \u00abNecesitamos esperar un segundo para evaluar a Franco\u00bb<\/h2>\n<p>\u00ab<b>Necesitamos esperar un segundo para evaluar a Franco<\/b>.\u00a0Veamos esta carrera. Necesitamos la carrera completa. Corrimos Montecarlo. Fue una carrera muy especial para todos. Cometimos muchos errores en la clasificaci\u00f3n. Y en Montecarlo, ya sabes, clasificar bien es la clave. Especialmente esa carrera. Montecarlo fue muy aburrido y muy molesto. Ya veremos. Esta es la primera carrera real de Franco\u00bb, sostuvo Flavio Briatore, asesor ejecutivo de la escuder\u00eda Alpine, en di\u00e1logo con los medios tras la acci\u00f3n de este viernes.<\/p>\n<p>El italiano insisti\u00f3 tambi\u00e9n en que no hay un plazo de carreras determinado para Colapinto en Alpine, aunque s\u00ed advirti\u00f3 que el argentino necesita rendir para mantener su lugar como titular por el resto de la temporada 2025. <b>\u00ab\u00bfCarreras? No s\u00e9, la verdad. Nunca dije cinco carreras, tres carreras, cuatro carreras, una carrera. Ya veremos. Si Colapinto rinde, es \u00e9l quien conduce el coche. Si no, ya veremos\u00bb<\/b>, sentenci\u00f3.<\/p>\n<p>Por otra parte, se refiri\u00f3 a las aspiraciones de la escuder\u00eda para el futuro: <b>\u201cEn 2026 podremos ganar carreras, lo afirmo. Y en 2027 queremos poder competir en el campeonato mundial\u201d<\/b>.<\/p>\n<\/div>\n<\/div>\n<div id=\"post-1345\">\n<div class=\"col 2-col\">\n<h2>La autocr\u00edtica de Colapinto<\/h2>\n<p><b>\u00abHay que intentar entender un poco mejor y traer ideas y soluciones para ma\u00f1ana, pero fue un d\u00eda complicado, lejos. No me sent\u00ed muy c\u00f3modo y no me es muy f\u00e1cil explicar\u00bb<\/b>, sostuvo Franco Colapinto tras sus actuaciones en los entrenamientos libres del GP de Espa\u00f1a.\u00a0<\/p>\n<div class=\"iframely-embed medium-embedded-content\" data-html=\"Jmx0O2RpdiZndDsmbHQ7ZGl2IHN0eWxlPSJsZWZ0OiAwOyB3aWR0aDogMTAwJTsgaGVpZ2h0OiAwOyBwb3NpdGlvbjogcmVsYXRpdmU7IHBhZGRpbmctYm90dG9tOiA1Ni4wNDE3JTsiJmd0OyZsdDtpZnJhbWUgc3JjPSJodHRwczovL2lmcmFtZWx5LnBhZ2luYTEyLmNvbS5hci9hcGkvaWZyYW1lP2NsaWNrX3RvX3BsYXk9MSZhbXA7dXJsPWh0dHBzJTNBJTJGJTJGZ2VvLmRhaWx5bW90aW9uLmNvbSUyRnBsYXllciUyRnh0NWVlLmh0bWwlM0Z2aWRlbyUzRHg5a2lsN2cmYW1wO2tleT00Njc2YjVmZGMwODMyNTdlYTg3ZjcxNjA4Yzc0ZTlmZSIgc3R5bGU9InRvcDogMDsgbGVmdDogMDsgd2lkdGg6IDEwMCU7IGhlaWdodDogMTAwJTsgcG9zaXRpb246IGFic29sdXRlOyBib3JkZXI6IDA7IiBhbGxvd2Z1bGxzY3JlZW4gc2Nyb2xsaW5nPSJubyIgYWxsb3c9ImVuY3J5cHRlZC1tZWRpYSAqOyImZ3Q7Jmx0Oy9pZnJhbWUmZ3Q7Jmx0Oy9kaXYmZ3Q7Jmx0Oy9kaXYmZ3Q7Jmx0O2RpdiBjbGFzcz0ibWVkaXVtLWluc2VydC1lbWJlZHMtbWV0YSImZ3Q7Jmx0O3NjcmlwdCB0eXBlPSJ0ZXh0L2pzb24iJmd0O3sidXJsIjoiaHR0cHM6Ly9nZW8uZGFpbHltb3Rpb24uY29tL3BsYXllci94dDVlZS5odG1sP3ZpZGVvPXg5a2lsN2ciLCJ0eXBlIjoidmlkZW8iLCJ2ZXJzaW9uIjoiMS4wIiwidGl0bGUiOiJGcmFuY28gQ29sYXBpbnRvIHRlcm1pbsOzIMO6bHRpbW8gZW4gbGEgc2VndW5kYSBwcsOhY3RpY2EgbGlicmUgZGVsIEdyYW4gUHJlbWlvIGRlIEVzcGHDsWEiLCJhdXRob3IiOiJQw6FnaW5hMTIiLCJhdXRob3JfdXJsIjoiaHR0cHM6Ly93d3cuZGFpbHltb3Rpb24uY29tL1BhZ2luYTEyIiwicHJvdmlkZXJfbmFtZSI6IkRhaWx5bW90aW9uIiwiZGVzY3JpcHRpb24iOiJWZXIgRnJhbmNvIENvbGFwaW50byB0ZXJtaW7DsyDDumx0aW1vIGVuIGxhIHNlZ3VuZGEgcHLDoWN0aWNhIGxpYnJlIGRlbCBHcmFuIFByZW1pbyBkZSBFc3Bhw7FhIC0gUMOhZ2luYTEyIGVuIERhaWx5bW90aW9uIiwidGh1bWJuYWlsX3VybCI6Imh0dHBzOi8vczIuZG1jZG4ubmV0L3YvWVZQRlMxZUVVMEVIUURiQ1IveDcyMCIsInRodW1ibmFpbF93aWR0aCI6MTI4MCwidGh1bWJuYWlsX2hlaWdodCI6NzIwLCJjYWNoZV9hZ2UiOjg2NDAwfSZsdDsvc2NyaXB0Jmd0OyZsdDsvZGl2Jmd0Ow==\">\n                <a data-iframely-url=\"\" href=\"https:\/\/geo.dailymotion.com\/player\/xt5ee.html?video=x9kil7g\">https:\/\/geo.dailymotion.com\/player\/xt5ee.html?video=x9kil7g<\/a>\n              <\/div>\n<\/p><\/div>\n<\/div>\n<div id=\"post-1305\">\n<div class=\"col 2-col\">\n<h2>Piastri hizo el mejor tiempo de la Pr\u00e1ctica libre 2<\/h2>\n<p><b>Oscar Piastri<\/b>, el australiano de McLaren, hizo el mejor tiempo de la Pr\u00e1ctica libre 2 con <b>1:12.760<\/b>.<\/p>\n<\/div>\n<\/div>\n<div id=\"post-1254\">\n<div class=\"col 2-col\">\n<h2>\u00bfC\u00f3mo va Colapinto en la Pr\u00e1ctica libre 2?<\/h2>\n<p>Tras el desperfecto de su auto en la Pr\u00e1ctica libre 1, <b>Colapinto marcha 20\u00ba en el segundo entrenamiento con un tiempo de +1.543<\/b>. Lidera Piastri con 1:12.760. El argentino tuvo que parar nuevamente en boxes para que los mec\u00e1nicos de Alpine trabajaran en su auto. Corre con neum\u00e1ticos blandos en busca de mejorar su tiempo.<\/p>\n<\/div>\n<\/div>\n<div id=\"post-1248\">\n<div class=\"col 2-col\">\n<h2>El picante comentario de Fernando Alonso sobre Lewis Hamilton<\/h2>\n<p>Alonso se enoj\u00f3 con Hamilton luego de que el brit\u00e1nico le estropeara la vuelta r\u00e1pida. <b>\u00abTenemos al h\u00e9roe del d\u00eda adelante. Lo bueno es que el fin de semana es muy largo\u00bb<\/b>, dijo ir\u00f3nicamente el espa\u00f1ol.<\/p>\n<div class=\"iframely-embed medium-embedded-content\" data-html=\"Jmx0O2RpdiZndDsmbHQ7ZGl2IHN0eWxlPSJsZWZ0OiAwOyB3aWR0aDogMTAwJTsgaGVpZ2h0OiAwOyBwb3NpdGlvbjogcmVsYXRpdmU7IHBhZGRpbmctYm90dG9tOiA1Ni4wNDE3JTsiJmd0OyZsdDtpZnJhbWUgc3JjPSJodHRwczovL2lmcmFtZWx5LnBhZ2luYTEyLmNvbS5hci9hcGkvaWZyYW1lP2NsaWNrX3RvX3BsYXk9MSZhbXA7dXJsPWh0dHBzJTNBJTJGJTJGZ2VvLmRhaWx5bW90aW9uLmNvbSUyRnBsYXllciUyRnh0NWVlLmh0bWwlM0Z2aWRlbyUzRHg5a2loMGkmYW1wO2tleT00Njc2YjVmZGMwODMyNTdlYTg3ZjcxNjA4Yzc0ZTlmZSIgc3R5bGU9InRvcDogMDsgbGVmdDogMDsgd2lkdGg6IDEwMCU7IGhlaWdodDogMTAwJTsgcG9zaXRpb246IGFic29sdXRlOyBib3JkZXI6IDA7IiBhbGxvd2Z1bGxzY3JlZW4gc2Nyb2xsaW5nPSJubyIgYWxsb3c9ImVuY3J5cHRlZC1tZWRpYSAqOyImZ3Q7Jmx0Oy9pZnJhbWUmZ3Q7Jmx0Oy9kaXYmZ3Q7Jmx0Oy9kaXYmZ3Q7Jmx0O2RpdiBjbGFzcz0ibWVkaXVtLWluc2VydC1lbWJlZHMtbWV0YSImZ3Q7Jmx0O3NjcmlwdCB0eXBlPSJ0ZXh0L2pzb24iJmd0O3sidXJsIjoiaHR0cHM6Ly9nZW8uZGFpbHltb3Rpb24uY29tL3BsYXllci94dDVlZS5odG1sP3ZpZGVvPXg5a2loMGkiLCJ0eXBlIjoidmlkZW8iLCJ2ZXJzaW9uIjoiMS4wIiwidGl0bGUiOiJGZXJuYW5kbyBBbG9uc28geSB1biBwaWNhbnRlIGNvbWVudGFyaW8gc29icmUgTGV3aXMgSGFtaWx0b24iLCJhdXRob3IiOiJQw6FnaW5hMTIiLCJhdXRob3JfdXJsIjoiaHR0cHM6Ly93d3cuZGFpbHltb3Rpb24uY29tL1BhZ2luYTEyIiwicHJvdmlkZXJfbmFtZSI6IkRhaWx5bW90aW9uIiwiZGVzY3JpcHRpb24iOiJWZXIgRmVybmFuZG8gQWxvbnNvIHkgdW4gcGljYW50ZSBjb21lbnRhcmlvIHNvYnJlIExld2lzIEhhbWlsdG9uIC0gUMOhZ2luYTEyIGVuIERhaWx5bW90aW9uIiwidGh1bWJuYWlsX3VybCI6Imh0dHBzOi8vczEuZG1jZG4ubmV0L3YvWVZOd1kxZUVUQzZlU2FYZ1QveDcyMCIsInRodW1ibmFpbF93aWR0aCI6MTI4MCwidGh1bWJuYWlsX2hlaWdodCI6NzIwLCJjYWNoZV9hZ2UiOjg2NDAwfSZsdDsvc2NyaXB0Jmd0OyZsdDsvZGl2Jmd0Ow==\">\n                <a data-iframely-url=\"\" href=\"https:\/\/geo.dailymotion.com\/player\/xt5ee.html?video=x9kih0i\">https:\/\/geo.dailymotion.com\/player\/xt5ee.html?video=x9kih0i<\/a>\n              <\/div>\n<\/p><\/div>\n<\/div>\n<p><a href=\"https:\/\/www.pagina12.com.ar\/829879-formula-1-franco-colapinto-sale-a-la-pista-en-barcelona-para\">source<\/a><\/p>\n","protected":false},"excerpt":{"rendered":"<p>\u00bfC\u00f3mo le fue a Colapinto hoy en las Pr\u00e1cticas libres 1 y 2?\u00a0 La Pr\u00e1ctica&#8230;<\/p>\n","protected":false},"author":3,"featured_media":21215,"comment_status":"closed","ping_status":"closed","sticky":false,"template":"","format":"standard","meta":{"footnotes":""},"categories":[21],"tags":[],"class_list":["post-21214","post","type-post","status-publish","format-standard","has-post-thumbnail","hentry","category-deportes"],"featured_image_urls":{"full":["https:\/\/fmamiga909.com.ar\/wp-content\/uploads\/2025\/05\/wp-header-logo-361.png",960,540,false],"thumbnail":["https:\/\/fmamiga909.com.ar\/wp-content\/uploads\/2025\/05\/wp-header-logo-361-150x150.png",150,150,true],"medium":["https:\/\/fmamiga909.com.ar\/wp-content\/uploads\/2025\/05\/wp-header-logo-361-300x169.png",300,169,true],"medium_large":["https:\/\/fmamiga909.com.ar\/wp-content\/uploads\/2025\/05\/wp-header-logo-361.png",960,540,false],"large":["https:\/\/fmamiga909.com.ar\/wp-content\/uploads\/2025\/05\/wp-header-logo-361.png",640,360,false],"1536x1536":["https:\/\/fmamiga909.com.ar\/wp-content\/uploads\/2025\/05\/wp-header-logo-361.png",960,540,false],"2048x2048":["https:\/\/fmamiga909.com.ar\/wp-content\/uploads\/2025\/05\/wp-header-logo-361.png",960,540,false],"newsium-slider-full":["https:\/\/fmamiga909.com.ar\/wp-content\/uploads\/2025\/05\/wp-header-logo-361.png",960,540,false],"newsium-featured":["https:\/\/fmamiga909.com.ar\/wp-content\/uploads\/2025\/05\/wp-header-logo-361.png",960,540,false],"newsium-medium":["https:\/\/fmamiga909.com.ar\/wp-content\/uploads\/2025\/05\/wp-header-logo-361-720x475.png",720,475,true]},"author_info":{"display_name":"Fredy Giuliano","author_link":"https:\/\/fmamiga909.com.ar\/?author=3"},"category_info":"<a href=\"https:\/\/fmamiga909.com.ar\/?cat=21\" rel=\"category\">Deportes<\/a>","tag_info":"Deportes","comment_count":"0","_links":{"self":[{"href":"https:\/\/fmamiga909.com.ar\/index.php?rest_route=\/wp\/v2\/posts\/21214","targetHints":{"allow":["GET"]}}],"collection":[{"href":"https:\/\/fmamiga909.com.ar\/index.php?rest_route=\/wp\/v2\/posts"}],"about":[{"href":"https:\/\/fmamiga909.com.ar\/index.php?rest_route=\/wp\/v2\/types\/post"}],"author":[{"embeddable":true,"href":"https:\/\/fmamiga909.com.ar\/index.php?rest_route=\/wp\/v2\/users\/3"}],"replies":[{"embeddable":true,"href":"https:\/\/fmamiga909.com.ar\/index.php?rest_route=%2Fwp%2Fv2%2Fcomments&post=21214"}],"version-history":[{"count":0,"href":"https:\/\/fmamiga909.com.ar\/index.php?rest_route=\/wp\/v2\/posts\/21214\/revisions"}],"wp:featuredmedia":[{"embeddable":true,"href":"https:\/\/fmamiga909.com.ar\/index.php?rest_route=\/wp\/v2\/media\/21215"}],"wp:attachment":[{"href":"https:\/\/fmamiga909.com.ar\/index.php?rest_route=%2Fwp%2Fv2%2Fmedia&parent=21214"}],"wp:term":[{"taxonomy":"category","embeddable":true,"href":"https:\/\/fmamiga909.com.ar\/index.php?rest_route=%2Fwp%2Fv2%2Fcategories&post=21214"},{"taxonomy":"post_tag","embeddable":true,"href":"https:\/\/fmamiga909.com.ar\/index.php?rest_route=%2Fwp%2Fv2%2Ftags&post=21214"}],"curies":[{"name":"wp","href":"https:\/\/api.w.org\/{rel}","templated":true}]}}