{"id":21218,"date":"2025-05-30T22:13:48","date_gmt":"2025-05-30T22:13:48","guid":{"rendered":"https:\/\/fmamiga909.com.ar\/?p=21218"},"modified":"2025-05-30T22:13:48","modified_gmt":"2025-05-30T22:13:48","slug":"psg-vs-inter-de-lautaro-martinez-por-la-final-de-la-champions-league-hora-tv-y-formaciones","status":"publish","type":"post","link":"https:\/\/fmamiga909.com.ar\/?p=21218","title":{"rendered":"PSG vs. Inter de Lautaro Mart\u00ednez, por la final de la Champions League: hora, TV y formaciones"},"content":{"rendered":"<div><!-- Body --><\/p>\n<p>El <b>s\u00e1bado 31 de mayo<\/b> desde las 16:00 <b><a href=\"https:\/\/www.pagina12.com.ar\/829948-champions-league-psg-e-inter-animan-el-duelo-por-la-orejona\">Par\u00eds Saint Germain e Inter de Mil\u00e1n<\/a><\/b>, con la presencia de <b>Lautaro Mart\u00ednez<\/b>, se enfrentar\u00e1n en el estadio Allianz Arena de M\u00fanich por la final de la <b>UEFA Champions League 2024\/2025<\/b>. Las probables formaciones de Luis Enrique y Simone Inzaghi y los \u00e1rbitros. C\u00f3mo llegan ambos equipos al partido decisivo, cu\u00e1ntas veces ganaron la Orejona y c\u00f3mo seguirlo por TV y on line.<\/p>\n<h3\/>\n<h2>\u00bfD\u00f3nde ver PSG vs Inter?<\/h2>\n<p>El partido ser\u00e1 televisado por <b>ESPN, Fox Sports y Disney+ Premium<\/b>. Las se\u00f1ales tambi\u00e9n se pueden sintonizar mediante plataformas de streaming como <b>DGO, Flow y Telecentro Play<\/b>, entre otras.<\/p>\n<h2>\u00c1rbitros de PSG vs Inter<\/h2>\n<ul>\n<li>\u00c1rbitro: Istv\u00e1n Kov\u00e1cs<\/li>\n<li>\u00c1rbitro asistente 1: Mihai Marius Marica<\/li>\n<li>\u00c1rbitro asistente 2: Ferencz Tunyogi<\/li>\n<li>Cuarto \u00e1rbitro: Jo\u00e3o Pedro Silva Pinheiro<\/li>\n<li>VAR: Dennis Johan Higler<\/li>\n<li>Asistente VAR: C\u0103t\u0103lin Popa<\/li>\n<\/ul>\n<h2>La probable formaci\u00f3n del PSG vs Inter de Mil\u00e1n<\/h2>\n<p><b>PSG:<\/b> Gianluigi Donnarumma; Achraf Hakimi, Marquinhos, William Pacho, Nuno Mendes; Joao Neves, Vitinha, Fabi\u00e1n Ruiz; D\u00e9sir\u00e9 Dou\u00e9, Ousmane Demb\u00e9l\u00e9 y Khvicha Kvaratskhelia. <b>DT:<\/b> Luis Enrique.<\/p>\n<h2>La probable formaci\u00f3n del Inter de Mil\u00e1n vs PSG<\/h2>\n<p><b>Inter:<\/b> Yann Sommer; Benjam\u00edn Pavard, Francesco Acerbi, Alessandro Bastoni; Denzel Dumfries, Nicol\u00f3 Barella, Hakan Calhanoglu, Henrij Mkhitaryan, Federico Dimarco; Lautaro Mart\u00ednez y Marcus Thuram. <b>DT:<\/b> Simone Inzaghi.<\/p>\n<h2>El camino del PSG a la final de Champions League<\/h2>\n<p>El elenco parisino termin\u00f3 15\u00b0 en la primera ronda, mientras que en los 16avos de final elimin\u00f3 al Brest de Francia (10-0), en octavos venci\u00f3 al Liverpool (por penales tras empatar 1-1 en el global), en cuartos derrot\u00f3 al Aston Villa (5-4) y en semifinales al Arsenal (3-1).<\/p>\n<h2>C\u00f3mo lleg\u00f3 Inter de Mil\u00e1n a la final de Champions League<\/h2>\n<p>El Neroazzurro termin\u00f3 4\u00ba en la primera fase, mientras que en octavos de final elimin\u00f3 al Feyenoord de Pa\u00edses Bajos (4-1), en cuartos de final al Bayern M\u00fanich de Alemania (4-3) y en semifinales al Barcelona (7-6).<\/p>\n<h2>\u00bfCu\u00e1ntas veces gan\u00f3 la Champions League el PSG?<\/h2>\n<p>El Par\u00eds Saint Germain <b>nunca pudo alzar el prestigioso trofeo europeo<\/b>. La \u00fanica vez que estuvo cerca de levantar el t\u00edtulo fue en la temporada 2019\/2020 cuando disput\u00f3 su primera final tras vencer al Leipzig en la semifinal. En el choque decisivo en Lisboa, Bayern Munich lo derrot\u00f3 1-0.<\/p>\n<h2>\u00bfCu\u00e1ntas veces gan\u00f3 la Champions League el Inter de Mil\u00e1n?<\/h2>\n<p>El Inter de Mil\u00e1n disput\u00f3 6 finales de la UEFA Champions League (incluyendo la antigua Copa de Europa). <b>Gan\u00f3 3 t\u00edtulos<\/b> (1964, 1965 y 2010) y perdi\u00f3 en los restantes tres encuentros decisivos.<\/p>\n<ul>\n<li><b>1964 | Real Madrid 3-1 (Ernst-Happel-Stadion, Viena)<\/b><\/li>\n<li><b>1965\t | Benfica 1-0 (San Siro, Mil\u00e1n)<\/b><\/li>\n<li>1967\t | Celtic 1-2 (Estadio Nacional, Lisboa)<\/li>\n<li>1972\t | Ajax 0-2 (De Kuip, R\u00f3terdam)<\/li>\n<li><b>2010\t | Bayern M\u00fanich 2-0 (Santiago Bernab\u00e9u, Madrid)<\/b><\/li>\n<li>2023\t | Manchester City 0-1 (Atat\u00fcrk Olympic Stadium, Estambul)<\/li>\n<\/ul>\n<h3>Segu\u00ed leyendo:<\/h3>\n<h3\/><!-- Live Blog Post --><\/div>\n<p><a href=\"https:\/\/www.pagina12.com.ar\/830034-psg-vs-inter-de-lautaro-martinez-por-la-final-de-la-champion\">source<\/a><\/p>\n","protected":false},"excerpt":{"rendered":"<p>El s\u00e1bado 31 de mayo desde las 16:00 Par\u00eds Saint Germain e Inter de Mil\u00e1n,&#8230;<\/p>\n","protected":false},"author":3,"featured_media":21219,"comment_status":"closed","ping_status":"closed","sticky":false,"template":"","format":"standard","meta":{"footnotes":""},"categories":[21],"tags":[],"class_list":["post-21218","post","type-post","status-publish","format-standard","has-post-thumbnail","hentry","category-deportes"],"featured_image_urls":{"full":["https:\/\/fmamiga909.com.ar\/wp-content\/uploads\/2025\/05\/wp-header-logo-363.png",960,540,false],"thumbnail":["https:\/\/fmamiga909.com.ar\/wp-content\/uploads\/2025\/05\/wp-header-logo-363-150x150.png",150,150,true],"medium":["https:\/\/fmamiga909.com.ar\/wp-content\/uploads\/2025\/05\/wp-header-logo-363-300x169.png",300,169,true],"medium_large":["https:\/\/fmamiga909.com.ar\/wp-content\/uploads\/2025\/05\/wp-header-logo-363.png",960,540,false],"large":["https:\/\/fmamiga909.com.ar\/wp-content\/uploads\/2025\/05\/wp-header-logo-363.png",640,360,false],"1536x1536":["https:\/\/fmamiga909.com.ar\/wp-content\/uploads\/2025\/05\/wp-header-logo-363.png",960,540,false],"2048x2048":["https:\/\/fmamiga909.com.ar\/wp-content\/uploads\/2025\/05\/wp-header-logo-363.png",960,540,false],"newsium-slider-full":["https:\/\/fmamiga909.com.ar\/wp-content\/uploads\/2025\/05\/wp-header-logo-363.png",960,540,false],"newsium-featured":["https:\/\/fmamiga909.com.ar\/wp-content\/uploads\/2025\/05\/wp-header-logo-363.png",960,540,false],"newsium-medium":["https:\/\/fmamiga909.com.ar\/wp-content\/uploads\/2025\/05\/wp-header-logo-363-720x475.png",720,475,true]},"author_info":{"display_name":"Fredy Giuliano","author_link":"https:\/\/fmamiga909.com.ar\/?author=3"},"category_info":"<a href=\"https:\/\/fmamiga909.com.ar\/?cat=21\" rel=\"category\">Deportes<\/a>","tag_info":"Deportes","comment_count":"0","_links":{"self":[{"href":"https:\/\/fmamiga909.com.ar\/index.php?rest_route=\/wp\/v2\/posts\/21218","targetHints":{"allow":["GET"]}}],"collection":[{"href":"https:\/\/fmamiga909.com.ar\/index.php?rest_route=\/wp\/v2\/posts"}],"about":[{"href":"https:\/\/fmamiga909.com.ar\/index.php?rest_route=\/wp\/v2\/types\/post"}],"author":[{"embeddable":true,"href":"https:\/\/fmamiga909.com.ar\/index.php?rest_route=\/wp\/v2\/users\/3"}],"replies":[{"embeddable":true,"href":"https:\/\/fmamiga909.com.ar\/index.php?rest_route=%2Fwp%2Fv2%2Fcomments&post=21218"}],"version-history":[{"count":0,"href":"https:\/\/fmamiga909.com.ar\/index.php?rest_route=\/wp\/v2\/posts\/21218\/revisions"}],"wp:featuredmedia":[{"embeddable":true,"href":"https:\/\/fmamiga909.com.ar\/index.php?rest_route=\/wp\/v2\/media\/21219"}],"wp:attachment":[{"href":"https:\/\/fmamiga909.com.ar\/index.php?rest_route=%2Fwp%2Fv2%2Fmedia&parent=21218"}],"wp:term":[{"taxonomy":"category","embeddable":true,"href":"https:\/\/fmamiga909.com.ar\/index.php?rest_route=%2Fwp%2Fv2%2Fcategories&post=21218"},{"taxonomy":"post_tag","embeddable":true,"href":"https:\/\/fmamiga909.com.ar\/index.php?rest_route=%2Fwp%2Fv2%2Ftags&post=21218"}],"curies":[{"name":"wp","href":"https:\/\/api.w.org\/{rel}","templated":true}]}}