{"id":21224,"date":"2025-05-30T23:26:44","date_gmt":"2025-05-30T23:26:44","guid":{"rendered":"https:\/\/fmamiga909.com.ar\/?p=21224"},"modified":"2025-05-30T23:26:44","modified_gmt":"2025-05-30T23:26:44","slug":"huracan-y-platense-ya-palpitan-la-final-del-torneo-apertura","status":"publish","type":"post","link":"https:\/\/fmamiga909.com.ar\/?p=21224","title":{"rendered":"Hurac\u00e1n y Platense ya palpitan la final del Torneo Apertura"},"content":{"rendered":"<div><!-- Body --><\/p>\n<p><b>Cuenta regresiva para la gran final del torneo Apertura<\/b> <b>que<\/b> <b>este domingo<\/b> desde las 17 <b>animar\u00e1n Hurac\u00e1n y Platense<\/b>, que dirimir\u00e1n el primer t\u00edtulo de la temporada 2025 <b>en el estadio Madre de Ciudades de Santiago del Estero<\/b> y ya con la presencia confirmada de Facundo Tello como \u00e1rbitro reemplazante, a partir de la lesi\u00f3n que sufri\u00f3 Nicol\u00e1s Ram\u00edrez.\u00a0<\/p>\n<p><b>El campe\u00f3n<\/b>, adem\u00e1s de levantar el trofeo, <b>se clasificar\u00e1 a la Copa Libertadores 2026 y\u00a0jugar\u00e1 la Supercopa Argentina y el Trofeo de Campeones.<\/b><\/p>\n<h2>Una nueva ilusi\u00f3n<\/h2>\n<p>El 2025 hab\u00eda empezado con algunas dudas\u00a0en Parque Patricios. Ahora <b>en Hurac\u00e1n todo es euforia pensando en una nueva definici\u00f3n<\/b>, y\u00a0sobre todo con sed de revancha por la final que le arrebat\u00f3 V\u00e9lez en la Liga Profesional 2024, <b>potenciado adem\u00e1s por la clasificaci\u00f3n a octavos de final de la Copa Sudamericana\u00a0tras dejar afuera a Corinthians con un equipo muletto. El Globo<\/b> se reacomod\u00f3 pese a los cambios y <b>va por la consagraci\u00f3n despu\u00e9s de 52 a\u00f1os.\u00a0<\/b><\/p>\n<p><b>En la previa<\/b> a la final contra Platense, <b>el arquero\u00a0Hern\u00e1n Gal\u00edndez <\/b>estuvo en <i>L\u00edbero Versus<\/i>\u00a0y <b>habl\u00f3 del deseo de ver a \u00abHurac\u00e1n campe\u00f3n\u00bb.<\/b> <b>Adem\u00e1s,\u00a0el due\u00f1o del arco de Ecuador cont\u00f3 que se anim\u00f3 a pedirle la casaca a Lionel Messi tras la victoria 1-0 de la Selecci\u00f3n<\/b> en el Monumental <b>por Eliminatorias, con gol del capit\u00e1n argentino<\/b> de tiro libre.\u00a0\u00abFue la mejor camiseta que intercambi\u00e9. Es un regalo para mi hijo, porque es el \u00eddolo\u00bb,\u00a0relat\u00f3.<\/p>\n<p><b>Por su parte<\/b>, el volante\u00a0<b>Matko Miljevic\u00a0habl\u00f3 de su relaci\u00f3n con el DT Frank Kudelka.<\/b> \u00abLa mayor\u00eda de las veces <b>me habla como un padre.\u00a0Me est\u00e1 ayudando a ser un jugador m\u00e1s completo.\u00a0<\/b>Te dan ganas de entrar a la cancha y tirarte de cabeza por este chab\u00f3n\u00bb,<b> dijo el jugador de 24 a\u00f1os<\/b> nacido en Miami y que lleg\u00f3 al f\u00fatbol de casualidad, ya <b>que antes\u00a0practic\u00f3 nataci\u00f3n y hasta fue campe\u00f3n internacional de taekwondo.\u00a0<\/b><\/p>\n<h2>El aut\u00e9ntico \u00abmatagigantes\u00bb<\/h2>\n<p>Ilusionados con formar parte de la historia grande del club,\u00a0<b>Favio Orsi y Sergio G\u00f3mez, los hacedores de este sorprendente Platense<\/b>, dialogaron con TyC Sports y <b>revelaron los secretos del equipo que dej\u00f3 atr\u00e1s <\/b>nada menos que<b> a Racing, River y San Lorenzo. \u00a0<\/b>\u00a0<\/p>\n<p><b>G\u00f3mez se\u00f1al\u00f3: \u00abEl partido va a ser igual de duro que los dem\u00e1s. Vamos a jugar contra un gran equipo que viene en alza\u00a0y hay que entregar el 100%.<\/b>\u00a0Tenemos once jugadores que juegan de titular y tenemos otros cinco jugadores que juegan de titular menos tiempo. Ese es el secreto de estos chicos: que no se sienten suplentes.\u00bb<\/p>\n<p><b>Sobre la emoci\u00f3n <\/b>que ambos mostraron <b>ante el rendimiento del equipo, Orsi remarc\u00f3: \u00abEn todas las categor\u00edas nos emocion\u00e1bamos de la misma forma porque entendemos el f\u00fatbol as\u00ed. <\/b>Nuestro objetivo en la vida es lo que dejamos en el coraz\u00f3n de la gente\u00bb.<\/p>\n<p>Cabe recordar que <b>el club de Vicente L\u00f3pez\u00a0descendi\u00f3 por tercera vez a la segunda categor\u00eda en 1999 y estuvo all\u00ed durante dos d\u00e9cadas, incluso en la Primera B Metropolitana.\u00a0<\/b><\/p>\n<p><b>Hoy, con cinco temporadas de regreso en Primera Divisi\u00f3n<\/b>\u00a0y un subcampeonato de copa nacional en 2023, <b>tiene la chance<\/b> <b>de<\/b> ganar un t\u00edtulo y <b>darle al club que\u00a0naci\u00f3 en 1905 su primera estrella.<\/b><\/p>\n<p><!-- Live Blog Post --><\/div>\n<p><a href=\"https:\/\/www.pagina12.com.ar\/830059-huracan-y-platense-ya-palpitan-la-final-del-torneo-apertura\">source<\/a><\/p>\n","protected":false},"excerpt":{"rendered":"<p>Cuenta regresiva para la gran final del torneo Apertura que este domingo desde las 17&#8230;<\/p>\n","protected":false},"author":3,"featured_media":21225,"comment_status":"closed","ping_status":"closed","sticky":false,"template":"","format":"standard","meta":{"footnotes":""},"categories":[21],"tags":[],"class_list":["post-21224","post","type-post","status-publish","format-standard","has-post-thumbnail","hentry","category-deportes"],"featured_image_urls":{"full":["https:\/\/fmamiga909.com.ar\/wp-content\/uploads\/2025\/05\/wp-header-logo-366.png",960,540,false],"thumbnail":["https:\/\/fmamiga909.com.ar\/wp-content\/uploads\/2025\/05\/wp-header-logo-366-150x150.png",150,150,true],"medium":["https:\/\/fmamiga909.com.ar\/wp-content\/uploads\/2025\/05\/wp-header-logo-366-300x169.png",300,169,true],"medium_large":["https:\/\/fmamiga909.com.ar\/wp-content\/uploads\/2025\/05\/wp-header-logo-366.png",960,540,false],"large":["https:\/\/fmamiga909.com.ar\/wp-content\/uploads\/2025\/05\/wp-header-logo-366.png",640,360,false],"1536x1536":["https:\/\/fmamiga909.com.ar\/wp-content\/uploads\/2025\/05\/wp-header-logo-366.png",960,540,false],"2048x2048":["https:\/\/fmamiga909.com.ar\/wp-content\/uploads\/2025\/05\/wp-header-logo-366.png",960,540,false],"newsium-slider-full":["https:\/\/fmamiga909.com.ar\/wp-content\/uploads\/2025\/05\/wp-header-logo-366.png",960,540,false],"newsium-featured":["https:\/\/fmamiga909.com.ar\/wp-content\/uploads\/2025\/05\/wp-header-logo-366.png",960,540,false],"newsium-medium":["https:\/\/fmamiga909.com.ar\/wp-content\/uploads\/2025\/05\/wp-header-logo-366-720x475.png",720,475,true]},"author_info":{"display_name":"Fredy Giuliano","author_link":"https:\/\/fmamiga909.com.ar\/?author=3"},"category_info":"<a href=\"https:\/\/fmamiga909.com.ar\/?cat=21\" rel=\"category\">Deportes<\/a>","tag_info":"Deportes","comment_count":"0","_links":{"self":[{"href":"https:\/\/fmamiga909.com.ar\/index.php?rest_route=\/wp\/v2\/posts\/21224","targetHints":{"allow":["GET"]}}],"collection":[{"href":"https:\/\/fmamiga909.com.ar\/index.php?rest_route=\/wp\/v2\/posts"}],"about":[{"href":"https:\/\/fmamiga909.com.ar\/index.php?rest_route=\/wp\/v2\/types\/post"}],"author":[{"embeddable":true,"href":"https:\/\/fmamiga909.com.ar\/index.php?rest_route=\/wp\/v2\/users\/3"}],"replies":[{"embeddable":true,"href":"https:\/\/fmamiga909.com.ar\/index.php?rest_route=%2Fwp%2Fv2%2Fcomments&post=21224"}],"version-history":[{"count":0,"href":"https:\/\/fmamiga909.com.ar\/index.php?rest_route=\/wp\/v2\/posts\/21224\/revisions"}],"wp:featuredmedia":[{"embeddable":true,"href":"https:\/\/fmamiga909.com.ar\/index.php?rest_route=\/wp\/v2\/media\/21225"}],"wp:attachment":[{"href":"https:\/\/fmamiga909.com.ar\/index.php?rest_route=%2Fwp%2Fv2%2Fmedia&parent=21224"}],"wp:term":[{"taxonomy":"category","embeddable":true,"href":"https:\/\/fmamiga909.com.ar\/index.php?rest_route=%2Fwp%2Fv2%2Fcategories&post=21224"},{"taxonomy":"post_tag","embeddable":true,"href":"https:\/\/fmamiga909.com.ar\/index.php?rest_route=%2Fwp%2Fv2%2Ftags&post=21224"}],"curies":[{"name":"wp","href":"https:\/\/api.w.org\/{rel}","templated":true}]}}