{"id":21238,"date":"2025-05-31T19:06:22","date_gmt":"2025-05-31T19:06:22","guid":{"rendered":"https:\/\/fmamiga909.com.ar\/?p=21238"},"modified":"2025-05-31T19:06:22","modified_gmt":"2025-05-31T19:06:22","slug":"psg-vs-inter-hoy-en-vivo-por-la-final-de-la-champions-league-minuto-a-minuto","status":"publish","type":"post","link":"https:\/\/fmamiga909.com.ar\/?p=21238","title":{"rendered":"PSG vs Inter hoy en vivo, por la final de la Champions League: minuto a minuto"},"content":{"rendered":"<div><!-- Body --><\/p>\n<p>Hoy s\u00e1bado 31 de mayo\u00a0<b><a href=\"https:\/\/www.pagina12.com.ar\/830034-psg-vs-inter-de-lautaro-martinez-por-la-final-de-la-champion\">Par\u00eds Saint Germain e Inter de Mil\u00e1n<\/a><\/b>, con la presencia de <b>Lautaro Mart\u00ednez<\/b>, se enfrentan en el estadio Allianz Arena de M\u00fanich por la <b>final de la UEFA Champions League 2024\/2025<\/b>.<\/p>\n<h2>D\u00f3nde ver Par\u00eds Saint Germain e Inter de Mil\u00e1n en vivo online y por TV <\/h2>\n<p>El partido ser\u00e1 televisado por <b>ESPN, Fox Sports y Disney+ Premium<\/b>. Las se\u00f1ales tambi\u00e9n se pueden sintonizar mediante plataformas de streaming como <b>DGO, Flow y Telecentro Play<\/b>, entre otras.<\/p>\n<h2>Formaciones<\/h2>\n<p><b>PSG: <\/b>Gianluigi Donnarumma; Achraf Hakimi, Marquinhos, William Pacho, Nuno Mendes; Jo\u00e3o Neves, Vitinha, Fabi\u00e1n Ruiz; D\u00e9sir\u00e9 Dou\u00e9, Ousmane Demb\u00e9l\u00e9, Khvicha Kvaratskhelia. <b>DT: <\/b>Luis Enrique.<\/p>\n<p><b>Inter:<\/b> Yann Sommer; Benjam\u00edn Pavard, Francesco Acerbi, Alessandro Bastoni; Denzel Dumfries, Nicol\u00f3 Barella, Hakan \u00c7alhanoglu, Henrij Mkhitaryan, Federico Dimarco; Lautaro Mart\u00ednez, Marcus Thuram. <b>DT:<\/b> Simone Inzaghi.<\/p>\n<p><!-- Live Blog Post --><\/p>\n<div class=\"live-blog-post-wrapper\">\n<article id=\"post-1601\" class=\"live-blog-post section-2-col \">\n<div class=\"col 2-col\">\n<h2>Comienza la final de la Champions League entre Inter de Mil\u00e1n y PSG<\/h2>\n<p>El Neroazzurro de Lautaro Mart\u00ednez y el Par\u00eds Saint Germain van por la Orejona en el estadio Allianz Arena de M\u00fanich.<\/p>\n<\/div>\n<\/article>\n<article id=\"post-1547\" class=\"live-blog-post section-2-col \">\n<div class=\"col 2-col\">\n<h2>Comienza el show previo al partido: suena Linkin Park en el Allianz Arena de M\u00fanich<\/h2>\n<p>La banda californiana que recientemente volvi\u00f3 a los escenarios encabezada por Emily Armstrong, quien reemplaz\u00f3 a Chester Bennington fallecido en 2017, abre el evento y repasa\u00a0alguno de los temas m\u00e1s ic\u00f3nicos de la banda. En 15 minutos arranca Inter y PSG, por la final de la Champions League.<\/p>\n<\/div>\n<\/article>\n<article id=\"post-1539\" class=\"live-blog-post section-2-col \"\/>\n<article id=\"post-1532\" class=\"live-blog-post section-2-col \"\/>\n<article id=\"post-1524\" class=\"live-blog-post section-2-col \"\/>\n<article id=\"post-1518\" class=\"live-blog-post section-2-col \">\n<div class=\"col 2-col\">\n<h2>PSG confirm\u00f3 el once inicial para medirse ante Inter<\/h2>\n<p><b>PSG: <\/b>Gianluigi Donnarumma; Achraf Hakimi, Marquinhos, William Pacho, Nuno Mendes; Jo\u00e3o Neves, Vitinha, Fabi\u00e1n Ruiz; D\u00e9sir\u00e9 Dou\u00e9, Ousmane Demb\u00e9l\u00e9, Khvicha Kvaratskhelia. <b>DT: <\/b>Luis Enrique.<\/p>\n<div class=\"iframely-embed medium-embedded-content\" data-html=\"Jmx0O2Jsb2NrcXVvdGUgY2xhc3M9InR3aXR0ZXItdHdlZXQiIGRhdGEtZG50PSJ0cnVlIiBhbGlnbj0iY2VudGVyIiZndDsmbHQ7cCBsYW5nPSJmciIgZGlyPSJsdHIiJmd0O05vdHJlIG9uemUgZGUgZMOpcGFydCBwb3VyIGNldHRlIGZpbmFsZSBkZSAmbHQ7YSBocmVmPSJodHRwczovL3R3aXR0ZXIuY29tL0NoYW1waW9uc0xlYWd1ZT9yZWZfc3JjPXR3c3JjJTVFdGZ3IiZndDtAQ2hhbXBpb25zTGVhZ3VlJmx0Oy9hJmd0OyAhIPCfk5EmbHQ7YSBocmVmPSJodHRwczovL3R3aXR0ZXIuY29tL2hhc2h0YWcvVUNMZmluYWw\/c3JjPWhhc2gmYW1wO2FtcDtyZWZfc3JjPXR3c3JjJTVFdGZ3IiZndDsjVUNMZmluYWwmbHQ7L2EmZ3Q7IHwgJmx0O2EgaHJlZj0iaHR0cHM6Ly90d2l0dGVyLmNvbS9FQVNQT1JUU0ZDP3JlZl9zcmM9dHdzcmMlNUV0ZnciJmd0O0BFQVNQT1JUU0ZDJmx0Oy9hJmd0OyAmbHQ7YSBocmVmPSJodHRwczovL3QuY28vR3luRHhjSU96dCImZ3Q7cGljLnR3aXR0ZXIuY29tL0d5bkR4Y0lPenQmbHQ7L2EmZ3Q7Jmx0Oy9wJmd0OyZhbXA7bWRhc2g7IFBhcmlzIFNhaW50LUdlcm1haW4gKEBQU0dfaW5zaWRlKSAmbHQ7YSBocmVmPSJodHRwczovL3R3aXR0ZXIuY29tL1BTR19pbnNpZGUvc3RhdHVzLzE5Mjg4Nzg3NzQ2MDg2ODczMzg\/cmVmX3NyYz10d3NyYyU1RXRmdyImZ3Q7TWF5IDMxLCAyMDI1Jmx0Oy9hJmd0OyZsdDsvYmxvY2txdW90ZSZndDsKJmx0O3NjcmlwdCBhc3luYyBzcmM9Imh0dHBzOi8vcGxhdGZvcm0udHdpdHRlci5jb20vd2lkZ2V0cy5qcyIgY2hhcnNldD0idXRmLTgiJmd0OyZsdDsvc2NyaXB0Jmd0OwoKJmx0O2RpdiBjbGFzcz0ibWVkaXVtLWluc2VydC1lbWJlZHMtbWV0YSImZ3Q7Jmx0O3NjcmlwdCB0eXBlPSJ0ZXh0L2pzb24iJmd0O3sidXJsIjoiaHR0cHM6Ly90d2l0dGVyLmNvbS9QU0dfaW5zaWRlL3N0YXR1cy8xOTI4ODc4Nzc0NjA4Njg3MzM4IiwidHlwZSI6InJpY2giLCJ2ZXJzaW9uIjoiMS4wIiwidGl0bGUiOiJQYXJpcyBTYWludC1HZXJtYWluIG9uIFR3aXR0ZXIgLyBYIiwiYXV0aG9yIjoiUGFyaXMgU2FpbnQtR2VybWFpbiIsImF1dGhvcl91cmwiOiJodHRwczovL3R3aXR0ZXIuY29tL1BTR19pbnNpZGUiLCJwcm92aWRlcl9uYW1lIjoiVHdpdHRlciIsImRlc2NyaXB0aW9uIjoiTm90cmUgb256ZSBkZSBkw6lwYXJ0IHBvdXIgY2V0dGUgZmluYWxlIGRlIEBDaGFtcGlvbnNMZWFndWUgISDwn5ORI1VDTGZpbmFsIHwgQEVBU1BPUlRTRkMgcGljLnR3aXR0ZXIuY29tL0d5bkR4Y0lPenTigJQgUGFyaXMgU2FpbnQtR2VybWFpbiAoQFBTR19pbnNpZGUpIE1heSAzMSwgMjAyNVxuXG5cbiIsInRodW1ibmFpbF91cmwiOiJodHRwczovL3Bicy50d2ltZy5jb20vYW1wbGlmeV92aWRlb190aHVtYi8xOTI4ODc4NjU4MzE3MzU3MDU2L2ltZy9xeElTWFAxMHhjRjRwakpsLmpwZzpsYXJnZSIsInRodW1ibmFpbF93aWR0aCI6MTA4MCwidGh1bWJuYWlsX2hlaWdodCI6MTkyMCwiY2FjaGVfYWdlIjo4NjQwMCwib3B0aW9ucyI6eyJfaGlkZV9tZWRpYSI6eyJsYWJlbCI6IkhpZGUgcGhvdG9zLCB2aWRlb3MsIGFuZCBjYXJkcyIsInZhbHVlIjpmYWxzZX0sIl90aGVtZSI6eyJ2YWx1ZSI6IiIsInZhbHVlcyI6eyJkYXJrIjoiVXNlIGRhcmsgdGhlbWUifX0sIl9tYXh3aWR0aCI6eyJ2YWx1ZSI6IiIsImxhYmVsIjoiQWRqdXN0IHdpZHRoIiwicGxhY2Vob2xkZXIiOiIyMjAtNTUwLCBpbiBweCJ9fX0mbHQ7L3NjcmlwdCZndDsmbHQ7L2RpdiZndDs=\">\n                <a data-iframely-url=\"\" href=\"https:\/\/twitter.com\/PSG_inside\/status\/1928878774608687338\">https:\/\/twitter.com\/PSG_inside\/status\/1928878774608687338<\/a>\n              <\/div>\n<\/p><\/div>\n<\/article>\n<article id=\"post-1500\" class=\"live-blog-post section-2-col \">\n<div class=\"col 2-col\">\n<h2>Los 11 titulares de Inter para enfrentar al PSG<\/h2>\n<p><b>Inter:<\/b> Yann Sommer; Benjam\u00edn Pavard, Francesco Acerbi, Alessandro Bastoni; Denzel Dumfries, Nicol\u00f3 Barella, Hakan \u00c7alhanoglu, Henrij Mkhitaryan, Federico Dimarco; Lautaro Mart\u00ednez, Marcus Thuram. <b>DT:<\/b> Simone Inzaghi.<\/p>\n<\/div>\n<\/article>\n<article id=\"post-1445\" class=\"live-blog-post section-2-col \">\n<div class=\"col 2-col\">\n<h2>Lautaro Mart\u00ednez va por la Orejona y una revancha<\/h2>\n<p>Lautaro es el jugador m\u00e1s determinante del Inter de Mil\u00e1n. Sus ojos est\u00e1n puestos en un \u00fanico objetivo: la Champions que este s\u00e1bado se juega ante el PSG, entre la revancha por la final perdida en Estambul en 2023 y el sue\u00f1o de levantar su primera Orejona.<\/p>\n<p>Capit\u00e1n nerazzurro desde hace dos temporadas, Lautaro tiene una espina clavada en su carrera. Ha ganado casi todo lo que un futbolista puede ganar. El Mundial, la Copa Am\u00e9rica y la Final\u00edsima con Argentina; la Serie A, la Copa Italia y la Supercopa italiana con el Inter. Le falta solo triunfar a nivel continental con el club que lidera.<\/p>\n<h3\/><\/div>\n<\/article>\n<article id=\"post-1430\" class=\"live-blog-post section-2-col \">\n<div class=\"col 2-col\">\n<h2>\u00bfCu\u00e1ntas veces gan\u00f3 la Champions League el Inter de Mil\u00e1n?<\/h2>\n<p>El Inter de Mil\u00e1n disput\u00f3 6 finales de la UEFA Champions League (incluyendo la antigua Copa de Europa). <b>Gan\u00f3 3 t\u00edtulos<\/b> (1964, 1965 y 2010) y perdi\u00f3 en los restantes tres encuentros decisivos.<\/p>\n<ul>\n<li><b>1964 | Real Madrid 3-1 (Ernst-Happel-Stadion, Viena)<\/b><\/li>\n<li><b>1965 | Benfica 1-0 (San Siro, Mil\u00e1n)<\/b><\/li>\n<li>1967 | Celtic 1-2 (Estadio Nacional, Lisboa)<\/li>\n<li>1972 | Ajax 0-2 (De Kuip, R\u00f3terdam)<\/li>\n<li><b>2010 | Bayern M\u00fanich 2-0 (Santiago Bernab\u00e9u, Madrid)<\/b><\/li>\n<li>2023 | Manchester City 0-1 (Atat\u00fcrk Olympic Stadium, Estambul)<\/li>\n<\/ul>\n<\/div>\n<\/article>\n<article id=\"post-1400\" class=\"live-blog-post section-2-col \">\n<div class=\"col 2-col\">\n<h2>\u00bfCu\u00e1ntas veces gan\u00f3 la Champions League el PSG?<\/h2>\n<p>El Par\u00eds Saint Germain <b>nunca pudo alzar el prestigioso trofeo europeo<\/b>. La \u00fanica vez que estuvo cerca de levantar el t\u00edtulo fue en la temporada 2019\/2020 cuando disput\u00f3 su primera final tras vencer al Leipzig en la semifinal. En el choque decisivo en Lisboa, Bayern Munich lo derrot\u00f3 1-0.<\/p>\n<\/div>\n<\/article>\n<\/div>\n<div class=\"get-lbp-updates-container\"><button class=\"get-lbp-updates-button\" id=\"get-lbp-updates\" data-article-id=\"830188\" data-article-url=\"\/830188-psg-vs-inter-hoy-en-vivo-por-la-final-de-la-champions-league\" data-lbp-offset=\"0\">Ver m\u00e1s<\/button><img decoding=\"async\" class=\"get-lbp-updates-loader\" src=\"\/assets\/media\/assets\/loading.gif\" alt=\"ver-mas-loader\"\/><\/div>\n<\/div>\n<p><script async src=\"\/\/platform.twitter.com\/widgets.js\" charset=\"utf-8\"><\/script><br \/><a href=\"https:\/\/www.pagina12.com.ar\/830188-psg-vs-inter-hoy-en-vivo-por-la-final-de-la-champions-league\">source<\/a><\/p>\n","protected":false},"excerpt":{"rendered":"<p>Hoy s\u00e1bado 31 de mayo\u00a0Par\u00eds Saint Germain e Inter de Mil\u00e1n, con la presencia de&#8230;<\/p>\n","protected":false},"author":3,"featured_media":21239,"comment_status":"closed","ping_status":"closed","sticky":false,"template":"","format":"standard","meta":{"footnotes":""},"categories":[21],"tags":[],"class_list":["post-21238","post","type-post","status-publish","format-standard","has-post-thumbnail","hentry","category-deportes"],"featured_image_urls":{"full":["https:\/\/fmamiga909.com.ar\/wp-content\/uploads\/2025\/05\/wp-header-logo-373.png",0,0,false],"thumbnail":["https:\/\/fmamiga909.com.ar\/wp-content\/uploads\/2025\/05\/wp-header-logo-373.png",1,1,false],"medium":["https:\/\/fmamiga909.com.ar\/wp-content\/uploads\/2025\/05\/wp-header-logo-373.png",1,1,false],"medium_large":["https:\/\/fmamiga909.com.ar\/wp-content\/uploads\/2025\/05\/wp-header-logo-373.png",0,0,false],"large":["https:\/\/fmamiga909.com.ar\/wp-content\/uploads\/2025\/05\/wp-header-logo-373.png",1,1,false],"1536x1536":["https:\/\/fmamiga909.com.ar\/wp-content\/uploads\/2025\/05\/wp-header-logo-373.png",1,1,false],"2048x2048":["https:\/\/fmamiga909.com.ar\/wp-content\/uploads\/2025\/05\/wp-header-logo-373.png",1,1,false],"newsium-slider-full":["https:\/\/fmamiga909.com.ar\/wp-content\/uploads\/2025\/05\/wp-header-logo-373.png",1,1,false],"newsium-featured":["https:\/\/fmamiga909.com.ar\/wp-content\/uploads\/2025\/05\/wp-header-logo-373.png",1,1,false],"newsium-medium":["https:\/\/fmamiga909.com.ar\/wp-content\/uploads\/2025\/05\/wp-header-logo-373.png",1,1,false]},"author_info":{"display_name":"Fredy Giuliano","author_link":"https:\/\/fmamiga909.com.ar\/?author=3"},"category_info":"<a href=\"https:\/\/fmamiga909.com.ar\/?cat=21\" rel=\"category\">Deportes<\/a>","tag_info":"Deportes","comment_count":"0","_links":{"self":[{"href":"https:\/\/fmamiga909.com.ar\/index.php?rest_route=\/wp\/v2\/posts\/21238","targetHints":{"allow":["GET"]}}],"collection":[{"href":"https:\/\/fmamiga909.com.ar\/index.php?rest_route=\/wp\/v2\/posts"}],"about":[{"href":"https:\/\/fmamiga909.com.ar\/index.php?rest_route=\/wp\/v2\/types\/post"}],"author":[{"embeddable":true,"href":"https:\/\/fmamiga909.com.ar\/index.php?rest_route=\/wp\/v2\/users\/3"}],"replies":[{"embeddable":true,"href":"https:\/\/fmamiga909.com.ar\/index.php?rest_route=%2Fwp%2Fv2%2Fcomments&post=21238"}],"version-history":[{"count":0,"href":"https:\/\/fmamiga909.com.ar\/index.php?rest_route=\/wp\/v2\/posts\/21238\/revisions"}],"wp:featuredmedia":[{"embeddable":true,"href":"https:\/\/fmamiga909.com.ar\/index.php?rest_route=\/wp\/v2\/media\/21239"}],"wp:attachment":[{"href":"https:\/\/fmamiga909.com.ar\/index.php?rest_route=%2Fwp%2Fv2%2Fmedia&parent=21238"}],"wp:term":[{"taxonomy":"category","embeddable":true,"href":"https:\/\/fmamiga909.com.ar\/index.php?rest_route=%2Fwp%2Fv2%2Fcategories&post=21238"},{"taxonomy":"post_tag","embeddable":true,"href":"https:\/\/fmamiga909.com.ar\/index.php?rest_route=%2Fwp%2Fv2%2Ftags&post=21238"}],"curies":[{"name":"wp","href":"https:\/\/api.w.org\/{rel}","templated":true}]}}