{"id":21246,"date":"2025-05-31T20:34:42","date_gmt":"2025-05-31T20:34:42","guid":{"rendered":"https:\/\/fmamiga909.com.ar\/?p=21246"},"modified":"2025-05-31T20:34:42","modified_gmt":"2025-05-31T20:34:42","slug":"psg-golea-4-0-al-inter-hoy-en-vivo-por-la-final-de-la-champions-league-minuto-a-minuto","status":"publish","type":"post","link":"https:\/\/fmamiga909.com.ar\/?p=21246","title":{"rendered":"PSG golea 4-0 al Inter hoy en vivo, por la final de la Champions League: minuto a minuto"},"content":{"rendered":"<div><!-- Body --><\/p>\n<p>Hoy s\u00e1bado 31 de mayo\u00a0<b><a href=\"https:\/\/www.pagina12.com.ar\/830034-psg-vs-inter-de-lautaro-martinez-por-la-final-de-la-champion\">Par\u00eds Saint Germain e Inter de Mil\u00e1n<\/a><\/b>, con la presencia de <b>Lautaro Mart\u00ednez<\/b>, se enfrentan en el estadio Allianz Arena de M\u00fanich por la <b>final de la UEFA Champions League 2024\/2025<\/b>.<\/p>\n<h2>D\u00f3nde ver Par\u00eds Saint Germain e Inter de Mil\u00e1n en vivo online y por TV <\/h2>\n<p>El partido es televisado por <b>ESPN, Fox Sports y Disney+ Premium<\/b>. Las se\u00f1ales tambi\u00e9n se pueden sintonizar mediante plataformas de streaming como <b>DGO, Flow y Telecentro Play<\/b>, entre otras.<\/p>\n<h2>Formaciones<\/h2>\n<p><b>PSG: <\/b>Gianluigi Donnarumma; Achraf Hakimi, Marquinhos, William Pacho, Nuno Mendes; Jo\u00e3o Neves, Vitinha, Fabi\u00e1n Ruiz; D\u00e9sir\u00e9 Dou\u00e9, Ousmane Demb\u00e9l\u00e9, Khvicha Kvaratskhelia. <b>DT: <\/b>Luis Enrique.<\/p>\n<p><b>Inter:<\/b> Yann Sommer; Benjam\u00edn Pavard, Francesco Acerbi, Alessandro Bastoni; Denzel Dumfries, Nicol\u00f3 Barella, Hakan \u00c7alhanoglu, Henrij Mkhitaryan, Federico Dimarco; Lautaro Mart\u00ednez, Marcus Thuram. <b>DT:<\/b> Simone Inzaghi.<\/p>\n<p><!-- Live Blog Post --><\/p>\n<div class=\"live-blog-post-wrapper\">\n<article id=\"post-1733\" class=\"live-blog-post section-2-col \">\n<div class=\"col 2-col\">\n<h2>\u00a1Gol del PSG!\u00a0Kvaratskhelia anota el 4-0, a los 27 del ST<\/h2>\n<p>El georgiano estira a\u00fan m\u00e1s la ventaja sobre el Inter.<\/p>\n<\/div>\n<\/article>\n<article id=\"post-1730\" class=\"live-blog-post section-2-col \">\n<div class=\"col 2-col\">\n<h2>Nueva modificaci\u00f3n en Inter<\/h2>\n<p>En 25 del segundo tiempo, se retira Hakan Calhanoglu para darle lugar a\u00a0Kristjan Asllani.<\/p>\n<\/div>\n<\/article>\n<article id=\"post-1729\" class=\"live-blog-post section-2-col \">\n<div class=\"col 2-col\">\n<h2>Tarjeta amarilla para Thuram<\/h2>\n<p>El delantero del Inter fue amonestado por una dura patada, a los 25 de la segunda parte.<\/p>\n<\/div>\n<\/article>\n<article id=\"post-1726\" class=\"live-blog-post section-2-col \">\n<div class=\"col 2-col\">\n<h2>Cambio en el PSG: se va Dou\u00e9, autor del doblete<\/h2>\n<p>A los 21 del complemento, Barcola reemplaza al delantero galo, una de las figuras del partido.<\/p>\n<\/div>\n<\/article>\n<article id=\"post-1723\" class=\"live-blog-post section-2-col \"\/>\n<article id=\"post-1722\" class=\"live-blog-post section-2-col \">\n<div class=\"col 2-col\">\n<h2>Dos nuevas variantes en Inter<\/h2>\n<p>En 16 de la segunda parte, salen Henrik Mkhitaryan y el ingresado Yann Aurel Bisseck. Ingresan\u00a0Carlos Augusto y\u00a0Matteo Darmian.<\/p>\n<\/div>\n<\/article>\n<article id=\"post-1715\" class=\"live-blog-post section-2-col \">\n<div class=\"col 2-col\">\n<h2>Zalewski, el primer amonestado del partido<\/h2>\n<p>El recien ingresado del Inter se gan\u00f3 la primera amarilla por una fuerte entrada.<\/p>\n<\/div>\n<\/article>\n<article id=\"post-1713\" class=\"live-blog-post section-2-col \">\n<div class=\"col 2-col\">\n<h2>Inzaghi mueve el banco en el Inter con dos cambios<\/h2>\n<p>A los 8 minutos del segundo tiempo, se va Benjamin Pavard y Federico Dimarco. Entran\u00a0Yann Aurel Bisseck y\u00a0Nicola Zalewski.<\/p>\n<\/div>\n<\/article>\n<article id=\"post-1705\" class=\"live-blog-post section-2-col \">\n<div class=\"col 2-col\">\n<h2>Comienza la segunda mitad de PSG 2- Inter 0<\/h2>\n<p>Inician los segundos 45 minutos de la final de la Champions League en el Allianz Arena de M\u00fanich.<\/p>\n<\/div>\n<\/article>\n<article id=\"post-1650\" class=\"live-blog-post section-2-col \"\/><\/div>\n<div class=\"get-lbp-updates-container\"><button class=\"get-lbp-updates-button\" id=\"get-lbp-updates\" data-article-id=\"830188\" data-article-url=\"\/830188-psg-vs-inter-hoy-en-vivo-por-la-final-de-la-champions-league\" data-lbp-offset=\"0\">Ver m\u00e1s<\/button><img decoding=\"async\" class=\"get-lbp-updates-loader\" src=\"\/assets\/media\/assets\/loading.gif\" alt=\"ver-mas-loader\"\/><\/div>\n<\/div>\n<p><a href=\"https:\/\/www.pagina12.com.ar\/830188-psg-vs-inter-hoy-en-vivo-por-la-final-de-la-champions-league\">source<\/a><\/p>\n","protected":false},"excerpt":{"rendered":"<p>Hoy s\u00e1bado 31 de mayo\u00a0Par\u00eds Saint Germain e Inter de Mil\u00e1n, con la presencia de&#8230;<\/p>\n","protected":false},"author":3,"featured_media":21247,"comment_status":"closed","ping_status":"closed","sticky":false,"template":"","format":"standard","meta":{"footnotes":""},"categories":[21],"tags":[],"class_list":["post-21246","post","type-post","status-publish","format-standard","has-post-thumbnail","hentry","category-deportes"],"featured_image_urls":{"full":["https:\/\/fmamiga909.com.ar\/wp-content\/uploads\/2025\/05\/wp-header-logo-377.png",0,0,false],"thumbnail":["https:\/\/fmamiga909.com.ar\/wp-content\/uploads\/2025\/05\/wp-header-logo-377.png",1,1,false],"medium":["https:\/\/fmamiga909.com.ar\/wp-content\/uploads\/2025\/05\/wp-header-logo-377.png",1,1,false],"medium_large":["https:\/\/fmamiga909.com.ar\/wp-content\/uploads\/2025\/05\/wp-header-logo-377.png",0,0,false],"large":["https:\/\/fmamiga909.com.ar\/wp-content\/uploads\/2025\/05\/wp-header-logo-377.png",1,1,false],"1536x1536":["https:\/\/fmamiga909.com.ar\/wp-content\/uploads\/2025\/05\/wp-header-logo-377.png",1,1,false],"2048x2048":["https:\/\/fmamiga909.com.ar\/wp-content\/uploads\/2025\/05\/wp-header-logo-377.png",1,1,false],"newsium-slider-full":["https:\/\/fmamiga909.com.ar\/wp-content\/uploads\/2025\/05\/wp-header-logo-377.png",1,1,false],"newsium-featured":["https:\/\/fmamiga909.com.ar\/wp-content\/uploads\/2025\/05\/wp-header-logo-377.png",1,1,false],"newsium-medium":["https:\/\/fmamiga909.com.ar\/wp-content\/uploads\/2025\/05\/wp-header-logo-377.png",1,1,false]},"author_info":{"display_name":"Fredy Giuliano","author_link":"https:\/\/fmamiga909.com.ar\/?author=3"},"category_info":"<a href=\"https:\/\/fmamiga909.com.ar\/?cat=21\" rel=\"category\">Deportes<\/a>","tag_info":"Deportes","comment_count":"0","_links":{"self":[{"href":"https:\/\/fmamiga909.com.ar\/index.php?rest_route=\/wp\/v2\/posts\/21246","targetHints":{"allow":["GET"]}}],"collection":[{"href":"https:\/\/fmamiga909.com.ar\/index.php?rest_route=\/wp\/v2\/posts"}],"about":[{"href":"https:\/\/fmamiga909.com.ar\/index.php?rest_route=\/wp\/v2\/types\/post"}],"author":[{"embeddable":true,"href":"https:\/\/fmamiga909.com.ar\/index.php?rest_route=\/wp\/v2\/users\/3"}],"replies":[{"embeddable":true,"href":"https:\/\/fmamiga909.com.ar\/index.php?rest_route=%2Fwp%2Fv2%2Fcomments&post=21246"}],"version-history":[{"count":0,"href":"https:\/\/fmamiga909.com.ar\/index.php?rest_route=\/wp\/v2\/posts\/21246\/revisions"}],"wp:featuredmedia":[{"embeddable":true,"href":"https:\/\/fmamiga909.com.ar\/index.php?rest_route=\/wp\/v2\/media\/21247"}],"wp:attachment":[{"href":"https:\/\/fmamiga909.com.ar\/index.php?rest_route=%2Fwp%2Fv2%2Fmedia&parent=21246"}],"wp:term":[{"taxonomy":"category","embeddable":true,"href":"https:\/\/fmamiga909.com.ar\/index.php?rest_route=%2Fwp%2Fv2%2Fcategories&post=21246"},{"taxonomy":"post_tag","embeddable":true,"href":"https:\/\/fmamiga909.com.ar\/index.php?rest_route=%2Fwp%2Fv2%2Ftags&post=21246"}],"curies":[{"name":"wp","href":"https:\/\/api.w.org\/{rel}","templated":true}]}}