{"id":21264,"date":"2025-05-31T23:13:16","date_gmt":"2025-05-31T23:13:16","guid":{"rendered":"https:\/\/fmamiga909.com.ar\/?p=21264"},"modified":"2025-05-31T23:13:16","modified_gmt":"2025-05-31T23:13:16","slug":"inter-sumo-una-nueva-frustracion-en-un-semestre-para-olvidar","status":"publish","type":"post","link":"https:\/\/fmamiga909.com.ar\/?p=21264","title":{"rendered":"Inter sum\u00f3 una nueva frustraci\u00f3n en un semestre para olvidar"},"content":{"rendered":"<div><!-- Body --><\/p>\n<p>Para Inter, el gran anhelo era ganar la Champions League despu\u00e9s de un semestre para el olvido. Es que, si bien compiti\u00f3 hasta instancias decisivas en todos los torneos que jug\u00f3, se qued\u00f3 con las manos vac\u00edas en cada uno de ellos.<\/p>\n<p>Todo comenz\u00f3 en la Supercopa de Italia, el torneo que se jug\u00f3 en enero de 2025 y que tuvo a Inter derrotado 3-2 en el cl\u00e1sico ante Milan con un ag\u00f3nico gol de Rafael Leao en la final.<\/p>\n<p>En la Copa Italia, el Neroazzurro\u00a0alcanz\u00f3 las semifinales, pero fue nuevamente derrotado por Milan, esta vez por un contundente 4-1 en el global. Y como si todo esto fuera poco, perdi\u00f3 la Serie A de Italia a manos de Napoli por un punto.<\/p>\n<p>En cuanto a Lautaro Mart\u00ednez, despu\u00e9s de una temporada superlativa a nivel personal, frustr\u00f3 su deseo de\u00a0conquistar la Champions League, un t\u00edtulo que le volvi\u00f3 a ser esquivo tras el contundente 5-0 que le propin\u00f3 el PSG.\u00a0<\/p>\n<p>Antes de la final, el capit\u00e1n de Inter lleg\u00f3 con 22 goles, tras 49 partidos entre todas las competencias. Solamente en la Champions League, sus 9 goles lo ubicaban como el quinto goleador del certamen.\u00a0En M\u00fanich, sin embargo, lejos estuvo del arco rival, no cont\u00f3 con ocasiones de gol y se fue con las manos vac\u00edas.<\/p>\n<p><!-- Live Blog Post --><\/div>\n<p><a href=\"https:\/\/www.pagina12.com.ar\/830309-inter-sumo-una-nueva-frustracion-en-un-semestre-para-olvidar\">source<\/a><\/p>\n","protected":false},"excerpt":{"rendered":"<p>Para Inter, el gran anhelo era ganar la Champions League despu\u00e9s de un semestre para&#8230;<\/p>\n","protected":false},"author":3,"featured_media":21265,"comment_status":"closed","ping_status":"closed","sticky":false,"template":"","format":"standard","meta":{"footnotes":""},"categories":[21],"tags":[],"class_list":["post-21264","post","type-post","status-publish","format-standard","has-post-thumbnail","hentry","category-deportes"],"featured_image_urls":{"full":["https:\/\/fmamiga909.com.ar\/wp-content\/uploads\/2025\/05\/wp-header-logo-386.png",960,540,false],"thumbnail":["https:\/\/fmamiga909.com.ar\/wp-content\/uploads\/2025\/05\/wp-header-logo-386-150x150.png",150,150,true],"medium":["https:\/\/fmamiga909.com.ar\/wp-content\/uploads\/2025\/05\/wp-header-logo-386-300x169.png",300,169,true],"medium_large":["https:\/\/fmamiga909.com.ar\/wp-content\/uploads\/2025\/05\/wp-header-logo-386.png",960,540,false],"large":["https:\/\/fmamiga909.com.ar\/wp-content\/uploads\/2025\/05\/wp-header-logo-386.png",640,360,false],"1536x1536":["https:\/\/fmamiga909.com.ar\/wp-content\/uploads\/2025\/05\/wp-header-logo-386.png",960,540,false],"2048x2048":["https:\/\/fmamiga909.com.ar\/wp-content\/uploads\/2025\/05\/wp-header-logo-386.png",960,540,false],"newsium-slider-full":["https:\/\/fmamiga909.com.ar\/wp-content\/uploads\/2025\/05\/wp-header-logo-386.png",960,540,false],"newsium-featured":["https:\/\/fmamiga909.com.ar\/wp-content\/uploads\/2025\/05\/wp-header-logo-386.png",960,540,false],"newsium-medium":["https:\/\/fmamiga909.com.ar\/wp-content\/uploads\/2025\/05\/wp-header-logo-386-720x475.png",720,475,true]},"author_info":{"display_name":"Fredy Giuliano","author_link":"https:\/\/fmamiga909.com.ar\/?author=3"},"category_info":"<a href=\"https:\/\/fmamiga909.com.ar\/?cat=21\" rel=\"category\">Deportes<\/a>","tag_info":"Deportes","comment_count":"0","_links":{"self":[{"href":"https:\/\/fmamiga909.com.ar\/index.php?rest_route=\/wp\/v2\/posts\/21264","targetHints":{"allow":["GET"]}}],"collection":[{"href":"https:\/\/fmamiga909.com.ar\/index.php?rest_route=\/wp\/v2\/posts"}],"about":[{"href":"https:\/\/fmamiga909.com.ar\/index.php?rest_route=\/wp\/v2\/types\/post"}],"author":[{"embeddable":true,"href":"https:\/\/fmamiga909.com.ar\/index.php?rest_route=\/wp\/v2\/users\/3"}],"replies":[{"embeddable":true,"href":"https:\/\/fmamiga909.com.ar\/index.php?rest_route=%2Fwp%2Fv2%2Fcomments&post=21264"}],"version-history":[{"count":0,"href":"https:\/\/fmamiga909.com.ar\/index.php?rest_route=\/wp\/v2\/posts\/21264\/revisions"}],"wp:featuredmedia":[{"embeddable":true,"href":"https:\/\/fmamiga909.com.ar\/index.php?rest_route=\/wp\/v2\/media\/21265"}],"wp:attachment":[{"href":"https:\/\/fmamiga909.com.ar\/index.php?rest_route=%2Fwp%2Fv2%2Fmedia&parent=21264"}],"wp:term":[{"taxonomy":"category","embeddable":true,"href":"https:\/\/fmamiga909.com.ar\/index.php?rest_route=%2Fwp%2Fv2%2Fcategories&post=21264"},{"taxonomy":"post_tag","embeddable":true,"href":"https:\/\/fmamiga909.com.ar\/index.php?rest_route=%2Fwp%2Fv2%2Ftags&post=21264"}],"curies":[{"name":"wp","href":"https:\/\/api.w.org\/{rel}","templated":true}]}}