{"id":21272,"date":"2025-06-01T14:43:27","date_gmt":"2025-06-01T14:43:27","guid":{"rendered":"https:\/\/fmamiga909.com.ar\/?p=21272"},"modified":"2025-06-01T14:43:27","modified_gmt":"2025-06-01T14:43:27","slug":"festejos-del-psg-dos-muertos-mas-de-200-heridos-y-560-detenidos","status":"publish","type":"post","link":"https:\/\/fmamiga909.com.ar\/?p=21272","title":{"rendered":"Festejos del PSG: dos muertos, m\u00e1s de 200 heridos y 560 detenidos"},"content":{"rendered":"<div><!-- Body --><\/p>\n<p><b>Dos personas murieron<\/b>, m\u00e1s de <b>220 resultaron heridas<\/b> y al menos <b>560 fueron detenidas<\/b> en las \u00faltimas horas, durante los festejos en Francia por el <b><a href=\"https:\/\/www.pagina12.com.ar\/830307-psg-fue-una-maquina-de-futbol-y-es-el-campeon-de-la-champion\">hist\u00f3rico triunfo del PSG<\/a> <\/b>contra el Inter en la final de la <b>Champions League.<\/b><\/p>\n<p>Seg\u00fan inform\u00f3 el Ministerio del Interior franc\u00e9s, <b>un adolescente de 17 a\u00f1os muri\u00f3 apu\u00f1alado<\/b> en la ciudad de Dax, en una concentraci\u00f3n autoconvocada para celebrar al PSG. El autor del ataque, por el momento, se encuentra pr\u00f3fugo.\u00a0<\/p>\n<p>El otro deceso tuvo lugar en Par\u00eds, cuando un hombre que iba en moto<b> fue atropellado por un auto<\/b>, accidente que le cost\u00f3 la vida.\u00a0<\/p>\n<p>En Grenoble, varios miembros de una misma familia resultaron heridos, dos de ellos graves, despu\u00e9s de que un auto atropellara a una multitud que celebraba la victoria del PSG. El conductor dio negativo en las pruebas de drogas y alcohol, inform\u00f3 la fiscal\u00eda.<\/p>\n<p>En Coutances, un polic\u00eda fue alcanzado por un petardo y tuvo se ser trasladado a un hospital en Caen, donde se encuentra en coma inducido.<\/p>\n<p>La mayor\u00eda de los incidentes ser registraron en la capital. De acuerdo al reporte difundido por el Ministerio del Interior, <b>559 personas fueron detenidas<\/b>\u00a0(491 en Par\u00eds) y <b>320 permanecen bajo custodia policial <\/b>(254 de ellas en la capital).<\/p>\n<p>Adem\u00e1s, se registraron m\u00e1s de 220 heridos, entre ellos\u00a0<b>22 miembros de las fuerzas de seguridad <\/b>(18 en Par\u00eds), <b>7\u00a0bomberos y 192 manifestantes.<\/b><\/p>\n<p>El ministerio contabiliz\u00f3 tambi\u00e9n <b>692 incendios<\/b>, 264 de ellos de veh\u00edculos.<\/p>\n<p>En Par\u00eds, la mayor parte de los incidentes se registraron en la emblem\u00e1tica avenida de los Campos El\u00edseos, que fue cerrada a la circulaci\u00f3n, as\u00ed como en los alrededores del Parque de los Pr\u00edncipes, el estadio del nuevo campe\u00f3n de Europa, que gole\u00f3 5-0 al Inter en M\u00fanich para ganar su primer t\u00edtulo continental.<\/p>\n<h2>Inconvenientes durante los festejos<\/h2>\n<p>Durante varias horas despu\u00e9s del pitido final, las fuerzas de seguridad reprimieron con <b>gases lacrim\u00f3genos y ca\u00f1ones de agua<\/b> a algunos aficionados que lanzaron petardos y proyectiles.<\/p>\n<p>Pese al numeroso despliegue de las fuerzas de seguridad, se registraron<b> saqueos, destrozos del mobiliario urbano, vitrinas destruidas e incendios de bicicletas<\/b>. Uno de los inconvenientes tuvo lugar en una tienda de zapatos deportivos de los Campos El\u00edseos, que fue saqueada antes de que las fuerzas del orden intervinieran y detuvieran a 30 personas.<\/p>\n<p>En la puerta de Saint-Cloud, cerca del Parque de los Pr\u00edncipes, seguidores con bengalas bajaron al perif\u00e9rico e interrumpieron el tr\u00e1fico antes de ser desalojados por las fuerzas de seguridad.<\/p>\n<p>El ministro franc\u00e9s del Interior, <b>Bruno Retailleau<\/b>, mostr\u00f3 a trav\u00e9s de un mensaje en X su <b>indignaci\u00f3n \u00abcontra los b\u00e1rbaros que vinieron a las calles de Par\u00eds para cometer delitos y provocar a las fuerzas del orden\u00bb.<\/b><\/p>\n<p>Como se\u00f1al de la tensi\u00f3n a lo largo de la noche, <b>el 18, n\u00famero de emergencia de los bomberos, se satur\u00f3.<\/b><\/p>\n<p>El prefecto de polic\u00eda de Par\u00eds, <b>Laurent Nu\u00f1ez<\/b>, declar\u00f3 este domingo qu<b>e el dispositivo policial no result\u00f3 \u00abni un \u00e9xito, ni un fracaso\u00bb<\/b>, ya que \u00abnos fijamos el objetivo de que no hubiese degradaci\u00f3n de comercios y los hubo\u00bb, aunque \u00abmiles de personas vinieron para cometer exacciones y, en la mayor\u00eda de los casos lo impedimos\u00bb.<\/p>\n<p>El partido de ultraderecha Reagrupamiento Nacional (RN) calific\u00f3 de \u00abfiasco\u00bb lo sucedido al considerar que las autoridades \u00absubestimaron el riesgo\u00bb y responsabiliz\u00f3 a Retailleau, \u00abel tonto \u00fatil del gobierno\u00bb.<\/p>\n<h2>Siguen los festejos<\/h2>\n<p>Este domingo por la tarde las autoridades y las fuerzas se seguridad se enfrentar\u00e1n a un nuevo desaf\u00edo, cuando los<b> jugadores del PSG desfilen en los Campos El\u00edseos para festejar el t\u00edtulo con sus aficionados.<\/b><\/p>\n<p>La prefectura de polic\u00eda de Par\u00eds ha previsto delimitar<b> tres zonas para albergar al p\u00fablico<\/b>, unos 110.000 hinchas, seg\u00fan los c\u00e1lculos, mientras que los jugadores viajar\u00e1n a bordo de un colectivo descapotable.<\/p>\n<p>Tras el desfile, todos los miembros del club ser\u00e1n recibidos en el El\u00edseo por el presidente <b>Emmanuel Macron<\/b> y luego ir\u00e1n al Parque de los Pr\u00edncipes para la presentaci\u00f3n del trofeo a los seguidores.<\/p>\n<p><!-- Live Blog Post --><\/div>\n<p><a href=\"https:\/\/www.pagina12.com.ar\/830415-festejos-del-psg-dos-muertos-mas-de-200-heridos-y-560-deteni\">source<\/a><\/p>\n","protected":false},"excerpt":{"rendered":"<p>Dos personas murieron, m\u00e1s de 220 resultaron heridas y al menos 560 fueron detenidas en&#8230;<\/p>\n","protected":false},"author":3,"featured_media":21273,"comment_status":"closed","ping_status":"closed","sticky":false,"template":"","format":"standard","meta":{"footnotes":""},"categories":[21],"tags":[],"class_list":["post-21272","post","type-post","status-publish","format-standard","has-post-thumbnail","hentry","category-deportes"],"featured_image_urls":{"full":["https:\/\/fmamiga909.com.ar\/wp-content\/uploads\/2025\/06\/wp-header-logo-2.png",960,540,false],"thumbnail":["https:\/\/fmamiga909.com.ar\/wp-content\/uploads\/2025\/06\/wp-header-logo-2-150x150.png",150,150,true],"medium":["https:\/\/fmamiga909.com.ar\/wp-content\/uploads\/2025\/06\/wp-header-logo-2-300x169.png",300,169,true],"medium_large":["https:\/\/fmamiga909.com.ar\/wp-content\/uploads\/2025\/06\/wp-header-logo-2.png",960,540,false],"large":["https:\/\/fmamiga909.com.ar\/wp-content\/uploads\/2025\/06\/wp-header-logo-2.png",640,360,false],"1536x1536":["https:\/\/fmamiga909.com.ar\/wp-content\/uploads\/2025\/06\/wp-header-logo-2.png",960,540,false],"2048x2048":["https:\/\/fmamiga909.com.ar\/wp-content\/uploads\/2025\/06\/wp-header-logo-2.png",960,540,false],"newsium-slider-full":["https:\/\/fmamiga909.com.ar\/wp-content\/uploads\/2025\/06\/wp-header-logo-2.png",960,540,false],"newsium-featured":["https:\/\/fmamiga909.com.ar\/wp-content\/uploads\/2025\/06\/wp-header-logo-2.png",960,540,false],"newsium-medium":["https:\/\/fmamiga909.com.ar\/wp-content\/uploads\/2025\/06\/wp-header-logo-2-720x475.png",720,475,true]},"author_info":{"display_name":"Fredy Giuliano","author_link":"https:\/\/fmamiga909.com.ar\/?author=3"},"category_info":"<a href=\"https:\/\/fmamiga909.com.ar\/?cat=21\" rel=\"category\">Deportes<\/a>","tag_info":"Deportes","comment_count":"0","_links":{"self":[{"href":"https:\/\/fmamiga909.com.ar\/index.php?rest_route=\/wp\/v2\/posts\/21272","targetHints":{"allow":["GET"]}}],"collection":[{"href":"https:\/\/fmamiga909.com.ar\/index.php?rest_route=\/wp\/v2\/posts"}],"about":[{"href":"https:\/\/fmamiga909.com.ar\/index.php?rest_route=\/wp\/v2\/types\/post"}],"author":[{"embeddable":true,"href":"https:\/\/fmamiga909.com.ar\/index.php?rest_route=\/wp\/v2\/users\/3"}],"replies":[{"embeddable":true,"href":"https:\/\/fmamiga909.com.ar\/index.php?rest_route=%2Fwp%2Fv2%2Fcomments&post=21272"}],"version-history":[{"count":0,"href":"https:\/\/fmamiga909.com.ar\/index.php?rest_route=\/wp\/v2\/posts\/21272\/revisions"}],"wp:featuredmedia":[{"embeddable":true,"href":"https:\/\/fmamiga909.com.ar\/index.php?rest_route=\/wp\/v2\/media\/21273"}],"wp:attachment":[{"href":"https:\/\/fmamiga909.com.ar\/index.php?rest_route=%2Fwp%2Fv2%2Fmedia&parent=21272"}],"wp:term":[{"taxonomy":"category","embeddable":true,"href":"https:\/\/fmamiga909.com.ar\/index.php?rest_route=%2Fwp%2Fv2%2Fcategories&post=21272"},{"taxonomy":"post_tag","embeddable":true,"href":"https:\/\/fmamiga909.com.ar\/index.php?rest_route=%2Fwp%2Fv2%2Ftags&post=21272"}],"curies":[{"name":"wp","href":"https:\/\/api.w.org\/{rel}","templated":true}]}}