{"id":21274,"date":"2025-06-01T15:40:20","date_gmt":"2025-06-01T15:40:20","guid":{"rendered":"https:\/\/fmamiga909.com.ar\/?p=21274"},"modified":"2025-06-01T15:40:20","modified_gmt":"2025-06-01T15:40:20","slug":"franco-colapinto-en-la-formula-1en-el-gp-de-espana-como-salio-en-la-carrera","status":"publish","type":"post","link":"https:\/\/fmamiga909.com.ar\/?p=21274","title":{"rendered":"Franco Colapinto en la F\u00f3rmula 1en el GP de Espa\u00f1a: c\u00f3mo sali\u00f3 en la carrera"},"content":{"rendered":"<div id=\"post-1212\">\n<div class=\"col 2-col\">\n<h2>Colapinto con un auto que muestra poco poder\u00edo<\/h2>\n<p>Franco Colapinto no tuvo una buena carrera y se demostr\u00f3 desconforme con su actuaci\u00f3n en el Gran Premio de Barcelona. El argentino lleg\u00f3 el puesto 15. reci\u00e9n gan\u00f3 algunos lugares al final de la carrera.<\/p>\n<p>En la \u00faltima vuelta el piloto argentino -con un auto que no est\u00e1 bien- en la \u00faltima vuelta super\u00f3 a Ocon. Tambi\u00e9n clasifico adelante del ingl\u00e9s Bearman, quien en este caso cumpli\u00f3 una penalizaci\u00f3n tras cruzar la meta 13\u00b0.<\/p>\n<\/div>\n<\/div>\n<div id=\"post-1149\">\n<div class=\"col 2-col\">\n<h2>Piastri refuerza su posici\u00f3n en la tabla de pilotos<\/h2>\n<p>El australiano Oscar Piastri fue el vencedor del Gran Premio de Espa\u00f1a, novena cita de las 24 de la temporada de <strong>F\u00f3rmula<\/strong> <strong>1<\/strong>, este domingo en una jornada calurosa en el circuito barcelon\u00e9s de Montmel\u00f3.<\/p>\n<p>El l\u00edder del Mundial refuerza as\u00ed su posici\u00f3n al superar en esta carrera a su compa\u00f1ero de equipo brit\u00e1nico Lando Norris, segundo de la carrera y de la general, mientras que el tercer puesto del d\u00eda fue para el monegasco Charles Leclerc (Ferrari), en un final de Gran Premio animado en las \u00faltimas vueltas despu\u00e9s de la intervenci\u00f3n del coche de seguridad<\/p>\n<\/div>\n<\/div>\n<div id=\"post-1139\">\n<div class=\"col 2-col\">\n<h2>Piastri lleg\u00f3 primero, Colapinto se ubic\u00f3 15<\/h2>\n<p>Con una gran performance, los MacLaren hicieron el 1-2. Piastri gan\u00f3 la carrera y su compa\u00f1ero Norris, segundo. Franco Colapinto, lleg\u00f3 en el puesto 15.<\/p>\n<\/div>\n<\/div>\n<div id=\"post-1129\">\n<div class=\"col 2-col\">\n<h2>\u00bfPenalizan a Verstappen?<\/h2>\n<p>En las \u00faltimas vueltas, un roce de Verstappen. \u00bfSer\u00e1 penalizado? Piatri en punta, seguido por su compa\u00f1ero de escuder\u00eda, Norris, en segundo lugar.<\/p>\n<\/div>\n<\/div>\n<div id=\"post-1122\">\n<div class=\"col 2-col\">\n<h2>Abandon\u00f3 Antonelli de Mercedes<\/h2>\n<p>Antonelli de Mercedes sufri\u00f3 un problema en el motor de su auto y debi\u00f3 abandonar la carrera. Colanpinto de ese modo, sigue \u00faltimo, ahora en el puesto 17.<\/p>\n<\/div>\n<\/div>\n<div id=\"post-1113\">\n<div class=\"col 2-col\">\n<h2>Los MacLaren siguen en punta, con Verstappen que busca superarlos<\/h2>\n<p>Max Verstappen sigue de cerca a los MacLaren de Piastri y Norris, primero y segundo, respectivamente.<\/p>\n<\/div>\n<\/div>\n<div id=\"post-1100\">\n<div class=\"col 2-col\">\n<h2>Mala performance de los Alpine<\/h2>\n<p>Mala performance pasada m\u00e1s de la mitad de media carrera de los Alpine: Gasly marcha en el puesto 15 y Colapinto, \u00faltimo.<\/p>\n<\/div>\n<\/div>\n<div id=\"post-1049\">\n<div class=\"col 2-col\">\n<h2>Piastri recuper\u00f3 la punta<\/h2>\n<p>En la vuelta 34, Piastri recuper\u00f3 la punta y Colapinto marcha en \u00ba18.<\/p>\n<\/div>\n<\/div>\n<div id=\"post-1025\">\n<div class=\"col 2-col\">\n<h2>Primera parada en boxes de Colapinto<\/h2>\n<p>Tras su primera parada en boxes, Franco Colapinto qued\u00f3 en ultimo lugar.<\/p>\n<\/div>\n<\/div>\n<div id=\"post-1014\">\n<div class=\"col 2-col\">\n<h2>Colapinto, en d\u00e9cimotercer lugar<\/h2>\n<p>En la d\u00e9cima vuelta del Gran Premio de Barcelona, Franco Colapinto pas\u00f3 al lugar d\u00e9cimotercer, adelante de su compa\u00f1ero de escuder\u00eda, Gasly.<\/p>\n<\/div>\n<\/div>\n<p><a href=\"https:\/\/www.pagina12.com.ar\/830391-franco-colapinto-en-la-formula-1-en-el-gp-de-espana-a-que-ho\">source<\/a><\/p>\n","protected":false},"excerpt":{"rendered":"<p>Colapinto con un auto que muestra poco poder\u00edo Franco Colapinto no tuvo una buena carrera&#8230;<\/p>\n","protected":false},"author":3,"featured_media":21275,"comment_status":"closed","ping_status":"closed","sticky":false,"template":"","format":"standard","meta":{"footnotes":""},"categories":[21],"tags":[],"class_list":["post-21274","post","type-post","status-publish","format-standard","has-post-thumbnail","hentry","category-deportes"],"featured_image_urls":{"full":["https:\/\/fmamiga909.com.ar\/wp-content\/uploads\/2025\/06\/wp-header-logo-3.png",960,540,false],"thumbnail":["https:\/\/fmamiga909.com.ar\/wp-content\/uploads\/2025\/06\/wp-header-logo-3-150x150.png",150,150,true],"medium":["https:\/\/fmamiga909.com.ar\/wp-content\/uploads\/2025\/06\/wp-header-logo-3-300x169.png",300,169,true],"medium_large":["https:\/\/fmamiga909.com.ar\/wp-content\/uploads\/2025\/06\/wp-header-logo-3.png",960,540,false],"large":["https:\/\/fmamiga909.com.ar\/wp-content\/uploads\/2025\/06\/wp-header-logo-3.png",640,360,false],"1536x1536":["https:\/\/fmamiga909.com.ar\/wp-content\/uploads\/2025\/06\/wp-header-logo-3.png",960,540,false],"2048x2048":["https:\/\/fmamiga909.com.ar\/wp-content\/uploads\/2025\/06\/wp-header-logo-3.png",960,540,false],"newsium-slider-full":["https:\/\/fmamiga909.com.ar\/wp-content\/uploads\/2025\/06\/wp-header-logo-3.png",960,540,false],"newsium-featured":["https:\/\/fmamiga909.com.ar\/wp-content\/uploads\/2025\/06\/wp-header-logo-3.png",960,540,false],"newsium-medium":["https:\/\/fmamiga909.com.ar\/wp-content\/uploads\/2025\/06\/wp-header-logo-3-720x475.png",720,475,true]},"author_info":{"display_name":"Fredy Giuliano","author_link":"https:\/\/fmamiga909.com.ar\/?author=3"},"category_info":"<a href=\"https:\/\/fmamiga909.com.ar\/?cat=21\" rel=\"category\">Deportes<\/a>","tag_info":"Deportes","comment_count":"0","_links":{"self":[{"href":"https:\/\/fmamiga909.com.ar\/index.php?rest_route=\/wp\/v2\/posts\/21274","targetHints":{"allow":["GET"]}}],"collection":[{"href":"https:\/\/fmamiga909.com.ar\/index.php?rest_route=\/wp\/v2\/posts"}],"about":[{"href":"https:\/\/fmamiga909.com.ar\/index.php?rest_route=\/wp\/v2\/types\/post"}],"author":[{"embeddable":true,"href":"https:\/\/fmamiga909.com.ar\/index.php?rest_route=\/wp\/v2\/users\/3"}],"replies":[{"embeddable":true,"href":"https:\/\/fmamiga909.com.ar\/index.php?rest_route=%2Fwp%2Fv2%2Fcomments&post=21274"}],"version-history":[{"count":0,"href":"https:\/\/fmamiga909.com.ar\/index.php?rest_route=\/wp\/v2\/posts\/21274\/revisions"}],"wp:featuredmedia":[{"embeddable":true,"href":"https:\/\/fmamiga909.com.ar\/index.php?rest_route=\/wp\/v2\/media\/21275"}],"wp:attachment":[{"href":"https:\/\/fmamiga909.com.ar\/index.php?rest_route=%2Fwp%2Fv2%2Fmedia&parent=21274"}],"wp:term":[{"taxonomy":"category","embeddable":true,"href":"https:\/\/fmamiga909.com.ar\/index.php?rest_route=%2Fwp%2Fv2%2Fcategories&post=21274"},{"taxonomy":"post_tag","embeddable":true,"href":"https:\/\/fmamiga909.com.ar\/index.php?rest_route=%2Fwp%2Fv2%2Ftags&post=21274"}],"curies":[{"name":"wp","href":"https:\/\/api.w.org\/{rel}","templated":true}]}}