{"id":21276,"date":"2025-06-01T16:01:44","date_gmt":"2025-06-01T16:01:44","guid":{"rendered":"https:\/\/fmamiga909.com.ar\/?p=21276"},"modified":"2025-06-01T16:01:44","modified_gmt":"2025-06-01T16:01:44","slug":"franco-colapinto-no-fue-la-carrera-que-queriamos","status":"publish","type":"post","link":"https:\/\/fmamiga909.com.ar\/?p=21276","title":{"rendered":"Franco Colapinto: &quot;No fue la carrera que quer\u00edamos&quot;"},"content":{"rendered":"<div><!-- Body --><\/p>\n<p>El piloto argentino <b>Franco Colapinto<\/b> finaliz\u00f3 en el<span> <b>15\u00b0 puesto<\/b><\/span> en el <a href=\"https:\/\/www.pagina12.com.ar\/830391-franco-colapinto-en-la-formula-1-en-el-gp-de-espana-a-que-ho\">Gran Premio de Espa\u00f1a <\/a>de la F\u00f3rmula 1 y dijo que fue una \u00abcarrera muy complicada\u00bb, con problemas de ritmo que debe \u00abentender\u00bb y \u00abtrabajar\u00bb para llegar mejor a la pr\u00f3xima competici\u00f3n.<\/p>\n<p>\u00ab<b>Lo que pas\u00f3 no fue lo que quer\u00edamos, no fue la carrera que quer\u00edamos. Una carrera muy complicada, con mucha degradaci\u00f3n. Y yendo al aire sucio, creo que sufr\u00edan mucho las gomas<\/b>\u00ab, evalu\u00f3 el piloto, que este domingo  cerr\u00f3 su tercera carrera con Alpine.<\/p>\n<p>\u00abFue una carrera larga, <b>hay que trabajar para volver m\u00e1s fuertes <\/b>y entender un poco qu\u00e9 es lo que pas\u00f3, cu\u00e1l fue el problema grande de este fin de semana, en el que por momentos a veces \u00edbamos m\u00e1s r\u00e1pido y despu\u00e9s perd\u00edamos. Y no pod\u00edamos entender el por qu\u00e9\u00bb, agreg\u00f3.<\/p>\n<p>M\u00e1s all\u00e1 del resultado, \u00abdel viernes al s\u00e1bado dimos un paso importante\u00bb, analiz\u00f3<b>. \u00abHoy nos cost\u00f3 mucho por diferentes factores que tenemos que entender mejor.<\/b> Pero ese paso fue bueno y eso es lo m\u00e1s positivo. Tenemos que enfocarnos en eso\u00bb, insisti\u00f3.<\/p>\n<p>Consultado por las debilidades del Alpine, Colapinto fue claro:<b> \u201cLas curvas lentas y las rectas\u201d, r<\/b>espondi\u00f3.<\/p>\n<p>Respecto a sus expectativas par la pr\u00f3xima carrera, en Canad\u00e1, expres\u00f3: \u00abLlego mucho m\u00e1s c\u00f3modo a un circuito que no conozco. <b>Ya conociendo el auto, es un pasito adelante. Solo hay que tratar de entender esos momentos que nos est\u00e1n costando y que nos falta ritmo.<\/b> Hay trabajo por hacer. Ahora tenemos unos fines de semana\u00a0para\u00a0eso\u00bb.<\/p>\n<p><!-- Live Blog Post --><\/div>\n<p><a href=\"https:\/\/www.pagina12.com.ar\/830429-franco-colapinto-no-fue-la-carrera-que-queriamos\">source<\/a><\/p>\n","protected":false},"excerpt":{"rendered":"<p>El piloto argentino Franco Colapinto finaliz\u00f3 en el 15\u00b0 puesto en el Gran Premio de&#8230;<\/p>\n","protected":false},"author":3,"featured_media":21277,"comment_status":"closed","ping_status":"closed","sticky":false,"template":"","format":"standard","meta":{"footnotes":""},"categories":[21],"tags":[],"class_list":["post-21276","post","type-post","status-publish","format-standard","has-post-thumbnail","hentry","category-deportes"],"featured_image_urls":{"full":["https:\/\/fmamiga909.com.ar\/wp-content\/uploads\/2025\/06\/wp-header-logo-4.png",960,540,false],"thumbnail":["https:\/\/fmamiga909.com.ar\/wp-content\/uploads\/2025\/06\/wp-header-logo-4-150x150.png",150,150,true],"medium":["https:\/\/fmamiga909.com.ar\/wp-content\/uploads\/2025\/06\/wp-header-logo-4-300x169.png",300,169,true],"medium_large":["https:\/\/fmamiga909.com.ar\/wp-content\/uploads\/2025\/06\/wp-header-logo-4.png",960,540,false],"large":["https:\/\/fmamiga909.com.ar\/wp-content\/uploads\/2025\/06\/wp-header-logo-4.png",640,360,false],"1536x1536":["https:\/\/fmamiga909.com.ar\/wp-content\/uploads\/2025\/06\/wp-header-logo-4.png",960,540,false],"2048x2048":["https:\/\/fmamiga909.com.ar\/wp-content\/uploads\/2025\/06\/wp-header-logo-4.png",960,540,false],"newsium-slider-full":["https:\/\/fmamiga909.com.ar\/wp-content\/uploads\/2025\/06\/wp-header-logo-4.png",960,540,false],"newsium-featured":["https:\/\/fmamiga909.com.ar\/wp-content\/uploads\/2025\/06\/wp-header-logo-4.png",960,540,false],"newsium-medium":["https:\/\/fmamiga909.com.ar\/wp-content\/uploads\/2025\/06\/wp-header-logo-4-720x475.png",720,475,true]},"author_info":{"display_name":"Fredy Giuliano","author_link":"https:\/\/fmamiga909.com.ar\/?author=3"},"category_info":"<a href=\"https:\/\/fmamiga909.com.ar\/?cat=21\" rel=\"category\">Deportes<\/a>","tag_info":"Deportes","comment_count":"0","_links":{"self":[{"href":"https:\/\/fmamiga909.com.ar\/index.php?rest_route=\/wp\/v2\/posts\/21276","targetHints":{"allow":["GET"]}}],"collection":[{"href":"https:\/\/fmamiga909.com.ar\/index.php?rest_route=\/wp\/v2\/posts"}],"about":[{"href":"https:\/\/fmamiga909.com.ar\/index.php?rest_route=\/wp\/v2\/types\/post"}],"author":[{"embeddable":true,"href":"https:\/\/fmamiga909.com.ar\/index.php?rest_route=\/wp\/v2\/users\/3"}],"replies":[{"embeddable":true,"href":"https:\/\/fmamiga909.com.ar\/index.php?rest_route=%2Fwp%2Fv2%2Fcomments&post=21276"}],"version-history":[{"count":0,"href":"https:\/\/fmamiga909.com.ar\/index.php?rest_route=\/wp\/v2\/posts\/21276\/revisions"}],"wp:featuredmedia":[{"embeddable":true,"href":"https:\/\/fmamiga909.com.ar\/index.php?rest_route=\/wp\/v2\/media\/21277"}],"wp:attachment":[{"href":"https:\/\/fmamiga909.com.ar\/index.php?rest_route=%2Fwp%2Fv2%2Fmedia&parent=21276"}],"wp:term":[{"taxonomy":"category","embeddable":true,"href":"https:\/\/fmamiga909.com.ar\/index.php?rest_route=%2Fwp%2Fv2%2Fcategories&post=21276"},{"taxonomy":"post_tag","embeddable":true,"href":"https:\/\/fmamiga909.com.ar\/index.php?rest_route=%2Fwp%2Fv2%2Ftags&post=21276"}],"curies":[{"name":"wp","href":"https:\/\/api.w.org\/{rel}","templated":true}]}}