{"id":21354,"date":"2025-06-03T23:38:48","date_gmt":"2025-06-03T23:38:48","guid":{"rendered":"https:\/\/fmamiga909.com.ar\/?p=21354"},"modified":"2025-06-03T23:38:48","modified_gmt":"2025-06-03T23:38:48","slug":"como-fue-el-encuentro-entre-gabriela-sabatini-y-franco-colapinto","status":"publish","type":"post","link":"https:\/\/fmamiga909.com.ar\/?p=21354","title":{"rendered":"C\u00f3mo fue el encuentro entre Gabriela Sabatini y Franco Colapinto"},"content":{"rendered":"<div><!-- Body --><\/p>\n<p><b>Gabriela Sabatini y Franco Colapinto <\/b>compartieron una postal que se hizo viral desde el paddock del<b> Gran Premio de Espa\u00f1a en Montmel\u00f3<\/b>. La excampeona de tenis y el joven piloto argentino, que busca hacerse un lugar en la<b> F\u00f3rmula 1<\/b>, se conocieron en Barcelona y sellaron un encuentro que cruz\u00f3 generaciones y disciplinas.<\/p>\n<h3\/>\n<p>Sabatini viaj\u00f3 invitada por Renault Argentina &#8211;due\u00f1a de la escuder\u00eda Alpine&#8211; y, fiel a su costumbre, aprovech\u00f3 para acercarse a los deportistas argentinos que pisan fuerte afuera.<\/p>\n<div class=\"medium-insert-embeds\">\n<figure>\n<div class=\"medium-insert-embed\">\n<div align=\"center\">\n<figure role=\"group\" class=\"caption caption-drupal-entity\"><figcaption>La extenista viaj\u00f3 a Barcelona como embajadora de Renault y alent\u00f3 a Colapinto.<\/figcaption><\/figure>\n<\/div><\/div>\n<\/figure>\n<\/div>\n<p>El saludo con Colapinto fue c\u00e1lido, con abrazo, charla de motores y una instant\u00e1nea que public\u00f3 en Instagram con un mensaje simple pero contundente: <b><span>\u201cUn placer conocerte, Franco. Todo lo mejor para lo que viene\u201d<\/span>. <\/b>Los hinchas, por supuesto, hicieron lo suyo: <span>\u201c<b>\u00a1Qu\u00e9 grande Gaby!\u201d, \u201cDos cracks argentinos\u201d<\/b><\/span><b> y <span>\u201cEsa foto huele a celeste y blanca\u201d<\/span><\/b>, se le\u00eda entre los comentarios.<\/p>\n<p>En di\u00e1logo con ESPN, la extenista celebr\u00f3 la irrupci\u00f3n de Colapinto en la categor\u00eda: <b><span>\u201cMe emociona ver a un argentino en este nivel. No es f\u00e1cil llegar ni mantenerse. Hay que tener mucha cabeza\u201d<\/span>,<\/b> remarc\u00f3 Sabatini, que tambi\u00e9n advirti\u00f3 sobre la presi\u00f3n medi\u00e1tica y popular que carga el joven de Pilar: <span>\u201cEl apoyo suma, pero hay que saber manejarlo y no perder el foco\u201d<\/span>, recomend\u00f3.<\/p>\n<p>Mientras tanto, Colapinto termin\u00f3 15\u00b0 en una carrera que dej\u00f3 sabor amargo en Alpine y motiv\u00f3 las cr\u00edticas de Flavio Briatore. Pero en medio de la tormenta, el abrazo de una campeona siempre viene bien.<\/p>\n<h3>Segu\u00ed leyendo:<\/h3>\n<h3\/><!-- Live Blog Post --><\/div>\n<p><a href=\"https:\/\/www.pagina12.com.ar\/831078-como-fue-el-encuentro-entre-gabriela-sabatini-y-franco-colap\">source<\/a><\/p>\n","protected":false},"excerpt":{"rendered":"<p>Gabriela Sabatini y Franco Colapinto compartieron una postal que se hizo viral desde el paddock&#8230;<\/p>\n","protected":false},"author":3,"featured_media":21355,"comment_status":"closed","ping_status":"closed","sticky":false,"template":"","format":"standard","meta":{"footnotes":""},"categories":[21],"tags":[],"class_list":["post-21354","post","type-post","status-publish","format-standard","has-post-thumbnail","hentry","category-deportes"],"featured_image_urls":{"full":["https:\/\/fmamiga909.com.ar\/wp-content\/uploads\/2025\/06\/wp-header-logo-43.png",960,540,false],"thumbnail":["https:\/\/fmamiga909.com.ar\/wp-content\/uploads\/2025\/06\/wp-header-logo-43-150x150.png",150,150,true],"medium":["https:\/\/fmamiga909.com.ar\/wp-content\/uploads\/2025\/06\/wp-header-logo-43-300x169.png",300,169,true],"medium_large":["https:\/\/fmamiga909.com.ar\/wp-content\/uploads\/2025\/06\/wp-header-logo-43.png",960,540,false],"large":["https:\/\/fmamiga909.com.ar\/wp-content\/uploads\/2025\/06\/wp-header-logo-43.png",640,360,false],"1536x1536":["https:\/\/fmamiga909.com.ar\/wp-content\/uploads\/2025\/06\/wp-header-logo-43.png",960,540,false],"2048x2048":["https:\/\/fmamiga909.com.ar\/wp-content\/uploads\/2025\/06\/wp-header-logo-43.png",960,540,false],"newsium-slider-full":["https:\/\/fmamiga909.com.ar\/wp-content\/uploads\/2025\/06\/wp-header-logo-43.png",960,540,false],"newsium-featured":["https:\/\/fmamiga909.com.ar\/wp-content\/uploads\/2025\/06\/wp-header-logo-43.png",960,540,false],"newsium-medium":["https:\/\/fmamiga909.com.ar\/wp-content\/uploads\/2025\/06\/wp-header-logo-43-720x475.png",720,475,true]},"author_info":{"display_name":"Fredy Giuliano","author_link":"https:\/\/fmamiga909.com.ar\/?author=3"},"category_info":"<a href=\"https:\/\/fmamiga909.com.ar\/?cat=21\" rel=\"category\">Deportes<\/a>","tag_info":"Deportes","comment_count":"0","_links":{"self":[{"href":"https:\/\/fmamiga909.com.ar\/index.php?rest_route=\/wp\/v2\/posts\/21354","targetHints":{"allow":["GET"]}}],"collection":[{"href":"https:\/\/fmamiga909.com.ar\/index.php?rest_route=\/wp\/v2\/posts"}],"about":[{"href":"https:\/\/fmamiga909.com.ar\/index.php?rest_route=\/wp\/v2\/types\/post"}],"author":[{"embeddable":true,"href":"https:\/\/fmamiga909.com.ar\/index.php?rest_route=\/wp\/v2\/users\/3"}],"replies":[{"embeddable":true,"href":"https:\/\/fmamiga909.com.ar\/index.php?rest_route=%2Fwp%2Fv2%2Fcomments&post=21354"}],"version-history":[{"count":0,"href":"https:\/\/fmamiga909.com.ar\/index.php?rest_route=\/wp\/v2\/posts\/21354\/revisions"}],"wp:featuredmedia":[{"embeddable":true,"href":"https:\/\/fmamiga909.com.ar\/index.php?rest_route=\/wp\/v2\/media\/21355"}],"wp:attachment":[{"href":"https:\/\/fmamiga909.com.ar\/index.php?rest_route=%2Fwp%2Fv2%2Fmedia&parent=21354"}],"wp:term":[{"taxonomy":"category","embeddable":true,"href":"https:\/\/fmamiga909.com.ar\/index.php?rest_route=%2Fwp%2Fv2%2Fcategories&post=21354"},{"taxonomy":"post_tag","embeddable":true,"href":"https:\/\/fmamiga909.com.ar\/index.php?rest_route=%2Fwp%2Fv2%2Ftags&post=21354"}],"curies":[{"name":"wp","href":"https:\/\/api.w.org\/{rel}","templated":true}]}}