{"id":21385,"date":"2025-06-05T00:37:50","date_gmt":"2025-06-05T00:37:50","guid":{"rendered":"https:\/\/fmamiga909.com.ar\/?p=21385"},"modified":"2025-06-05T00:37:50","modified_gmt":"2025-06-05T00:37:50","slug":"scaloni-los-jugadores-tienen-incorporado-el-adn-competitivo","status":"publish","type":"post","link":"https:\/\/fmamiga909.com.ar\/?p=21385","title":{"rendered":"Scaloni: &quot;Los jugadores tienen incorporado el ADN competitivo&quot;"},"content":{"rendered":"<div><!-- Body --><\/p>\n<p>La <b>Selecci\u00f3n Argentina<\/b> de f\u00fatbol ingres\u00f3 en la recta final de las eliminatorias, con la tranquilidad de tener asegurado su lugar en la pr\u00f3xima Copa del Mundo, y el t\u00e9cnico Lionel Scaloni dej\u00f3 en claro que esa situaci\u00f3n le permitir\u00e1 ofrecerle m\u00e1s lugar a los jugadores que menos participaci\u00f3n tuvieron.<\/p>\n<p>El entrenador brind\u00f3 una conferencia de prensa en el predio de Ezeiza, antes del viaje a Santiago para <b>visitar a Chile,<\/b> y destac\u00f3 que \u00abhabr\u00e1 algunas bajas en la zona del mediocampo. No lo tengo confirmado, pero le daremos chances a los que menos juegan\u00bb. En relaci\u00f3n al capit\u00e1n Lionel Messi, quien regresa al plantel luego de su ausencia por lesi\u00f3n en marzo pasado, Scaloni indic\u00f3 que <b>\u00abest\u00e1 bien, est\u00e1 para jugar.<\/b> El fin de semana jug\u00f3 en Miami y se lo vio muy bien\u00bb.<\/p>\n<p>Messi participar\u00e1 con su equipo en el <b>Mundial de Clubes,<\/b> a partir del 14 de junio, y se especula que Scaloni lo haga jugar en Chile pero no ante Colombia, el martes pr\u00f3ximo, debido a que justamente el equipo del rosarino <b>debutar\u00e1 en ese torneo cuatro d\u00edas m\u00e1s tarde.<\/b> El certamen que se jugar\u00e1 en Estados Unidos fue calificado por el t\u00e9cnico como \u00abespectacular, porque estar\u00e1n los mejores del mundo. Lo \u00fanico negativo es que varios jugadores no tendr\u00e1n descanso luego de una temporada exigente. Creo que Boca y River pueden competir sin problemas\u00bb.<\/p>\n<p>\u00abLos jugadores tienen incorporado el ADN competitivo. <b>Ellos siempre quieren estar\u00bb,<\/b> se\u00f1al\u00f3 Scaloni, descartando que los protagonistas no se exijan al m\u00e1ximo en los cuatro compromisos que faltan para finalizar las eliminatorias. Y agreg\u00f3: \u00abSaldremos a jugar sin pensar que estamos clasificados. El partido nos viene bien, nunca es inoportuno un encuentro. Es una linda prueba para nosotros. Aparte, Chile buscar\u00e1 el triunfo porque necesita sumar los puntos\u00bb. El conductor le quit\u00f3 importancia a las declaraciones del chileno <b>Arturo Vidal,<\/b> quien anticip\u00f3 que su equipo ganar\u00e1. \u00abEs normal que lo diga\u00bb, se refiri\u00f3 Scaloni.<\/p>\n<p>El t\u00e9cnico, consultado por este diario, habl\u00f3 de su ideal futbol\u00edstico, luego de lo que exhibi\u00f3 el <b>Par\u00eds Saint Germain <\/b>en la final de la Champions League: \u00abMe identifico con su manera de jugar. Ellos tienen diferentes jugadores, pero me gusta el estilo del Par\u00eds\u00bb.<\/p>\n<p>Scaloni\u00a0habl\u00f3 tambi\u00e9n del juvenil de River Franco <b>Mastantuono,<\/b> quien atraviesa un gran presente en el equipo de N\u00fa\u00f1ez, e integra por primera vez el seleccionado mayor. \u00abEst\u00e1 en un gran momento, y por eso consideramos citarlo. <b>Es muy joven y se tiene que ir desarrollando de a poco. <\/b>Le servir\u00e1 estar rodeado de grandes jugadores. Ser\u00eda bueno que juegue el Mundial Sub 20, depender\u00e1 de la instituci\u00f3n\u00bb.<\/p>\n<p>El t\u00e9cnico dej\u00f3 en claro que con su equipo de trabajo no priorizan el club al que pertenecen los futbolistas convocados, sino que valoran su rendimiento. En ese aspecto, nombr\u00f3 a <b>Enzo Barrenechea<\/b> y a <b>Emiliano Buend\u00eda,<\/b> dos que regresaron al equipo, pero tambi\u00e9n destac\u00f3 a Kevin Lom\u00f3naco (Independiente) y Mariano Troilo (Belgrano). \u00abA medida que necesitamos jugadores en determinados puestos vamos buscando. En este caso est\u00e1n lesionados <b>Alexis (Mac Allister), (Giovani) Lo Celso,<\/b> y entonces es la oportunidad para otros\u00bb, a\u00f1adi\u00f3.<\/p>\n<p><b>Lautaro Mart\u00ednez,<\/b> que viene de perder la final de la Champions League ante Par\u00eds Saint Germain el s\u00e1bado pasado, se sum\u00f3 hoy al equipo y <b>no estar\u00e1 disponible<\/b> ante Chile, pero podr\u00e1 jugar ante Colombia en la cancha de River.\u00a0<\/p>\n<p>El seleccionado tiene confirmado un partido amistoso frente a <b>Angola,<\/b> para la \u00faltima parte del a\u00f1o, y el entrenador aclar\u00f3 que no se podr\u00e1n programar encuentros <b>ante los europeos, <\/b>debido a que ellos iniciar\u00e1n las eliminatorias de ese continente.<\/p>\n<p>La llegada del italiano <b>Carlo Ancelotti<\/b> a Brasil fue otro tema que abord\u00f3 Scaloni, y explic\u00f3 que \u00abva a jerarquizar a Brasil. Me parece muy buena su incorporaci\u00f3n y tambi\u00e9n me gusta su forma de ser. <b>Le puede hacer muy bien a Brasil\u00bb.<\/b> Y sobre el arribo de Angel Di Mar\u00eda a Rosario Central, luego del Mundial de Clubes, remarc\u00f3 que \u00abes una alegr\u00eda pueda volver al pa\u00eds. Me pone muy contento por \u00e9l\u00bb.\u00a0\u00a0<\/p>\n<p><!-- Live Blog Post --><\/div>\n<p><a href=\"https:\/\/www.pagina12.com.ar\/831364-scaloni-los-jugadores-tienen-incorporado-el-adn-competitivo\">source<\/a><\/p>\n","protected":false},"excerpt":{"rendered":"<p>La Selecci\u00f3n Argentina de f\u00fatbol ingres\u00f3 en la recta final de las eliminatorias, con la&#8230;<\/p>\n","protected":false},"author":3,"featured_media":21386,"comment_status":"closed","ping_status":"closed","sticky":false,"template":"","format":"standard","meta":{"footnotes":""},"categories":[21],"tags":[],"class_list":["post-21385","post","type-post","status-publish","format-standard","has-post-thumbnail","hentry","category-deportes"],"featured_image_urls":{"full":["https:\/\/fmamiga909.com.ar\/wp-content\/uploads\/2025\/06\/wp-header-logo-55.png",960,540,false],"thumbnail":["https:\/\/fmamiga909.com.ar\/wp-content\/uploads\/2025\/06\/wp-header-logo-55-150x150.png",150,150,true],"medium":["https:\/\/fmamiga909.com.ar\/wp-content\/uploads\/2025\/06\/wp-header-logo-55-300x169.png",300,169,true],"medium_large":["https:\/\/fmamiga909.com.ar\/wp-content\/uploads\/2025\/06\/wp-header-logo-55.png",960,540,false],"large":["https:\/\/fmamiga909.com.ar\/wp-content\/uploads\/2025\/06\/wp-header-logo-55.png",640,360,false],"1536x1536":["https:\/\/fmamiga909.com.ar\/wp-content\/uploads\/2025\/06\/wp-header-logo-55.png",960,540,false],"2048x2048":["https:\/\/fmamiga909.com.ar\/wp-content\/uploads\/2025\/06\/wp-header-logo-55.png",960,540,false],"newsium-slider-full":["https:\/\/fmamiga909.com.ar\/wp-content\/uploads\/2025\/06\/wp-header-logo-55.png",960,540,false],"newsium-featured":["https:\/\/fmamiga909.com.ar\/wp-content\/uploads\/2025\/06\/wp-header-logo-55.png",960,540,false],"newsium-medium":["https:\/\/fmamiga909.com.ar\/wp-content\/uploads\/2025\/06\/wp-header-logo-55-720x475.png",720,475,true]},"author_info":{"display_name":"Fredy Giuliano","author_link":"https:\/\/fmamiga909.com.ar\/?author=3"},"category_info":"<a href=\"https:\/\/fmamiga909.com.ar\/?cat=21\" rel=\"category\">Deportes<\/a>","tag_info":"Deportes","comment_count":"0","_links":{"self":[{"href":"https:\/\/fmamiga909.com.ar\/index.php?rest_route=\/wp\/v2\/posts\/21385","targetHints":{"allow":["GET"]}}],"collection":[{"href":"https:\/\/fmamiga909.com.ar\/index.php?rest_route=\/wp\/v2\/posts"}],"about":[{"href":"https:\/\/fmamiga909.com.ar\/index.php?rest_route=\/wp\/v2\/types\/post"}],"author":[{"embeddable":true,"href":"https:\/\/fmamiga909.com.ar\/index.php?rest_route=\/wp\/v2\/users\/3"}],"replies":[{"embeddable":true,"href":"https:\/\/fmamiga909.com.ar\/index.php?rest_route=%2Fwp%2Fv2%2Fcomments&post=21385"}],"version-history":[{"count":0,"href":"https:\/\/fmamiga909.com.ar\/index.php?rest_route=\/wp\/v2\/posts\/21385\/revisions"}],"wp:featuredmedia":[{"embeddable":true,"href":"https:\/\/fmamiga909.com.ar\/index.php?rest_route=\/wp\/v2\/media\/21386"}],"wp:attachment":[{"href":"https:\/\/fmamiga909.com.ar\/index.php?rest_route=%2Fwp%2Fv2%2Fmedia&parent=21385"}],"wp:term":[{"taxonomy":"category","embeddable":true,"href":"https:\/\/fmamiga909.com.ar\/index.php?rest_route=%2Fwp%2Fv2%2Fcategories&post=21385"},{"taxonomy":"post_tag","embeddable":true,"href":"https:\/\/fmamiga909.com.ar\/index.php?rest_route=%2Fwp%2Fv2%2Ftags&post=21385"}],"curies":[{"name":"wp","href":"https:\/\/api.w.org\/{rel}","templated":true}]}}