{"id":21459,"date":"2025-06-07T00:47:36","date_gmt":"2025-06-07T00:47:36","guid":{"rendered":"https:\/\/fmamiga909.com.ar\/?p=21459"},"modified":"2025-06-07T00:47:36","modified_gmt":"2025-06-07T00:47:36","slug":"eliminatorias-colombia-empato-con-peru-y-fue-despedida-con-silbidos","status":"publish","type":"post","link":"https:\/\/fmamiga909.com.ar\/?p=21459","title":{"rendered":"Eliminatorias: Colombia empat\u00f3 con Per\u00fa y fue despedida con silbidos"},"content":{"rendered":"<div><!-- Body --><\/p>\n<p>Con una pobr\u00edsima actuaci\u00f3n, la selecci\u00f3n de Colombia apenas igual\u00f3 sin tantos este viernes ante su similar de\u00a0Per\u00fa, en otro duelo v\u00e1lido por la fecha 15 de las Eliminatorias Sudamericanas\u00a0rumbo al Mundial de Estados Unidos, M\u00e9xico y Canad\u00e1.<\/p>\n<p>Los dirigidos por N\u00e9stor Lorenzo iniciaron el primer tiempo manejando la ofensiva del partido, con\u00a0aproximaciones de James Rodr\u00edguez y Jhon Dur\u00e1n que rondaron el \u00e1rea peruana, aunque sin que ninguna se concrete.<\/p>\n<p>Per\u00fa, por su parte, tampoco gener\u00f3 mucho peligro. Apenas un remate\u00a0desde afuera del \u00e1rea que pesc\u00f3 Adv\u00edncula, lateral de Boca, tras un rebote y otra opci\u00f3n con un centro cerrado a cargo de Ramos que Kevin Mier logr\u00f3 desviar al tiro de esquina.\u00a0<\/p>\n<p>Dentro de la creaci\u00f3n de juego, Colombia demostr\u00f3 tener algunas complicaciones, puesto que James no estuvo tan fino como de costumbre.<\/p>\n<p><iframe style=\"border: 0px; position: absolute; top: 0px; left: 0px; height: 100%;\" allowfullscreen=\"\" frameborder=\"0\" src=\"https:\/\/www.youtube.com\/embed\/Xk3R3na_5EM\"><\/iframe><\/p>\n<p>Ya en el segundo tiempo, ambos siguieron sin generar mayor peligro, aunque<b>\u00a0<\/b>hubo un macan\u00f3n que se mand\u00f3 el arquero Mier ante el desconcierto de la \u00faltima l\u00ednea cafetera y cuyo rebote Tapia no pudo aprovechar con un disparo desde fuera del \u00e1rea.\u00a0<\/p>\n<p>La oportunidad m\u00e1s clara del partido a favor de los colombianos se produjo a partir de un cabezazo del ingresado Luis Su\u00e1rez, que se estrell\u00f3 en un poste.<\/p>\n<p>El final fue con silbidos que bajaban desde las gradas para el seleccionado cafetero, que no pudo sacar provecho de la local\u00eda\u00a0en la calurosa Barranquilla y mucho menos abrochar el ansiado boleto a la Copa del Mundo.<\/p>\n<p>De este modo, Colombia volvi\u00f3 a poner en vilo su clasificaci\u00f3n al Mundial 2026 y el pr\u00f3ximo martes deber\u00e1 enfrentarse nada menos que a la Argentina, l\u00edder y ya clasificada, en el estadio Monumental.<\/p>\n<p>Por su parte, a Per\u00fa el punto tampoco le sirve de mucho en su aspiraci\u00f3n de entrar en zona de repechaje y en la pr\u00f3xima fecha recibir\u00e1 al ordenado Ecuador de Sebasti\u00e1n Beccacece en Lima.<\/p>\n<p>      <!-- Live Blog Post --><\/div>\n<p><a href=\"https:\/\/www.pagina12.com.ar\/831981-eliminatorias-colombia-empato-con-peru-y-fue-despedida-con-s\">source<\/a><\/p>\n","protected":false},"excerpt":{"rendered":"<p>Con una pobr\u00edsima actuaci\u00f3n, la selecci\u00f3n de Colombia apenas igual\u00f3 sin tantos este viernes ante&#8230;<\/p>\n","protected":false},"author":3,"featured_media":21460,"comment_status":"closed","ping_status":"closed","sticky":false,"template":"","format":"standard","meta":{"footnotes":""},"categories":[21],"tags":[],"class_list":["post-21459","post","type-post","status-publish","format-standard","has-post-thumbnail","hentry","category-deportes"],"featured_image_urls":{"full":["https:\/\/fmamiga909.com.ar\/wp-content\/uploads\/2025\/06\/wp-header-logo-88.png",960,540,false],"thumbnail":["https:\/\/fmamiga909.com.ar\/wp-content\/uploads\/2025\/06\/wp-header-logo-88-150x150.png",150,150,true],"medium":["https:\/\/fmamiga909.com.ar\/wp-content\/uploads\/2025\/06\/wp-header-logo-88-300x169.png",300,169,true],"medium_large":["https:\/\/fmamiga909.com.ar\/wp-content\/uploads\/2025\/06\/wp-header-logo-88.png",960,540,false],"large":["https:\/\/fmamiga909.com.ar\/wp-content\/uploads\/2025\/06\/wp-header-logo-88.png",640,360,false],"1536x1536":["https:\/\/fmamiga909.com.ar\/wp-content\/uploads\/2025\/06\/wp-header-logo-88.png",960,540,false],"2048x2048":["https:\/\/fmamiga909.com.ar\/wp-content\/uploads\/2025\/06\/wp-header-logo-88.png",960,540,false],"newsium-slider-full":["https:\/\/fmamiga909.com.ar\/wp-content\/uploads\/2025\/06\/wp-header-logo-88.png",960,540,false],"newsium-featured":["https:\/\/fmamiga909.com.ar\/wp-content\/uploads\/2025\/06\/wp-header-logo-88.png",960,540,false],"newsium-medium":["https:\/\/fmamiga909.com.ar\/wp-content\/uploads\/2025\/06\/wp-header-logo-88-720x475.png",720,475,true]},"author_info":{"display_name":"Fredy Giuliano","author_link":"https:\/\/fmamiga909.com.ar\/?author=3"},"category_info":"<a href=\"https:\/\/fmamiga909.com.ar\/?cat=21\" rel=\"category\">Deportes<\/a>","tag_info":"Deportes","comment_count":"0","_links":{"self":[{"href":"https:\/\/fmamiga909.com.ar\/index.php?rest_route=\/wp\/v2\/posts\/21459","targetHints":{"allow":["GET"]}}],"collection":[{"href":"https:\/\/fmamiga909.com.ar\/index.php?rest_route=\/wp\/v2\/posts"}],"about":[{"href":"https:\/\/fmamiga909.com.ar\/index.php?rest_route=\/wp\/v2\/types\/post"}],"author":[{"embeddable":true,"href":"https:\/\/fmamiga909.com.ar\/index.php?rest_route=\/wp\/v2\/users\/3"}],"replies":[{"embeddable":true,"href":"https:\/\/fmamiga909.com.ar\/index.php?rest_route=%2Fwp%2Fv2%2Fcomments&post=21459"}],"version-history":[{"count":0,"href":"https:\/\/fmamiga909.com.ar\/index.php?rest_route=\/wp\/v2\/posts\/21459\/revisions"}],"wp:featuredmedia":[{"embeddable":true,"href":"https:\/\/fmamiga909.com.ar\/index.php?rest_route=\/wp\/v2\/media\/21460"}],"wp:attachment":[{"href":"https:\/\/fmamiga909.com.ar\/index.php?rest_route=%2Fwp%2Fv2%2Fmedia&parent=21459"}],"wp:term":[{"taxonomy":"category","embeddable":true,"href":"https:\/\/fmamiga909.com.ar\/index.php?rest_route=%2Fwp%2Fv2%2Fcategories&post=21459"},{"taxonomy":"post_tag","embeddable":true,"href":"https:\/\/fmamiga909.com.ar\/index.php?rest_route=%2Fwp%2Fv2%2Ftags&post=21459"}],"curies":[{"name":"wp","href":"https:\/\/api.w.org\/{rel}","templated":true}]}}