{"id":21493,"date":"2025-06-08T21:51:30","date_gmt":"2025-06-08T21:51:30","guid":{"rendered":"https:\/\/fmamiga909.com.ar\/?p=21493"},"modified":"2025-06-08T21:51:30","modified_gmt":"2025-06-08T21:51:30","slug":"la-seleccion-sumo-dos-juveniles-sub-20-a-la-practica-del-domingo","status":"publish","type":"post","link":"https:\/\/fmamiga909.com.ar\/?p=21493","title":{"rendered":"La Selecci\u00f3n sum\u00f3 dos juveniles Sub 20 a la pr\u00e1ctica del domingo"},"content":{"rendered":"<div><!-- Body --><\/p>\n<p>La <b>Selecci\u00f3n Argentina se entren\u00f3<\/b> este domingo por la ma\u00f1ana en Ezeiza, en la previa del choque del martes ante Colombia en el Monumental y <b>con la participaci\u00f3n de dos jugadores de la Sub 20 que dirige Diego Placente<\/b>, que a su vez est\u00e1 trabajando para el Mundial de la categor\u00eda que jugar\u00e1n entre septiembre y octubre en Chile.<\/p>\n<p>Seg\u00fan inform\u00f3 la AFA, los futbolistas arrancaron la jornada directamente en el campo de juego, donde llevaron a cabo ejercicios f\u00edsicos y de coordinaci\u00f3n con bal\u00f3n. Luego, el cuerpo t\u00e9cnico focaliz\u00f3 la pr\u00e1ctica en acciones futbol\u00edsticas y t\u00e1cticas durante 30 minutos, antes de cerrar la jornada con un mini torneo de f\u00fatbol reducido con el plantel dividido en cuatro equipos.<\/p>\n<p>Acaso la novedad m\u00e1s saliente del d\u00eda fue las presencia de <b>Ian Subiabre y Julio Soler<\/b>, integrantes de la Sub 20 que desde el 27 de septiembre estar\u00e1 compitiendo en el Mundial de Chile, donde comparte grupo con Italia, Australia y Cuba. El primero, extremo chubutense, es jugador de River mientras que Soler, lateral nacido en Paraguay, pas\u00f3 por Lan\u00fas y fue comprado por el Bournemouth de Inglaterra.<\/p>\n<p>Este lunes habr\u00e1 un nuevo entrenamiento en tanto que Lionel Scaloni brindar\u00e1 la habitual protocolar conferencia de prensa previa a cada partido. Argentina, que ya tiene el primer puesto asegurado en las Eliminatorias, <b>enfrentar\u00e1 a la alica\u00edda Colombia el martes desde las 21 en el Monumental. El equipo de N\u00e9stor Lorenzo sum\u00f3 dos de los \u00faltimos 15 puntos posibes y se complic\u00f3,<\/b> quedando s\u00f3lo tres puntos por encima del puesto de repechaje, por ahora en poder de Venezuela.<\/p>\n<p><!-- Live Blog Post --><\/div>\n<p><a href=\"https:\/\/www.pagina12.com.ar\/832279-la-seleccion-sumo-a-dos-juveniles-sub-20-a-la-practica-de-es\">source<\/a><\/p>\n","protected":false},"excerpt":{"rendered":"<p>La Selecci\u00f3n Argentina se entren\u00f3 este domingo por la ma\u00f1ana en Ezeiza, en la previa&#8230;<\/p>\n","protected":false},"author":3,"featured_media":21494,"comment_status":"closed","ping_status":"closed","sticky":false,"template":"","format":"standard","meta":{"footnotes":""},"categories":[21],"tags":[],"class_list":["post-21493","post","type-post","status-publish","format-standard","has-post-thumbnail","hentry","category-deportes"],"featured_image_urls":{"full":["https:\/\/fmamiga909.com.ar\/wp-content\/uploads\/2025\/06\/wp-header-logo-105.png",960,540,false],"thumbnail":["https:\/\/fmamiga909.com.ar\/wp-content\/uploads\/2025\/06\/wp-header-logo-105-150x150.png",150,150,true],"medium":["https:\/\/fmamiga909.com.ar\/wp-content\/uploads\/2025\/06\/wp-header-logo-105-300x169.png",300,169,true],"medium_large":["https:\/\/fmamiga909.com.ar\/wp-content\/uploads\/2025\/06\/wp-header-logo-105.png",960,540,false],"large":["https:\/\/fmamiga909.com.ar\/wp-content\/uploads\/2025\/06\/wp-header-logo-105.png",640,360,false],"1536x1536":["https:\/\/fmamiga909.com.ar\/wp-content\/uploads\/2025\/06\/wp-header-logo-105.png",960,540,false],"2048x2048":["https:\/\/fmamiga909.com.ar\/wp-content\/uploads\/2025\/06\/wp-header-logo-105.png",960,540,false],"newsium-slider-full":["https:\/\/fmamiga909.com.ar\/wp-content\/uploads\/2025\/06\/wp-header-logo-105.png",960,540,false],"newsium-featured":["https:\/\/fmamiga909.com.ar\/wp-content\/uploads\/2025\/06\/wp-header-logo-105.png",960,540,false],"newsium-medium":["https:\/\/fmamiga909.com.ar\/wp-content\/uploads\/2025\/06\/wp-header-logo-105-720x475.png",720,475,true]},"author_info":{"display_name":"Fredy Giuliano","author_link":"https:\/\/fmamiga909.com.ar\/?author=3"},"category_info":"<a href=\"https:\/\/fmamiga909.com.ar\/?cat=21\" rel=\"category\">Deportes<\/a>","tag_info":"Deportes","comment_count":"0","_links":{"self":[{"href":"https:\/\/fmamiga909.com.ar\/index.php?rest_route=\/wp\/v2\/posts\/21493","targetHints":{"allow":["GET"]}}],"collection":[{"href":"https:\/\/fmamiga909.com.ar\/index.php?rest_route=\/wp\/v2\/posts"}],"about":[{"href":"https:\/\/fmamiga909.com.ar\/index.php?rest_route=\/wp\/v2\/types\/post"}],"author":[{"embeddable":true,"href":"https:\/\/fmamiga909.com.ar\/index.php?rest_route=\/wp\/v2\/users\/3"}],"replies":[{"embeddable":true,"href":"https:\/\/fmamiga909.com.ar\/index.php?rest_route=%2Fwp%2Fv2%2Fcomments&post=21493"}],"version-history":[{"count":0,"href":"https:\/\/fmamiga909.com.ar\/index.php?rest_route=\/wp\/v2\/posts\/21493\/revisions"}],"wp:featuredmedia":[{"embeddable":true,"href":"https:\/\/fmamiga909.com.ar\/index.php?rest_route=\/wp\/v2\/media\/21494"}],"wp:attachment":[{"href":"https:\/\/fmamiga909.com.ar\/index.php?rest_route=%2Fwp%2Fv2%2Fmedia&parent=21493"}],"wp:term":[{"taxonomy":"category","embeddable":true,"href":"https:\/\/fmamiga909.com.ar\/index.php?rest_route=%2Fwp%2Fv2%2Fcategories&post=21493"},{"taxonomy":"post_tag","embeddable":true,"href":"https:\/\/fmamiga909.com.ar\/index.php?rest_route=%2Fwp%2Fv2%2Ftags&post=21493"}],"curies":[{"name":"wp","href":"https:\/\/api.w.org\/{rel}","templated":true}]}}