{"id":21501,"date":"2025-06-09T00:51:29","date_gmt":"2025-06-09T00:51:29","guid":{"rendered":"https:\/\/fmamiga909.com.ar\/?p=21501"},"modified":"2025-06-09T00:51:29","modified_gmt":"2025-06-09T00:51:29","slug":"nations-league-portugal-se-corono-campeon-ante-espana","status":"publish","type":"post","link":"https:\/\/fmamiga909.com.ar\/?p=21501","title":{"rendered":"Nations League: Portugal se coron\u00f3 campe\u00f3n ante Espa\u00f1a"},"content":{"rendered":"<div><!-- Body --><\/p>\n<p><b>Portugal le arrebat\u00f3 la corona de la Nations League a Espa\u00f1a<\/b> este domingo <b>tras empatar 2-2 en tiempo reglamentario y suplementario la final disputada en<\/b> el\u00a0Allianz Arena de\u00a0<b>M\u00fanich\u00a0que por penales ganaron 5-3 los lusos.<\/b>\u00a0<\/p>\n<p>La Roja se hab\u00eda puesto arriba en dos ocasiones. <b>Abri\u00f3 la cuenta Zubimendi<\/b>, <b>respondi\u00f3<\/b> r\u00e1pido <b>Nuno Mendes, Oyarz\u00e1bal anot\u00f3 antes del descanso, pero Cristiano Ronaldo puso el 2-2<\/b> definitivo.<\/p>\n<p><b>La final no defraud\u00f3 y fue intensa desde el inicio. <\/b>Si bien tuvo que sufrir a Nico Williams por su flanco, Joao Neves -campe\u00f3n de la Champions League con el PSG- tuvo la primera ocasi\u00f3n. Respondi\u00f3 el equipo de\u00a0De la Fuente\u00a0con Pedri, que remat\u00f3 algo desviado a la izquierda de Diogo Costa. Dos minutos despu\u00e9s, Williams hizo una diagonal y su disparo no entr\u00f3 por muy poco. Mientras, Lamine Yamal pasaba desapercibido, ya que se las tuvo que ver con Nuno Mendes, que lo fren\u00f3 muy bien.\u00a0<\/p>\n<p><b>La apertura naci\u00f3 de un contragolpe<\/b> que inici\u00f3 Mingueza, Oyarz\u00e1bal combin\u00f3 con <b>Zubimendi<\/b>, quien al final <b>remat\u00f3<\/b> la jugada <b>para <\/b>marcar <b>el 1-0.\u00a0<\/b><\/p>\n<p><b>El conjunto de Robert Mart\u00ednez respondi\u00f3 r\u00e1pido y empat\u00f3 gracias a un gol de Nuno Mendes<\/b>, que jug\u00f3 un partidazo en defensa y ataque apenas una semana despu\u00e9s de ganar la Champions League y llegando por izquierda cruz\u00f3 un disparo seco y ajustado.<\/p>\n<p>La final estaba abierta, pero <b>justo antes del descanso Espa\u00f1a volvi\u00f3 a tomar ventaja.<\/b> Pedri se la sirvi\u00f3 con clase a <b>Oyarz\u00e1bal<\/b> y el delantero de la Real Sociedad<b> volvi\u00f3 a ser protagonista en finales -ya hab\u00eda anotado en la de JJ.OO. y en la de la Eurocopa-<\/b> y super\u00f3 a Costa cruzando el bal\u00f3n a su derecha.\u00a0<\/p>\n<p><iframe style=\"border: 0px; position: absolute; top: 0px; left: 0px; height: 100%;\" allowfullscreen=\"\" frameborder=\"0\" src=\"https:\/\/www.youtube.com\/embed\/KeJsQ1aw8cE\"><\/iframe><\/p>\n<p><b>Para la segunda parte,\u00a0Cristiano empat\u00f3<\/b> tras provechar un bal\u00f3n muerto en el segundo palo. As\u00ed, <b>el depredador luso se anotaba la friolera de 138 goles con Portugal y mandaba el partido a la pr\u00f3rroga <\/b>y luego a penales.<\/p>\n<p>P\u00e1rrafo aparte para <b>el eterno goleador de 40 a\u00f1os<\/b>, que acaso <b>vivi\u00f3 un duelo particular con Lamine Yamal, de apenas 17.<\/b> <b>Fue bravuc\u00f3n<\/b> con su gesto <b>en el 1-1<\/b> parcial <b>grit\u00e1ndole a Oyarz\u00e1bal<\/b>, que reclamaba offside previo <b>y a quien le toc\u00f3 el rostro.<\/b><\/p>\n<p><b>Ni hablar de cuando anot\u00f3 el 2-2 definitivo tras ganarle la espalda al bueno de Cucurella<\/b> y puntearla para convertir el empate <b>que estirar\u00eda la definici\u00f3n<\/b> con 30 minutos suplementarios y la serie de penales en la que no particip\u00f3, porque fue reemplazado a 3 minutos del final del tiempo reglamentario.\u00a0<\/p>\n<p><b>CR7 vivi\u00f3 desde afuera el alargue y la definici\u00f3n por penales. Y sufri\u00f3 demasiado<\/b> escondi\u00e9ndose detr\u00e1s de un compa\u00f1ero para no ver las ejecuciones.\u00a0<b>Costa se lo ataj\u00f3 a Morata y as\u00ed, muy emocionado, festej\u00f3 su tercer t\u00edtulo con Portugal, luego de la Eurocopa 2016 y la Nations League 2018\/19.<\/b><\/p>\n<p><!-- Live Blog Post --><\/div>\n<p><a href=\"https:\/\/www.pagina12.com.ar\/832324-nations-league-portugal-se-corono-campeon-ante-espana\">source<\/a><\/p>\n","protected":false},"excerpt":{"rendered":"<p>Portugal le arrebat\u00f3 la corona de la Nations League a Espa\u00f1a este domingo tras empatar&#8230;<\/p>\n","protected":false},"author":3,"featured_media":21502,"comment_status":"closed","ping_status":"closed","sticky":false,"template":"","format":"standard","meta":{"footnotes":""},"categories":[21],"tags":[],"class_list":["post-21501","post","type-post","status-publish","format-standard","has-post-thumbnail","hentry","category-deportes"],"featured_image_urls":{"full":["https:\/\/fmamiga909.com.ar\/wp-content\/uploads\/2025\/06\/wp-header-logo-109.png",960,540,false],"thumbnail":["https:\/\/fmamiga909.com.ar\/wp-content\/uploads\/2025\/06\/wp-header-logo-109-150x150.png",150,150,true],"medium":["https:\/\/fmamiga909.com.ar\/wp-content\/uploads\/2025\/06\/wp-header-logo-109-300x169.png",300,169,true],"medium_large":["https:\/\/fmamiga909.com.ar\/wp-content\/uploads\/2025\/06\/wp-header-logo-109.png",960,540,false],"large":["https:\/\/fmamiga909.com.ar\/wp-content\/uploads\/2025\/06\/wp-header-logo-109.png",640,360,false],"1536x1536":["https:\/\/fmamiga909.com.ar\/wp-content\/uploads\/2025\/06\/wp-header-logo-109.png",960,540,false],"2048x2048":["https:\/\/fmamiga909.com.ar\/wp-content\/uploads\/2025\/06\/wp-header-logo-109.png",960,540,false],"newsium-slider-full":["https:\/\/fmamiga909.com.ar\/wp-content\/uploads\/2025\/06\/wp-header-logo-109.png",960,540,false],"newsium-featured":["https:\/\/fmamiga909.com.ar\/wp-content\/uploads\/2025\/06\/wp-header-logo-109.png",960,540,false],"newsium-medium":["https:\/\/fmamiga909.com.ar\/wp-content\/uploads\/2025\/06\/wp-header-logo-109-720x475.png",720,475,true]},"author_info":{"display_name":"Fredy Giuliano","author_link":"https:\/\/fmamiga909.com.ar\/?author=3"},"category_info":"<a href=\"https:\/\/fmamiga909.com.ar\/?cat=21\" rel=\"category\">Deportes<\/a>","tag_info":"Deportes","comment_count":"0","_links":{"self":[{"href":"https:\/\/fmamiga909.com.ar\/index.php?rest_route=\/wp\/v2\/posts\/21501","targetHints":{"allow":["GET"]}}],"collection":[{"href":"https:\/\/fmamiga909.com.ar\/index.php?rest_route=\/wp\/v2\/posts"}],"about":[{"href":"https:\/\/fmamiga909.com.ar\/index.php?rest_route=\/wp\/v2\/types\/post"}],"author":[{"embeddable":true,"href":"https:\/\/fmamiga909.com.ar\/index.php?rest_route=\/wp\/v2\/users\/3"}],"replies":[{"embeddable":true,"href":"https:\/\/fmamiga909.com.ar\/index.php?rest_route=%2Fwp%2Fv2%2Fcomments&post=21501"}],"version-history":[{"count":0,"href":"https:\/\/fmamiga909.com.ar\/index.php?rest_route=\/wp\/v2\/posts\/21501\/revisions"}],"wp:featuredmedia":[{"embeddable":true,"href":"https:\/\/fmamiga909.com.ar\/index.php?rest_route=\/wp\/v2\/media\/21502"}],"wp:attachment":[{"href":"https:\/\/fmamiga909.com.ar\/index.php?rest_route=%2Fwp%2Fv2%2Fmedia&parent=21501"}],"wp:term":[{"taxonomy":"category","embeddable":true,"href":"https:\/\/fmamiga909.com.ar\/index.php?rest_route=%2Fwp%2Fv2%2Fcategories&post=21501"},{"taxonomy":"post_tag","embeddable":true,"href":"https:\/\/fmamiga909.com.ar\/index.php?rest_route=%2Fwp%2Fv2%2Ftags&post=21501"}],"curies":[{"name":"wp","href":"https:\/\/api.w.org\/{rel}","templated":true}]}}