{"id":21509,"date":"2025-06-09T17:36:13","date_gmt":"2025-06-09T17:36:13","guid":{"rendered":"https:\/\/fmamiga909.com.ar\/?p=21509"},"modified":"2025-06-09T17:36:13","modified_gmt":"2025-06-09T17:36:13","slug":"los-fabbri-tres-generaciones-de-calamares-campeones","status":"publish","type":"post","link":"https:\/\/fmamiga909.com.ar\/?p=21509","title":{"rendered":"Los Fabbri, tres generaciones de calamares campeones"},"content":{"rendered":"<div><!-- Body --><\/p>\n<p>El prestigioso periodista<b> Alejandro Fabbri (69 a\u00f1os)  es hincha de Platense<\/b>. <b>Su hijo Sebasti\u00e1n (37)<\/b>, que se recibi\u00f3 en el C\u00edrculo de Periodistas Deportivos y comenta en Relatores, tambi\u00e9n. Y como no pod\u00eda ser de otra manera,  <b>el hijo de Sebasti\u00e1n, Lisandro (15) tambi\u00e9n tiene alma calamar.<\/b> El pibe todav\u00eda est\u00e1 en el secundario, pero parece que tiene madera de periodista. La cosa con Platense viene de lejos en el tiempo; el bisabuelo de Alejandro, que hab\u00eda nacido en Rimini, Italia, cuando lleg\u00f3 a Buenos Aires se instal\u00f3 en Saavedra y ah\u00ed empez\u00f3 todo. <b>Mientras siguen los festejos por el t\u00edtulo juntamos a los representantes de las tres generaciones y les hicimos las mismas preguntas. <\/b>Quedaron estas simp\u00e1ticas y emotivas respuestas.  <\/p>\n<p><b>&#8211; \u00bfQu\u00e9 significa ser hincha de Platense?<\/b><\/p>\n<p><b>&#8211; Alejandro:<\/b> Ser hincha de Platense es ser hincha de un club de arraigo popular con mucha historia que por hache o por be  nunca hab\u00eda sido campe\u00f3n. Desde el &#8217;67 para ac\u00e1 varios chicos salieron campeones; Estudiantes, V\u00e9lez, Hurac\u00e1n, Lan\u00fas, Banfield, Quilmes, Ferro, Argentinos y nosotros segu\u00edamos esperando. Ser hincha de Platense tambi\u00e9n es mantener una l\u00ednea hist\u00f3rica. Lo m\u00edo es familiar viene de mi pap\u00e1, de mi abuelo,  de mi bisabuelo Otto,\u00a0 que hab\u00eda nacido en Rimini. Mi abuelo hab\u00eda hecho su casita en Iber\u00e1 y  Ciudad de la Paz. Mi viejo naci\u00f3 a cuatro cuadras de ah\u00ed en Juana Azurduy y Cuba. Tengo un papel que muestra que en 1934 hab\u00eda cuatro Fabbri como socios de Platense.<\/p>\n<p><b>Sebasti\u00e1n:<\/b> Es un orgullo, una alegr\u00eda, un sentimiento, una pasi\u00f3n. Como hincha de un cuadro chico ten\u00e9s que luchar, pelearla, no darte nunca por vencido. Y las alegr\u00edas se festejan el doble cuando suceden, que no suele ser  tan seguido.<\/p>\n<p><b>Lisandro:<\/b> Ser hincha de Platense es algo muy lindo. Me siento muy identificado con estos colores, muy orgulloso de ser calamar.  <\/p>\n<p><b>&#8211; \u00bfCu\u00e1ntas veces lloraste por Platense?<\/b><\/p>\n<p><b>&#8211; Alejandro:<\/b> Se me debe haber escapado alguna l\u00e1grima de emoci\u00f3n, seguramente cuando ascendimos o ahora pero no me reconozco llorando. El otro d\u00eda nos abrazamos mucho con Norberto Krause, un amigo del alma al que hac\u00eda tiempo que no ve\u00eda. El padre de \u00e9l y mi viejo no eran periodistas pero hac\u00edan un programa en la radio \u201cHabla Platense\u201d. Ese abrazo no tiene precio.<\/p>\n<p><b>Sebasti\u00e1n:<\/b> Cuando era chico llor\u00e9 el descenso del &#8217;99, tambi\u00e9n cuando bajamos en abril del 2002, en un empate contra Racing de C\u00f3rdoba. Llor\u00e9 de emoci\u00f3n y alegr\u00eda por el ascenso a Primera en el 2021, en plena pandemia  y esta \u00faltima de alegr\u00eda total , disfrut\u00e1ndolo con la familia y con amigos.<\/p>\n<p><b>Lisandro:<\/b> No soy de llorar. No s\u00e9 si eso es bueno o malo, pero no me sale. Eso s\u00ed, me emocion\u00e9 mucho en Santiago del Estero cuando hizo el gol Mainero y despu\u00e9s cuando termin\u00f3 el partido.  <\/p>\n<p><b>&#8211; \u00bfQu\u00e9 significa el campeonato? <\/b><\/p>\n<p><b>&#8211; Alejandro:<\/b> Por supuesto que este t\u00edtulo es muy importante, muy conmovedor, pero yo hab\u00eda vivido una sensaci\u00f3n muy intensa cuando ascendimos. Me parec\u00eda incre\u00edble que no estuvi\u00e9ramos en Primera y el ascenso signific\u00f3 un gran alivio. El t\u00edtulo, por otra parte, cierra un agujero muy grande que era que los 21 equipos con mejor puntaje hist\u00f3rico en el futbol argentino hab\u00edan ganado un t\u00edtulo y Platense ,que est\u00e1 en el puesto 15 de esa tabla, entre 169 equipos, no hab\u00eda ganado nunca,  Bueno, ya est\u00e1, se cerr\u00f3 el agujero.  <\/p>\n<p><b>Sebasti\u00e1n:<\/b> El t\u00edtulo significa todo porque era muy ansiado y anhelado por todas las generaciones de hinchas de Platense. Te pone en un lugar que el club merec\u00eda estar, despu\u00e9s de haber llegado tan cerca en 1916, 1949, 1967, 1980, 1994 y hace un a\u00f1o y medio. Por suerte ahora se dio y s\u00f3lo significa felicidad y la certeza de que al final hay recompensa y las cosas llegan aunque cueste.<\/p>\n<p><b>Lisandro: <\/b>Con 15 a\u00f1os ver a Platense campe\u00f3n  es lo m\u00e1s lindo que me pas\u00f3 en la vida. Lo disfruto por m\u00ed y por  toda la gente grande que  sufri\u00f3 mucho durante a\u00f1os, cuando  est\u00e1bamos en la B.  Me imagino que un mont\u00f3n de gente, empezando por el Polaco Goyeneche debe estar festejando en el cielo. Yo tuve la suerte de verlo ascender, de pelear un t\u00edtulo  y ganar este de ahora.<\/p>\n<p><b>&#8211; \u00bfCu\u00e1l es el mejor jugador de Platense que viste?  <\/b><\/p>\n<p><b>&#8211; Alejandro: <\/b>Es como preguntarme por una pel\u00edcula, imposible elegir uno solo, Carlos Bulla,  si me obligas a elegir uno solo.<\/p>\n<p><b>Sebasti\u00e1n:<\/b> El primero que viene a la mente es Marcelo Espina, le vi hacer goles de tiro libre, de mitad de la cancha, por arriba del arquero, gambeteando rivales. Pero hubo muchos en ese nivel.<\/p>\n<p><b>Lisandro:<\/b> Me quedo con Nacho V\u00e1zquez, porque es un enorme defensor marca muy bien es impasable, y adem\u00e1s es un gran capit\u00e1n. Lo demostr\u00f3 cuando ni lo mir\u00f3 a Falc\u00f3n P\u00e9rez en el sorteo de los penales en el partido contra River y se gan\u00f3 el respeto de todo el f\u00fatbol argentino<\/p>\n<p><b>&#8211; \u00bfCu\u00e1l es tu equipo hist\u00f3rico?<\/b><\/p>\n<p><b>&#8211; Alejandro:<\/b>  Cozzani (o Cristante); Cort\u00e9s, Piris, Guy\u00f3n, de 3 pone al paraguayo Correa, no s\u00e9; el Huevo Muggione, pongo a Picco y Herrera que hicieron una dupla sensacional en este campeonato; de 7 Miranda, de 9 Bulla y de 11 Valdez, pero me quedan afuera much\u00edsimos jugadores, Subiat, Curuchet, Alfaro Moreno, el Mono Petti, Espina, Daniel Vega\u2026<\/p>\n<p><b>Sebasti\u00e1n; <\/b>Cristante; tendr\u00eda que buscar bien un 4 pero lo pongo a Morgantini de lateral,  de 2 V\u00e1zquez, de 6 Susso, de 3 Marcich; en el medio Chacho Coudet, Cascini, Espina, Taborda, y arriba Alfaro Moreno y Scotto. Y deja poner a Mainero, como primer cambio en reemplazo de Coudet.<\/p>\n<p><b>Lisandro:<\/b> Cozzani, Morgantini, V\u00e1zquez, Lom\u00f3naco, Marcich (todos estos los dijo de corrido) \u2026 Mainero, Picco, Herrera y en el medio tambi\u00e9n Taborda y como enganche Palavecino (despu\u00e9s de mucho dudar). Arriba, de 9 Mateo Pellegrino que hizo muchos goles: 4-4-1-1-.<\/p>\n<p><b>&#8211; \u00bfQu\u00e9 ten\u00e9s para decirle a tu pap\u00e1 que te hizo de Platense?<\/b><\/p>\n<p><b>&#8211; Alejandro: <\/b>S\u00f3lo tengo palabras de agradecimiento. Con mi pap\u00e1 fuimos a todas las canchas, en primera O en el ascenso. \u00cdbamos en su auto viejo, a veces en colectivo. Era otro pa\u00eds, sin violencia y la pas\u00e1bamos muy bien juntos. Momentos inolvidables. Tambi\u00e9n el  agradecimiento a mi abuelo y a mi bisabuelo.<\/p>\n<p><b>Sebasti\u00e1n:<\/b> A mi viejo tengo para decirle que lo amo, que me encanta compartir esta pasi\u00f3n y soy muy feliz. Tengo para decirle gracias, y que este amor por Platense no terminar\u00e1 nunca,<\/p>\n<p><b>Lisandro: <\/b>Gracias, le digo. Y que \u00e9sta es la mejor herencia,\u00a0<\/p>\n<p><!-- Live Blog Post --><\/div>\n<p><a href=\"https:\/\/www.pagina12.com.ar\/832445-los-fabbri-tres-generaciones-de-calamares-campeones\">source<\/a><\/p>\n","protected":false},"excerpt":{"rendered":"<p>El prestigioso periodista Alejandro Fabbri (69 a\u00f1os) es hincha de Platense. Su hijo Sebasti\u00e1n (37),&#8230;<\/p>\n","protected":false},"author":3,"featured_media":21510,"comment_status":"closed","ping_status":"closed","sticky":false,"template":"","format":"standard","meta":{"footnotes":""},"categories":[21],"tags":[],"class_list":["post-21509","post","type-post","status-publish","format-standard","has-post-thumbnail","hentry","category-deportes"],"featured_image_urls":{"full":["https:\/\/fmamiga909.com.ar\/wp-content\/uploads\/2025\/06\/wp-header-logo-113.png",960,540,false],"thumbnail":["https:\/\/fmamiga909.com.ar\/wp-content\/uploads\/2025\/06\/wp-header-logo-113-150x150.png",150,150,true],"medium":["https:\/\/fmamiga909.com.ar\/wp-content\/uploads\/2025\/06\/wp-header-logo-113-300x169.png",300,169,true],"medium_large":["https:\/\/fmamiga909.com.ar\/wp-content\/uploads\/2025\/06\/wp-header-logo-113.png",960,540,false],"large":["https:\/\/fmamiga909.com.ar\/wp-content\/uploads\/2025\/06\/wp-header-logo-113.png",640,360,false],"1536x1536":["https:\/\/fmamiga909.com.ar\/wp-content\/uploads\/2025\/06\/wp-header-logo-113.png",960,540,false],"2048x2048":["https:\/\/fmamiga909.com.ar\/wp-content\/uploads\/2025\/06\/wp-header-logo-113.png",960,540,false],"newsium-slider-full":["https:\/\/fmamiga909.com.ar\/wp-content\/uploads\/2025\/06\/wp-header-logo-113.png",960,540,false],"newsium-featured":["https:\/\/fmamiga909.com.ar\/wp-content\/uploads\/2025\/06\/wp-header-logo-113.png",960,540,false],"newsium-medium":["https:\/\/fmamiga909.com.ar\/wp-content\/uploads\/2025\/06\/wp-header-logo-113-720x475.png",720,475,true]},"author_info":{"display_name":"Fredy Giuliano","author_link":"https:\/\/fmamiga909.com.ar\/?author=3"},"category_info":"<a href=\"https:\/\/fmamiga909.com.ar\/?cat=21\" rel=\"category\">Deportes<\/a>","tag_info":"Deportes","comment_count":"0","_links":{"self":[{"href":"https:\/\/fmamiga909.com.ar\/index.php?rest_route=\/wp\/v2\/posts\/21509","targetHints":{"allow":["GET"]}}],"collection":[{"href":"https:\/\/fmamiga909.com.ar\/index.php?rest_route=\/wp\/v2\/posts"}],"about":[{"href":"https:\/\/fmamiga909.com.ar\/index.php?rest_route=\/wp\/v2\/types\/post"}],"author":[{"embeddable":true,"href":"https:\/\/fmamiga909.com.ar\/index.php?rest_route=\/wp\/v2\/users\/3"}],"replies":[{"embeddable":true,"href":"https:\/\/fmamiga909.com.ar\/index.php?rest_route=%2Fwp%2Fv2%2Fcomments&post=21509"}],"version-history":[{"count":0,"href":"https:\/\/fmamiga909.com.ar\/index.php?rest_route=\/wp\/v2\/posts\/21509\/revisions"}],"wp:featuredmedia":[{"embeddable":true,"href":"https:\/\/fmamiga909.com.ar\/index.php?rest_route=\/wp\/v2\/media\/21510"}],"wp:attachment":[{"href":"https:\/\/fmamiga909.com.ar\/index.php?rest_route=%2Fwp%2Fv2%2Fmedia&parent=21509"}],"wp:term":[{"taxonomy":"category","embeddable":true,"href":"https:\/\/fmamiga909.com.ar\/index.php?rest_route=%2Fwp%2Fv2%2Fcategories&post=21509"},{"taxonomy":"post_tag","embeddable":true,"href":"https:\/\/fmamiga909.com.ar\/index.php?rest_route=%2Fwp%2Fv2%2Ftags&post=21509"}],"curies":[{"name":"wp","href":"https:\/\/api.w.org\/{rel}","templated":true}]}}