{"id":21511,"date":"2025-06-09T18:35:43","date_gmt":"2025-06-09T18:35:43","guid":{"rendered":"https:\/\/fmamiga909.com.ar\/?p=21511"},"modified":"2025-06-09T18:35:43","modified_gmt":"2025-06-09T18:35:43","slug":"el-motivo-por-el-que-no-se-confirma-cuando-se-va-a-jugar-la-finalissima-entre-argentina-y-espana","status":"publish","type":"post","link":"https:\/\/fmamiga909.com.ar\/?p=21511","title":{"rendered":"El motivo por el que no se confirma cu\u00e1ndo se va a jugar la Finalissima entre Argentina y Espa\u00f1a"},"content":{"rendered":"<div><!-- Body --><\/p>\n<p>Los intentos por acordar una fecha fueron, hasta en momento, en vano. A mediados de mayo de este a\u00f1o se produjo una reuni\u00f3n en el marco del 75\u00ba Congreso de la FIFA en donde se intentaron acercar posiciones, pero tampoco se pudo confirmar\u00a0<b>cu\u00e1ndo se va a jugar la <\/b><a href=\"https:\/\/www.pagina12.com.ar\/831847-el-calendario-el-principal-enemigo-de-la-finalissima-entre-a\">Finalissima<\/a> entre la selecci\u00f3n argentina, campeona de la Copa Am\u00e9rica, y su par de Espa\u00f1a, ganadora de la Eurocopa.<\/p>\n<h3\/>\n<p>En la mencionada reuni\u00f3n, a la que <b>asistieron el presidente de la AFA, Claudio Tapia, y el Presidente de la RFEF, Rafael Louz\u00e1n<\/b>, junto con los equipos administrativos de la Conmebol y la Uefa, se trataron temas clave como la planificaci\u00f3n log\u00edstica y los calendarios de competici\u00f3n de ambas selecciones. El objetivo era buscar fechas tentativas para el partido. <\/p>\n<p>Pero la realidad es que <b>los calendarios apremian <\/b>y la situaci\u00f3n empeora con el Mundial de Clubes de este a\u00f1o. Espa\u00f1a reci\u00e9n este domingo finaliz\u00f3 su participaci\u00f3n en la Nations League y <b>a\u00fan restan por jugarse las Eliminatorias de la UEFA para clasificar al Mundial 2026,<\/b> adem\u00e1s de tres fechas de la clasificatoria sudamericana. <\/p>\n<p>Seg\u00fan inform\u00f3 en las \u00faltimas horas Gast\u00f3n Edul, periodista que sigue la actualidad de la selecci\u00f3n argentina, <b>los cuerpos t\u00e9cnicos de ambas selecciones no ven conveniente que el partido se juegue en marzo de 2026, a tan solo tres meses de la Copa del Mundo<\/b>. Y es que un encuentro de esa magnitud puede causar un impacto muy fuerte a tan pocos d\u00edas del arranque del Mundial. <\/p>\n<p><b>No fue gratis ese 1-6 ante Espa\u00f1a a pocos meses del Mundial 2018<\/b>, cuando Sampaoli era el DT. Los amistosos previos a una Copa del Mundo suelen ser ante selecciones menores, para ajustar detalles. Adem\u00e1s, <b>supone un esfuerzo f\u00edsico peligroso teniendo en cuenta posibles lesiones.<\/b> <\/p>\n<p><b>Y todo esto es solo teniendo en cuenta el calendario de las selecciones y no el de los clubes, que cada vez juegan m\u00e1s partidos por temporada<\/b>. Sobre todo los que compiten en torneos internacionales, que son justamente los convocados a las selecciones de mayor jerarqu\u00eda.<\/p>\n<p><b>\u00abDe la Finalissima no s\u00e9 nada. <\/b>Este a\u00f1o ya sabemos que est\u00e1 complicado y el a\u00f1o que viene no s\u00e9, sobre todo porque est\u00e1 el Mundial. Ya veremos qu\u00e9 decisi\u00f3n toman los que realmente cuentan. Nosotros al final ya sabemos que contamos poco. Pero no tengo informaci\u00f3n\u201d, declar\u00f3 hace pocos d\u00edas Lionel Scaloni.<\/p>\n<h2>El recuerdo de la Finalissima 2021<\/h2>\n<p>Queda a\u00fan en el recuerdo la magn\u00edfica<b>\u00a0actuaci\u00f3n de la selecci\u00f3n argentina en la Finalissima en la que se impuso 3 a 0 a Italia<\/b>, por entonces vigente campeona de la Eurocopa. No solo la diferencia en el resultado, sino en el desarrollo mismo del partido. Era la coronaci\u00f3n de un equipo que no paraba de crecer desde la Copa Am\u00e9rica que le hab\u00eda ganado a Brasil en el Maracan\u00e1. Sin dudas ilusion\u00f3 a todos de cara al Mundial. Ilusi\u00f3n que no ser\u00eda en vano.\u00a0<\/p>\n<p>Argentina revalid\u00f3 su t\u00edtulo de campe\u00f3n de la Copa Am\u00e9rica y del otro lado del oc\u00e9ano resurgi\u00f3 Espa\u00f1a, que gan\u00f3 la Eurocopa 2024 y <b>en la actualidad parece ser la \u00fanica selecci\u00f3n en el mundo que amenaza con la hegemon\u00eda albiceleste<\/b>. M\u00e1s all\u00e1 de los muy buenos planteles que tienen Inglaterra, Francia, Alemania o la propia Portugal, que este mi\u00e9rcoles derrot\u00f3 a Espa\u00f1a en la final de la Nations League, <b>la Selecci\u00f3n ha demostrado regularidad y desde hace por lo menos 4 a\u00f1os est\u00e1 en la cima del f\u00fatbol mundial<\/b>.\u00a0<\/p>\n<p>Es por ese bello recuerdo de la edici\u00f3n 2021 y el desaf\u00edo que supondr\u00eda enfrentar a Espa\u00f1a que se explica la enorme expectativa que genera el torneo en los hinchas argentinos. <b>Pero la realidad es que a d\u00eda de hoy su realizaci\u00f3n parece dif\u00edcil de lograr<\/b>.\u00a0<\/p>\n<h3>Segu\u00ed leyendo<\/h3>\n<h3\/><!-- Live Blog Post --><\/div>\n<p><a href=\"https:\/\/www.pagina12.com.ar\/832468-el-motivo-por-el-que-no-se-confirma-cuando-se-va-a-jugar-la-\">source<\/a><\/p>\n","protected":false},"excerpt":{"rendered":"<p>Los intentos por acordar una fecha fueron, hasta en momento, en vano. A mediados de&#8230;<\/p>\n","protected":false},"author":3,"featured_media":21512,"comment_status":"closed","ping_status":"closed","sticky":false,"template":"","format":"standard","meta":{"footnotes":""},"categories":[21],"tags":[],"class_list":["post-21511","post","type-post","status-publish","format-standard","has-post-thumbnail","hentry","category-deportes"],"featured_image_urls":{"full":["https:\/\/fmamiga909.com.ar\/wp-content\/uploads\/2025\/06\/wp-header-logo-114.png",960,540,false],"thumbnail":["https:\/\/fmamiga909.com.ar\/wp-content\/uploads\/2025\/06\/wp-header-logo-114-150x150.png",150,150,true],"medium":["https:\/\/fmamiga909.com.ar\/wp-content\/uploads\/2025\/06\/wp-header-logo-114-300x169.png",300,169,true],"medium_large":["https:\/\/fmamiga909.com.ar\/wp-content\/uploads\/2025\/06\/wp-header-logo-114.png",960,540,false],"large":["https:\/\/fmamiga909.com.ar\/wp-content\/uploads\/2025\/06\/wp-header-logo-114.png",640,360,false],"1536x1536":["https:\/\/fmamiga909.com.ar\/wp-content\/uploads\/2025\/06\/wp-header-logo-114.png",960,540,false],"2048x2048":["https:\/\/fmamiga909.com.ar\/wp-content\/uploads\/2025\/06\/wp-header-logo-114.png",960,540,false],"newsium-slider-full":["https:\/\/fmamiga909.com.ar\/wp-content\/uploads\/2025\/06\/wp-header-logo-114.png",960,540,false],"newsium-featured":["https:\/\/fmamiga909.com.ar\/wp-content\/uploads\/2025\/06\/wp-header-logo-114.png",960,540,false],"newsium-medium":["https:\/\/fmamiga909.com.ar\/wp-content\/uploads\/2025\/06\/wp-header-logo-114-720x475.png",720,475,true]},"author_info":{"display_name":"Fredy Giuliano","author_link":"https:\/\/fmamiga909.com.ar\/?author=3"},"category_info":"<a href=\"https:\/\/fmamiga909.com.ar\/?cat=21\" rel=\"category\">Deportes<\/a>","tag_info":"Deportes","comment_count":"0","_links":{"self":[{"href":"https:\/\/fmamiga909.com.ar\/index.php?rest_route=\/wp\/v2\/posts\/21511","targetHints":{"allow":["GET"]}}],"collection":[{"href":"https:\/\/fmamiga909.com.ar\/index.php?rest_route=\/wp\/v2\/posts"}],"about":[{"href":"https:\/\/fmamiga909.com.ar\/index.php?rest_route=\/wp\/v2\/types\/post"}],"author":[{"embeddable":true,"href":"https:\/\/fmamiga909.com.ar\/index.php?rest_route=\/wp\/v2\/users\/3"}],"replies":[{"embeddable":true,"href":"https:\/\/fmamiga909.com.ar\/index.php?rest_route=%2Fwp%2Fv2%2Fcomments&post=21511"}],"version-history":[{"count":0,"href":"https:\/\/fmamiga909.com.ar\/index.php?rest_route=\/wp\/v2\/posts\/21511\/revisions"}],"wp:featuredmedia":[{"embeddable":true,"href":"https:\/\/fmamiga909.com.ar\/index.php?rest_route=\/wp\/v2\/media\/21512"}],"wp:attachment":[{"href":"https:\/\/fmamiga909.com.ar\/index.php?rest_route=%2Fwp%2Fv2%2Fmedia&parent=21511"}],"wp:term":[{"taxonomy":"category","embeddable":true,"href":"https:\/\/fmamiga909.com.ar\/index.php?rest_route=%2Fwp%2Fv2%2Fcategories&post=21511"},{"taxonomy":"post_tag","embeddable":true,"href":"https:\/\/fmamiga909.com.ar\/index.php?rest_route=%2Fwp%2Fv2%2Ftags&post=21511"}],"curies":[{"name":"wp","href":"https:\/\/api.w.org\/{rel}","templated":true}]}}