{"id":21521,"date":"2025-06-09T22:40:29","date_gmt":"2025-06-09T22:40:29","guid":{"rendered":"https:\/\/fmamiga909.com.ar\/?p=21521"},"modified":"2025-06-09T22:40:29","modified_gmt":"2025-06-09T22:40:29","slug":"argentina-recibe-a-colombia-con-messi-de-titular-y-varias-reapariciones","status":"publish","type":"post","link":"https:\/\/fmamiga909.com.ar\/?p=21521","title":{"rendered":"Argentina recibe a Colombia con Messi de titular y varias reapariciones"},"content":{"rendered":"<div><!-- Body --><\/p>\n<p><b>Lionel Messi volver\u00e1 a ser titular en la Selecci\u00f3n Argentina<\/b>. Y ese es acaso, el mayor atractivo del partido de este martes desde las 21 ante <b>Colombia <\/b>(21 puntos) en el estadio Monumental por la 16\u00ba fecha de las Eliminatorias Sudamericanas rumbo al Mundial 2026. <b>El equipo de Lionel Scaloni (34)\u00a0ya tiene asegurado el pasaje rumbo a la m\u00e1xima cita del a\u00f1o venidero y desde ese punto de vista, no pone nada en juego.<\/b> Pero la llama competitiva sigue encendida y cada vez que salen a la cancha los campeones del mundo y los bicampeones de Am\u00e9rica lo hacen para ganar y enamorar.\u00a0 Mucho m\u00e1s cuando su capit\u00e1n y gloria mayor estar\u00e1 desde un comienzo.<\/p>\n<p>Adem\u00e1s del retorno seguro de Messi, quien tal vez no complete los noventa minutos, <b>el t\u00e9cnico de la Selecci\u00f3n\u00a0tendr\u00e1 a disposici\u00f3n a Nicol\u00e1s Otamendi, Leandro Paredes, Enzo Fern\u00e1ndez y Nico Gonz\u00e1lez<\/b>, quienes cumplieron con sus suspensiones y podr\u00edan estar desde el arranque al igual que <b>Lautaro Mart\u00ednez<\/b>. Scaloni<b>\u00a0analiza cuatro o cinco modificaciones en todas las l\u00edneas y definir\u00e1 el equipo poco antes del partido. <\/b>Lo \u00fanico seguro es que no jugar\u00e1\u00a0<b>Nicol\u00e1s Tagliafico<\/b> por haber llegado al l\u00edmite de tarjetas amarillas en el duelo con Chile. Pero tampoco se sabe quien habr\u00e1 de reemplazarlo: <b>Valent\u00edn Barco o Facundo Medina<\/b> pelean por ese lugar.<\/p>\n<p><b>Nicolas Paz<\/b>, el juvenil de Real Madrid (a pr\u00e9stamo en el Como de Italia) que ser\u00e1 nuevo compa\u00f1ero de Franco Mastantuono, termin\u00f3 con una molestia muscular en Santiago y es casi seguro que ir\u00e1 al banco. Y <b>a prop\u00f3sito de Mastantuono, es muy posible que tenga algunos minutos para despedirse del p\u00fablico argentino y del estadio del que fue su club. Despu\u00e9s del inminente Mundial de Clubes de los Estados Unidos, el juvenil de 17 a\u00f1os pasar\u00e1 a jugar para la Casa Blanca <\/b>y habr\u00e1 que ver si Scaloni lo cita para la \u00faltima ventana de septiembre, cuando Argentina enfrente a Venezuela en Buenos Aires y cierre las Eliminatorias contra Ecuador en la altura de Quito.\u00a0<\/p>\n<p>Si a un a\u00f1o exacto del comienzo de la Copa del Mundo Argentina navega aguas serenas, Colombia recorre un mar embravecido. <b>La Selecci\u00f3n que por ahora dirige N\u00e9stor Lorenzo lleva cinco fechas sin ganar con tres derrotas y dos empates<\/b> y ocupa la \u00faltima plaza clasificatoria directa. <b>Con el serio riesgo de quedar igualado con Venezuela si pierde en el Monumental y la Vinotinto le gana a Uruguay en Montevideo<\/b>. Una clasificaci\u00f3n que ven\u00eda sencilla se complic\u00f3 s\u00fabitamente y hay riesgo concreto de tener que jugar el repechaje en marzo del a\u00f1o venidero.<\/p>\n<p>Por esa raz\u00f3n, <b>Lorenzo<\/b>, que lleg\u00f3 a estar 28 partidos invicto hasta la derrota con Argentina en la final de la Copa Am\u00e9rica, ahora <b>tambalea en su cargo<\/b>. A tal extremo que en Colombia se sostiene el t\u00e9cnico no llegar\u00e1 al Mundial aun si finalmente se consigue la clasificaci\u00f3n.\u00a0Lorenzo<b> <\/b>no contar\u00e1 con el delantero Jhon Jader Dur\u00e1n (exAston Villa, ahora en Al Nassr de Arabia Saudita), desafectado de la convocatoria por una lesi\u00f3n de espalda en medio de <b>rumores de una presunta pelea en el entretiempo <\/b>del duelo del jueves contra Per\u00fa que termin\u00f3 0 a 0.<\/p>\n<p>Su lugar ser\u00eda ocupado por <b>Luis Su\u00e1rez <\/b>(Almer\u00eda, de la Segunda de Espa\u00f1a)\u00a0quien lleg\u00f3 a \u00faltima hora a la convocatoria y tuvo minutos contra Per\u00fa. Tambi\u00e9n estar\u00e1 presente\u00a0<b>Luis D\u00edaz (Liverpool)<\/b>\u00a0quien se perdi\u00f3 el choque contra Per\u00fa por acumulaci\u00f3n de tarjetas amarillas e ingresar\u00eda como extremo por izquierda. Al igual que Scaloni pero razones exactamente opuestas, Lorenzo tambi\u00e9n dar\u00e1 el equipo poco antes del partido.\u00a0 \u00a0<\/p>\n<p><!-- Live Blog Post --><\/div>\n<p><a href=\"https:\/\/www.pagina12.com.ar\/832535-argentina-recibe-a-colombia-con-messi-de-titular-y-varias-re\">source<\/a><\/p>\n","protected":false},"excerpt":{"rendered":"<p>Lionel Messi volver\u00e1 a ser titular en la Selecci\u00f3n Argentina. Y ese es acaso, el&#8230;<\/p>\n","protected":false},"author":3,"featured_media":21522,"comment_status":"closed","ping_status":"closed","sticky":false,"template":"","format":"standard","meta":{"footnotes":""},"categories":[21],"tags":[],"class_list":["post-21521","post","type-post","status-publish","format-standard","has-post-thumbnail","hentry","category-deportes"],"featured_image_urls":{"full":["https:\/\/fmamiga909.com.ar\/wp-content\/uploads\/2025\/06\/wp-header-logo-119.png",960,540,false],"thumbnail":["https:\/\/fmamiga909.com.ar\/wp-content\/uploads\/2025\/06\/wp-header-logo-119-150x150.png",150,150,true],"medium":["https:\/\/fmamiga909.com.ar\/wp-content\/uploads\/2025\/06\/wp-header-logo-119-300x169.png",300,169,true],"medium_large":["https:\/\/fmamiga909.com.ar\/wp-content\/uploads\/2025\/06\/wp-header-logo-119.png",960,540,false],"large":["https:\/\/fmamiga909.com.ar\/wp-content\/uploads\/2025\/06\/wp-header-logo-119.png",640,360,false],"1536x1536":["https:\/\/fmamiga909.com.ar\/wp-content\/uploads\/2025\/06\/wp-header-logo-119.png",960,540,false],"2048x2048":["https:\/\/fmamiga909.com.ar\/wp-content\/uploads\/2025\/06\/wp-header-logo-119.png",960,540,false],"newsium-slider-full":["https:\/\/fmamiga909.com.ar\/wp-content\/uploads\/2025\/06\/wp-header-logo-119.png",960,540,false],"newsium-featured":["https:\/\/fmamiga909.com.ar\/wp-content\/uploads\/2025\/06\/wp-header-logo-119.png",960,540,false],"newsium-medium":["https:\/\/fmamiga909.com.ar\/wp-content\/uploads\/2025\/06\/wp-header-logo-119-720x475.png",720,475,true]},"author_info":{"display_name":"Fredy Giuliano","author_link":"https:\/\/fmamiga909.com.ar\/?author=3"},"category_info":"<a href=\"https:\/\/fmamiga909.com.ar\/?cat=21\" rel=\"category\">Deportes<\/a>","tag_info":"Deportes","comment_count":"0","_links":{"self":[{"href":"https:\/\/fmamiga909.com.ar\/index.php?rest_route=\/wp\/v2\/posts\/21521","targetHints":{"allow":["GET"]}}],"collection":[{"href":"https:\/\/fmamiga909.com.ar\/index.php?rest_route=\/wp\/v2\/posts"}],"about":[{"href":"https:\/\/fmamiga909.com.ar\/index.php?rest_route=\/wp\/v2\/types\/post"}],"author":[{"embeddable":true,"href":"https:\/\/fmamiga909.com.ar\/index.php?rest_route=\/wp\/v2\/users\/3"}],"replies":[{"embeddable":true,"href":"https:\/\/fmamiga909.com.ar\/index.php?rest_route=%2Fwp%2Fv2%2Fcomments&post=21521"}],"version-history":[{"count":0,"href":"https:\/\/fmamiga909.com.ar\/index.php?rest_route=\/wp\/v2\/posts\/21521\/revisions"}],"wp:featuredmedia":[{"embeddable":true,"href":"https:\/\/fmamiga909.com.ar\/index.php?rest_route=\/wp\/v2\/media\/21522"}],"wp:attachment":[{"href":"https:\/\/fmamiga909.com.ar\/index.php?rest_route=%2Fwp%2Fv2%2Fmedia&parent=21521"}],"wp:term":[{"taxonomy":"category","embeddable":true,"href":"https:\/\/fmamiga909.com.ar\/index.php?rest_route=%2Fwp%2Fv2%2Fcategories&post=21521"},{"taxonomy":"post_tag","embeddable":true,"href":"https:\/\/fmamiga909.com.ar\/index.php?rest_route=%2Fwp%2Fv2%2Ftags&post=21521"}],"curies":[{"name":"wp","href":"https:\/\/api.w.org\/{rel}","templated":true}]}}