{"id":21539,"date":"2025-06-11T00:40:28","date_gmt":"2025-06-11T00:40:28","guid":{"rendered":"https:\/\/fmamiga909.com.ar\/?p=21539"},"modified":"2025-06-11T00:40:28","modified_gmt":"2025-06-11T00:40:28","slug":"argentina-pierde-vs-colombia-horario-del-partido-formacion-y-donde-verlo-en-vivo","status":"publish","type":"post","link":"https:\/\/fmamiga909.com.ar\/?p=21539","title":{"rendered":"Argentina pierde vs Colombia: horario del partido, formaci\u00f3n y d\u00f3nde verlo en vivo"},"content":{"rendered":"<div><!-- Body --><\/p>\n<p><b>La Selecci\u00f3n argentina,<\/b>ya clasificada para la m\u00e1xima cita del f\u00fatbol,<b>\u00a0pierde ante su par de Colombia<\/b>, en el Monumental, por la fecha 16 de las Eliminatorias Sudamericanas rumbo al Mundial 2026. <b>Luis D\u00edaz marc\u00f3 el gol que abri\u00f3 el partido, a los 23 minutos del primer tiempo. <\/b>El combinado dirigido por el argentino N\u00e9stor Lorenzo busca una victoria que le permita sumar puntos importantes en su b\u00fasqueda del boleto clasificatorio a la Copa del Mundo.<\/p>\n<h2>D\u00f3nde ver el partido de Argentina vs Colombia en vivo online y por TV<\/h2>\n<p>El partido es televisado por <b>TyC Sports, Telefe y TV P\u00fablica<\/b>. Las se\u00f1ales televisivas se pueden sintonizar mediante plataformas de streaming como <b>MiTelefe<\/b>, <b>DGO, Flow y Telecentro Play<\/b>, entre otras.<\/p>\n<h2>La formaci\u00f3n de Argentina hoy vs Colombia<\/h2>\n<p>Emiliano <b>Mart\u00ednez;<\/b> Nahuel <b>Molina,<\/b> Cristian <b>Romero,<\/b> Nicol\u00e1s <b>Otamendi,<\/b> Facundo <b>Medina;<\/b><b>\u00a0<\/b>Leandro <b>Paredes<\/b><b>,\u00a0<\/b>Enzo<b> Fern\u00e1ndez,\u00a0<\/b>Rodrigo <b>De Paul,\u00a0<\/b>Thiago <b>Almada; <\/b>Lionel <b>Messi <\/b>y Juli\u00e1n <b>\u00c1lvarez<\/b><b>. <\/b>DT: Lionel<b> Scaloni.\u00a0<\/b><\/p>\n<h2>La formaci\u00f3n de Colombia hoy vs Argentina <\/h2>\n<p>Kevin <b>Mier<\/b>; Daniel <b>Mu\u00f1oz<\/b>, Jhon <b>Lucum\u00ed<\/b>, Davinson <b>S\u00e1nchez<\/b>, Deiver <b>Machado<\/b>; Jefferson <b>Lerma<\/b>, Kevin <b>Casta\u00f1o<\/b>, Richard <b>R\u00edos<\/b>, James <b>Rodr\u00edguez,\u00a0<\/b>Luis <b>D\u00edaz<\/b>; Jaminton <b>Campaz<\/b>. <b>DT<\/b>: N\u00e9stor <b>Lorenzo<\/b>.\u00a0<\/p>\n<p><!-- Live Blog Post --><\/p>\n<div class=\"live-blog-post-wrapper\">\n<article id=\"post-2131\" class=\"live-blog-post section-2-col \">\n<div class=\"col 2-col\">\n<h2>Gol de Colombia<\/h2>\n<p>A los 23 minutos del primer tiempo, <b>Luis D\u00edaz marc\u00f3 un verdadero golazo<\/b> para abrir el marcador en el Monumental: arranc\u00f3 por izquierda, gambete\u00f3 para superar a tres defensores adentro del \u00e1rea y remat\u00f3 a la altura del punto penal, sin que nada pudiera hacer Mart\u00ednez. Colombia vence 1-0.<\/p>\n<div class=\"iframely-embed medium-embedded-content\" data-html=\"Jmx0O2Jsb2NrcXVvdGUgY2xhc3M9InR3aXR0ZXItdHdlZXQiIGRhdGEtZG50PSJ0cnVlIiBhbGlnbj0iY2VudGVyIiZndDsmbHQ7cCBsYW5nPSJlcyIgZGlyPSJsdHIiJmd0O+KPse+4jyAyM+KAmSBHb29vb29vb29vb29sIGRlIEx1aXMgRMOtYXogR29vb29vb29vbGF6b29vbyBkZSBDb2xvbWJpYWFhYWFhLiZsdDticiZndDsmbHQ7YnImZ3Q78J+HqPCfh7QgMS0wIPCfh6bwn4e3Jmx0O2EgaHJlZj0iaHR0cHM6Ly90d2l0dGVyLmNvbS9oYXNodGFnL0xhU2VsZU5vc1VuZT9zcmM9aGFzaCZhbXA7YW1wO3JlZl9zcmM9dHdzcmMlNUV0ZnciJmd0OyNMYVNlbGVOb3NVbmUmbHQ7L2EmZ3Q78J+HqPCfh7QgJmx0O2EgaHJlZj0iaHR0cHM6Ly90LmNvL2dLemJ4MUNuWWwiJmd0O3BpYy50d2l0dGVyLmNvbS9nS3pieDFDbllsJmx0Oy9hJmd0OyZsdDsvcCZndDsmYW1wO21kYXNoOyBTZWxlY2Npw7NuIENvbG9tYmlhIChARkNGU2VsZWNjaW9uQ29sKSAmbHQ7YSBocmVmPSJodHRwczovL3R3aXR0ZXIuY29tL0ZDRlNlbGVjY2lvbkNvbC9zdGF0dXMvMTkzMjU5NTg0MzIxMjc1MDkxOD9yZWZfc3JjPXR3c3JjJTVFdGZ3IiZndDtKdW5lIDExLCAyMDI1Jmx0Oy9hJmd0OyZsdDsvYmxvY2txdW90ZSZndDsKJmx0O3NjcmlwdCBhc3luYyBzcmM9Imh0dHBzOi8vcGxhdGZvcm0udHdpdHRlci5jb20vd2lkZ2V0cy5qcyIgY2hhcnNldD0idXRmLTgiJmd0OyZsdDsvc2NyaXB0Jmd0OwoKJmx0O2RpdiBjbGFzcz0ibWVkaXVtLWluc2VydC1lbWJlZHMtbWV0YSImZ3Q7Jmx0O3NjcmlwdCB0eXBlPSJ0ZXh0L2pzb24iJmd0O3sidXJsIjoiaHR0cHM6Ly90d2l0dGVyLmNvbS9GQ0ZTZWxlY2Npb25Db2wvc3RhdHVzLzE5MzI1OTU4NDMyMTI3NTA5MTgiLCJ0eXBlIjoicmljaCIsInZlcnNpb24iOiIxLjAiLCJ0aXRsZSI6IlNlbGVjY2nDs24gQ29sb21iaWEgb24gVHdpdHRlciAvIFgiLCJhdXRob3IiOiJTZWxlY2Npw7NuIENvbG9tYmlhIiwiYXV0aG9yX3VybCI6Imh0dHBzOi8vdHdpdHRlci5jb20vRkNGU2VsZWNjaW9uQ29sIiwicHJvdmlkZXJfbmFtZSI6IlR3aXR0ZXIiLCJkZXNjcmlwdGlvbiI6IuKPse+4jyAyM+KAmSBHb29vb29vb29vb29sIGRlIEx1aXMgRMOtYXogR29vb29vb29vbGF6b29vbyBkZSBDb2xvbWJpYWFhYWFhLvCfh6jwn4e0IDEtMCDwn4em8J+HtyNMYVNlbGVOb3NVbmXwn4eo8J+HtCBwaWMudHdpdHRlci5jb20vZ0t6YngxQ25ZbOKAlCBTZWxlY2Npw7NuIENvbG9tYmlhIChARkNGU2VsZWNjaW9uQ29sKSBKdW5lIDExLCAyMDI1XG5cblxuIiwidGh1bWJuYWlsX3VybCI6Imh0dHBzOi8vcGJzLnR3aW1nLmNvbS9hbXBsaWZ5X3ZpZGVvX3RodW1iLzE5MzI1OTU3NTc3NzQ2OTY0NDgvaW1nL1lSUUM4LTZJWFVieklzaHYuanBnOmxhcmdlIiwidGh1bWJuYWlsX3dpZHRoIjoxMDgwLCJ0aHVtYm5haWxfaGVpZ2h0IjoxOTIwLCJjYWNoZV9hZ2UiOjg2NDAwLCJvcHRpb25zIjp7Il9oaWRlX21lZGlhIjp7ImxhYmVsIjoiSGlkZSBwaG90b3MsIHZpZGVvcywgYW5kIGNhcmRzIiwidmFsdWUiOmZhbHNlfSwiX3RoZW1lIjp7InZhbHVlIjoiIiwidmFsdWVzIjp7ImRhcmsiOiJVc2UgZGFyayB0aGVtZSJ9fSwiX21heHdpZHRoIjp7InZhbHVlIjoiIiwibGFiZWwiOiJBZGp1c3Qgd2lkdGgiLCJwbGFjZWhvbGRlciI6IjIyMC01NTAsIGluIHB4In19fSZsdDsvc2NyaXB0Jmd0OyZsdDsvZGl2Jmd0Ow==\">\n                <a data-iframely-url=\"\" href=\"https:\/\/twitter.com\/FCFSeleccionCol\/status\/1932595843212750918\">https:\/\/twitter.com\/FCFSeleccionCol\/status\/1932595843212750918<\/a>\n              <\/div>\n<\/p><\/div>\n<\/article>\n<article id=\"post-2105\" class=\"live-blog-post section-2-col \"\/>\n<article id=\"post-2042\" class=\"live-blog-post section-2-col \">\n<div class=\"col 1-col\"><time datetime=\"\"><\/p>\n<p>20:42<\/p>\n<p>10\/06\/2025<\/p>\n<p>una hora atr\u00e1s<\/p>\n<p><\/time><\/div>\n<div class=\"col 2-col\">\n<h2>Argentina entr\u00f3 en calor en el Monumental<\/h2>\n<p>El conjunto de Lionel Scaloni pis\u00f3 el c\u00e9sped del estadio de N\u00fa\u00f1ez en su preparaci\u00f3n para el partido ante Colombia y se reencontr\u00f3 con el p\u00fablico, que celebr\u00f3 a los campeones del mundo. <b>Emiliano \u00abDibu\u00bb Mart\u00ednez bail\u00f3 y Lionel Messi fue ovacionado por su gente.<\/b><\/p>\n<div class=\"medium-insert-embeds\">\n<figure>\n<div class=\"medium-insert-embed\">\n<div align=\"center\">\n<figure role=\"group\" class=\"caption caption-drupal-entity\"><figcaption>La Selecci\u00f3n argentina entra en calor (Imagen: Julio Mart\u00edn Mancini)<\/figcaption><\/figure>\n<\/div><\/div>\n<\/figure>\n<\/div>\n<p><b>La ilusi\u00f3n de la gente<\/b>, que\u00a0palpita el partido con el regreso de Messi a la titularidad y, en definitiva, cada reencuentro con la Selecci\u00f3n nacional.<\/p>\n<div class=\"medium-insert-embeds\">\n<figure>\n<div class=\"medium-insert-embed\">\n<div align=\"center\">\n<figure role=\"group\" class=\"caption caption-drupal-entity\"><figcaption>El p\u00fablico llena de color el Monumental\u00a0(Imagen: Julio Mart\u00edn Mancini)<\/figcaption><\/figure>\n<\/div><\/div>\n<\/figure>\n<\/div><\/div>\n<\/article>\n<article id=\"post-2029\" class=\"live-blog-post section-2-col \">\n<div class=\"col 1-col\"><time datetime=\"\"><\/p>\n<p>20:29<\/p>\n<p>10\/06\/2025<\/p>\n<p>una hora atr\u00e1s<\/p>\n<p><\/time><\/div>\n<\/article>\n<article id=\"post-2026\" class=\"live-blog-post section-2-col \">\n<div class=\"col 1-col\"><time datetime=\"\"><\/p>\n<p>20:26<\/p>\n<p>10\/06\/2025<\/p>\n<p>una hora atr\u00e1s<\/p>\n<p><\/time><\/div>\n<\/article>\n<article id=\"post-2017\" class=\"live-blog-post section-2-col \">\n<div class=\"col 1-col\"><time datetime=\"\"><\/p>\n<p>20:17<\/p>\n<p>10\/06\/2025<\/p>\n<p>una hora atr\u00e1s<\/p>\n<p><\/time><\/div>\n<div class=\"col 2-col\">\n<h2>Ya juegan Uruguay y Venezuela<\/h2>\n<p>Tambi\u00e9n por la fecha 16 de las Eliminatorias Sudamericanas, ya se cruzan en el Centenario de Montevideo las Selecciones de <b>Marcelo Bielsa<\/b> y <b>Fernando Batista<\/b>. Dirige el brasile\u00f1o\u00a0Raphael Claus.<\/p>\n<div class=\"iframely-embed medium-embedded-content\" data-html=\"Jmx0O2Jsb2NrcXVvdGUgY2xhc3M9InR3aXR0ZXItdHdlZXQiIGRhdGEtZG50PSJ0cnVlIiBhbGlnbj0iY2VudGVyIiZndDsmbHQ7cCBsYW5nPSJlcyIgZGlyPSJsdHIiJmd0O8KhUHJpbWVyb3MgbWludXRvcyEg8J+HuvCfh74wLTDwn4e78J+HqiZsdDthIGhyZWY9Imh0dHBzOi8vdHdpdHRlci5jb20vaGFzaHRhZy9FbGltaW5hdG9yaWFzU3VkYW1lcmljYW5hcz9zcmM9aGFzaCZhbXA7YW1wO3JlZl9zcmM9dHdzcmMlNUV0ZnciJmd0OyNFbGltaW5hdG9yaWFzU3VkYW1lcmljYW5hcyZsdDsvYSZndDsgJmx0O2EgaHJlZj0iaHR0cHM6Ly90LmNvL3lGRlRlYkRQaFoiJmd0O3BpYy50d2l0dGVyLmNvbS95RkZUZWJEUGhaJmx0Oy9hJmd0OyZsdDsvcCZndDsmYW1wO21kYXNoOyBDT05NRUJPTC5jb20gKEBDT05NRUJPTCkgJmx0O2EgaHJlZj0iaHR0cHM6Ly90d2l0dGVyLmNvbS9DT05NRUJPTC9zdGF0dXMvMTkzMjU3NzI1ODg2MDEwOTg3ND9yZWZfc3JjPXR3c3JjJTVFdGZ3IiZndDtKdW5lIDEwLCAyMDI1Jmx0Oy9hJmd0OyZsdDsvYmxvY2txdW90ZSZndDsKJmx0O3NjcmlwdCBhc3luYyBzcmM9Imh0dHBzOi8vcGxhdGZvcm0udHdpdHRlci5jb20vd2lkZ2V0cy5qcyIgY2hhcnNldD0idXRmLTgiJmd0OyZsdDsvc2NyaXB0Jmd0OwoKJmx0O2RpdiBjbGFzcz0ibWVkaXVtLWluc2VydC1lbWJlZHMtbWV0YSImZ3Q7Jmx0O3NjcmlwdCB0eXBlPSJ0ZXh0L2pzb24iJmd0O3sidXJsIjoiaHR0cHM6Ly90d2l0dGVyLmNvbS9DT05NRUJPTC9zdGF0dXMvMTkzMjU3NzI1ODg2MDEwOTg3NCIsInR5cGUiOiJyaWNoIiwidmVyc2lvbiI6IjEuMCIsInRpdGxlIjoiQ09OTUVCT0wuY29tIG9uIFR3aXR0ZXIgLyBYIiwiYXV0aG9yIjoiQ09OTUVCT0wuY29tIiwiYXV0aG9yX3VybCI6Imh0dHBzOi8vdHdpdHRlci5jb20vQ09OTUVCT0wiLCJwcm92aWRlcl9uYW1lIjoiVHdpdHRlciIsImRlc2NyaXB0aW9uIjoiwqFQcmltZXJvcyBtaW51dG9zISDwn4e68J+HvjAtMPCfh7vwn4eqI0VsaW1pbmF0b3JpYXNTdWRhbWVyaWNhbmFzIHBpYy50d2l0dGVyLmNvbS95RkZUZWJEUGha4oCUIENPTk1FQk9MLmNvbSAoQENPTk1FQk9MKSBKdW5lIDEwLCAyMDI1XG5cblxuIiwidGh1bWJuYWlsX3VybCI6Imh0dHBzOi8vcGJzLnR3aW1nLmNvbS9tZWRpYS9HdEhraWZvV3NBQVRWaEEuanBnOmxhcmdlIiwidGh1bWJuYWlsX3dpZHRoIjoyMDQ4LCJ0aHVtYm5haWxfaGVpZ2h0IjoxNDc1LCJjYWNoZV9hZ2UiOjg2NDAwLCJvcHRpb25zIjp7Il9oaWRlX21lZGlhIjp7ImxhYmVsIjoiSGlkZSBwaG90b3MsIHZpZGVvcywgYW5kIGNhcmRzIiwidmFsdWUiOmZhbHNlfSwiX3RoZW1lIjp7InZhbHVlIjoiIiwidmFsdWVzIjp7ImRhcmsiOiJVc2UgZGFyayB0aGVtZSJ9fSwiX21heHdpZHRoIjp7InZhbHVlIjoiIiwibGFiZWwiOiJBZGp1c3Qgd2lkdGgiLCJwbGFjZWhvbGRlciI6IjIyMC01NTAsIGluIHB4In19fSZsdDsvc2NyaXB0Jmd0OyZsdDsvZGl2Jmd0Ow==\">\n                <a data-iframely-url=\"\" href=\"https:\/\/twitter.com\/CONMEBOL\/status\/1932577258860109874\">https:\/\/twitter.com\/CONMEBOL\/status\/1932577258860109874<\/a>\n              <\/div>\n<\/p><\/div>\n<\/article>\n<article id=\"post-1944\" class=\"live-blog-post section-2-col \">\n<div class=\"col 1-col\"><time datetime=\"\"><\/p>\n<p>19:44<\/p>\n<p>10\/06\/2025<\/p>\n<p>2 horas atr\u00e1s<\/p>\n<p><\/time><\/div>\n<div class=\"col 2-col\">\n<h2>Franco Mastantuono, la joya precoz que rompi\u00f3 todos los r\u00e9cords | Por Jorgelina Rocca<\/h2>\n<p><b>Franco Mastantuono<\/b> naci\u00f3 el 14 de agosto de 2007 en Azul, una ciudad a tres horas del Obelisco, pero <b>tambi\u00e9n tiene ciudadan\u00eda italiana<\/b>. A los tres a\u00f1os inici\u00f3 su carrera en el River de Azul, donde su padre lo entrenaba. Pero <b>hasta los 11 a\u00f1os comparti\u00f3 entrenamiento con el tenis y lleg\u00f3 a ser uno de los mejores juveniles de Argentina.<\/b><\/p>\n<p>Gracias al destino, en 2019, dej\u00f3 la raqueta y <b>se mud\u00f3 a Buenos Aires para incorporarse a River<\/b>. Sin escalas, en agosto de 2023 firm\u00f3 su primer contrato profesional con una cl\u00e1usula de rescisi\u00f3n de 30 millones de euros.<b><br \/><\/b><\/p>\n<p>Es zurdo, mide 1.77 y es r\u00e1pido.<b> Esa rapidez se traslad\u00f3 tambi\u00e9n a su carrera: r\u00e9cords, debut, goles, Selecci\u00f3n, Real Madrid. <\/b>En una semana debut\u00f3 con Argentina y <a href=\"https:\/\/www.pagina12.com.ar\/832284-mastantuono-ya-esta-abrochado-desde-agosto-jugara-en-real-ma\">cerr\u00f3 su fichaje con el <i>Merengue<\/i><\/a>, el m\u00e1s caro del f\u00fatbol local con un monto total de 60 millones de euros.<\/p>\n<h3\/><\/div>\n<\/article>\n<article id=\"post-1925\" class=\"live-blog-post section-2-col \">\n<div class=\"col 1-col\"><time datetime=\"\"><\/p>\n<p>19:25<\/p>\n<p>10\/06\/2025<\/p>\n<p>2 horas atr\u00e1s<\/p>\n<p><\/time><\/div>\n<\/article>\n<article id=\"post-1900\" class=\"live-blog-post section-2-col \">\n<div class=\"col 1-col\"><time datetime=\"\"><\/p>\n<p>19:00<\/p>\n<p>10\/06\/2025<\/p>\n<p>3 horas atr\u00e1s<\/p>\n<p><\/time><\/div>\n<div class=\"col 2-col\">\n<h2>Chile, eliminado del Mundial 2026 tras caer 2-0 con Bolivia<\/h2>\n<p>Con goles de Miguel Terceros al inicio del juego y de Enzo Monteiro en el ep\u00edlogo, <b>Bolivia hizo los deberes en El Alto y se impuso 2-0 <\/b>este martes<b> ante Chile<\/b>, <b>que no jugar\u00e1 un Mundial por tercera vez consecutiva<\/b>,<b> ya que el conjunto de Ricardo Gareca<\/b> (donde Francisco Sierralta vio la roja) <b>qued\u00f3 \u00faltimo en las Eliminatorias Sudamericanas <\/b>con 10 unidades y ya no tiene chances de ingresar al repechaje.\u00a0<\/p>\n<div class=\"iframely-embed medium-embedded-content\" data-html=\"Jmx0O2Jsb2NrcXVvdGUgY2xhc3M9InR3aXR0ZXItdHdlZXQiIGRhdGEtZG50PSJ0cnVlIiBhbGlnbj0iY2VudGVyIiZndDsmbHQ7cCBsYW5nPSJlcyIgZGlyPSJsdHIiJmd0O8KhVHJpdW5mbyBwYXJhIG1hbnRlbmVyIHZpdm8gZWwgc3Vlw7FvISDwn4en8J+HtPCfj4bwn4eo8J+HsSZsdDthIGhyZWY9Imh0dHBzOi8vdHdpdHRlci5jb20vaGFzaHRhZy9FbGltaW5hdG9yaWFzU3VkYW1lcmljYW5hcz9zcmM9aGFzaCZhbXA7YW1wO3JlZl9zcmM9dHdzcmMlNUV0ZnciJmd0OyNFbGltaW5hdG9yaWFzU3VkYW1lcmljYW5hcyZsdDsvYSZndDsgJmx0O2EgaHJlZj0iaHR0cHM6Ly90LmNvL1I2RzJ3MFZ6aXAiJmd0O3BpYy50d2l0dGVyLmNvbS9SNkcydzBWemlwJmx0Oy9hJmd0OyZsdDsvcCZndDsmYW1wO21kYXNoOyBDT05NRUJPTC5jb20gKEBDT05NRUJPTCkgJmx0O2EgaHJlZj0iaHR0cHM6Ly90d2l0dGVyLmNvbS9DT05NRUJPTC9zdGF0dXMvMTkzMjU1ODAyNzk0NjY2Mzk1Nj9yZWZfc3JjPXR3c3JjJTVFdGZ3IiZndDtKdW5lIDEwLCAyMDI1Jmx0Oy9hJmd0OyZsdDsvYmxvY2txdW90ZSZndDsKJmx0O3NjcmlwdCBhc3luYyBzcmM9Imh0dHBzOi8vcGxhdGZvcm0udHdpdHRlci5jb20vd2lkZ2V0cy5qcyIgY2hhcnNldD0idXRmLTgiJmd0OyZsdDsvc2NyaXB0Jmd0OwoKJmx0O2RpdiBjbGFzcz0ibWVkaXVtLWluc2VydC1lbWJlZHMtbWV0YSImZ3Q7Jmx0O3NjcmlwdCB0eXBlPSJ0ZXh0L2pzb24iJmd0O3sidXJsIjoiaHR0cHM6Ly90d2l0dGVyLmNvbS9DT05NRUJPTC9zdGF0dXMvMTkzMjU1ODAyNzk0NjY2Mzk1NiIsInR5cGUiOiJyaWNoIiwidmVyc2lvbiI6IjEuMCIsInRpdGxlIjoiQ09OTUVCT0wuY29tIG9uIFR3aXR0ZXIgLyBYIiwiYXV0aG9yIjoiQ09OTUVCT0wuY29tIiwiYXV0aG9yX3VybCI6Imh0dHBzOi8vdHdpdHRlci5jb20vQ09OTUVCT0wiLCJwcm92aWRlcl9uYW1lIjoiVHdpdHRlciIsImRlc2NyaXB0aW9uIjoiwqFUcml1bmZvIHBhcmEgbWFudGVuZXIgdml2byBlbCBzdWXDsW8hIPCfh6fwn4e08J+PhvCfh6jwn4exI0VsaW1pbmF0b3JpYXNTdWRhbWVyaWNhbmFzIHBpYy50d2l0dGVyLmNvbS9SNkcydzBWemlw4oCUIENPTk1FQk9MLmNvbSAoQENPTk1FQk9MKSBKdW5lIDEwLCAyMDI1XG5cblxuIiwidGh1bWJuYWlsX3VybCI6Imh0dHBzOi8vcGJzLnR3aW1nLmNvbS9tZWRpYS9HdEhUU0ZnV0VBQWgweEQuanBnOmxhcmdlIiwidGh1bWJuYWlsX3dpZHRoIjoxMDgwLCJ0aHVtYm5haWxfaGVpZ2h0IjoxMzUwLCJjYWNoZV9hZ2UiOjg2NDAwLCJvcHRpb25zIjp7Il9oaWRlX21lZGlhIjp7ImxhYmVsIjoiSGlkZSBwaG90b3MsIHZpZGVvcywgYW5kIGNhcmRzIiwidmFsdWUiOmZhbHNlfSwiX3RoZW1lIjp7InZhbHVlIjoiIiwidmFsdWVzIjp7ImRhcmsiOiJVc2UgZGFyayB0aGVtZSJ9fSwiX21heHdpZHRoIjp7InZhbHVlIjoiIiwibGFiZWwiOiJBZGp1c3Qgd2lkdGgiLCJwbGFjZWhvbGRlciI6IjIyMC01NTAsIGluIHB4In19fSZsdDsvc2NyaXB0Jmd0OyZsdDsvZGl2Jmd0Ow==\">\n                <a data-iframely-url=\"\" href=\"https:\/\/twitter.com\/CONMEBOL\/status\/1932558027946663956\">https:\/\/twitter.com\/CONMEBOL\/status\/1932558027946663956<\/a>\n              <\/div>\n<h3\/><\/div>\n<\/article>\n<article id=\"post-1847\" class=\"live-blog-post section-2-col \">\n<div class=\"col 1-col\"><time datetime=\"\"><\/p>\n<p>18:47<\/p>\n<p>10\/06\/2025<\/p>\n<p>3 horas atr\u00e1s<\/p>\n<p><\/time><\/div>\n<div class=\"col 2-col\">\n<h2>\u00c1rbitros para Argentina vs Colombia<\/h2>\n<ul>\n<li><b>\u00c1rbitro: Juan Gabriel Ben\u00edtez<\/b><\/li>\n<li>Asistente 1: Eduardo Cardozo<\/li>\n<li>Asistente 2: Milc\u00edades Sald\u00edvar<\/li>\n<li>Cuarto \u00e1rbitro: Blas Romero<\/li>\n<li>VAR: Derlis L\u00f3pez<\/li>\n<li>AVAR: Carlos Paul Ben\u00edtez\u00a0<\/li>\n<\/ul>\n<\/div>\n<\/article>\n<\/div>\n<div class=\"get-lbp-updates-container\"><button class=\"get-lbp-updates-button\" id=\"get-lbp-updates\" data-article-id=\"832708\" data-article-url=\"\/832708-argentina-hoy-vs-colombia-horario-del-partido-formacion-y-do\" data-lbp-offset=\"0\">Ver m\u00e1s<\/button><img decoding=\"async\" class=\"get-lbp-updates-loader\" src=\"\/assets\/media\/assets\/loading.gif\" alt=\"ver-mas-loader\"\/><\/div>\n<\/div>\n<p><script async src=\"\/\/platform.twitter.com\/widgets.js\" charset=\"utf-8\"><\/script><br \/><a href=\"https:\/\/www.pagina12.com.ar\/832708-argentina-hoy-vs-colombia-horario-del-partido-formacion-y-do\">source<\/a><\/p>\n","protected":false},"excerpt":{"rendered":"<p>La Selecci\u00f3n argentina,ya clasificada para la m\u00e1xima cita del f\u00fatbol,\u00a0pierde ante su par de Colombia,&#8230;<\/p>\n","protected":false},"author":3,"featured_media":21540,"comment_status":"closed","ping_status":"closed","sticky":false,"template":"","format":"standard","meta":{"footnotes":""},"categories":[21],"tags":[],"class_list":["post-21539","post","type-post","status-publish","format-standard","has-post-thumbnail","hentry","category-deportes"],"featured_image_urls":{"full":["https:\/\/fmamiga909.com.ar\/wp-content\/uploads\/2025\/06\/wp-header-logo-128.png",0,0,false],"thumbnail":["https:\/\/fmamiga909.com.ar\/wp-content\/uploads\/2025\/06\/wp-header-logo-128.png",1,1,false],"medium":["https:\/\/fmamiga909.com.ar\/wp-content\/uploads\/2025\/06\/wp-header-logo-128.png",1,1,false],"medium_large":["https:\/\/fmamiga909.com.ar\/wp-content\/uploads\/2025\/06\/wp-header-logo-128.png",0,0,false],"large":["https:\/\/fmamiga909.com.ar\/wp-content\/uploads\/2025\/06\/wp-header-logo-128.png",1,1,false],"1536x1536":["https:\/\/fmamiga909.com.ar\/wp-content\/uploads\/2025\/06\/wp-header-logo-128.png",1,1,false],"2048x2048":["https:\/\/fmamiga909.com.ar\/wp-content\/uploads\/2025\/06\/wp-header-logo-128.png",1,1,false],"newsium-slider-full":["https:\/\/fmamiga909.com.ar\/wp-content\/uploads\/2025\/06\/wp-header-logo-128.png",1,1,false],"newsium-featured":["https:\/\/fmamiga909.com.ar\/wp-content\/uploads\/2025\/06\/wp-header-logo-128.png",1,1,false],"newsium-medium":["https:\/\/fmamiga909.com.ar\/wp-content\/uploads\/2025\/06\/wp-header-logo-128.png",1,1,false]},"author_info":{"display_name":"Fredy Giuliano","author_link":"https:\/\/fmamiga909.com.ar\/?author=3"},"category_info":"<a href=\"https:\/\/fmamiga909.com.ar\/?cat=21\" rel=\"category\">Deportes<\/a>","tag_info":"Deportes","comment_count":"0","_links":{"self":[{"href":"https:\/\/fmamiga909.com.ar\/index.php?rest_route=\/wp\/v2\/posts\/21539","targetHints":{"allow":["GET"]}}],"collection":[{"href":"https:\/\/fmamiga909.com.ar\/index.php?rest_route=\/wp\/v2\/posts"}],"about":[{"href":"https:\/\/fmamiga909.com.ar\/index.php?rest_route=\/wp\/v2\/types\/post"}],"author":[{"embeddable":true,"href":"https:\/\/fmamiga909.com.ar\/index.php?rest_route=\/wp\/v2\/users\/3"}],"replies":[{"embeddable":true,"href":"https:\/\/fmamiga909.com.ar\/index.php?rest_route=%2Fwp%2Fv2%2Fcomments&post=21539"}],"version-history":[{"count":0,"href":"https:\/\/fmamiga909.com.ar\/index.php?rest_route=\/wp\/v2\/posts\/21539\/revisions"}],"wp:featuredmedia":[{"embeddable":true,"href":"https:\/\/fmamiga909.com.ar\/index.php?rest_route=\/wp\/v2\/media\/21540"}],"wp:attachment":[{"href":"https:\/\/fmamiga909.com.ar\/index.php?rest_route=%2Fwp%2Fv2%2Fmedia&parent=21539"}],"wp:term":[{"taxonomy":"category","embeddable":true,"href":"https:\/\/fmamiga909.com.ar\/index.php?rest_route=%2Fwp%2Fv2%2Fcategories&post=21539"},{"taxonomy":"post_tag","embeddable":true,"href":"https:\/\/fmamiga909.com.ar\/index.php?rest_route=%2Fwp%2Fv2%2Ftags&post=21539"}],"curies":[{"name":"wp","href":"https:\/\/api.w.org\/{rel}","templated":true}]}}