{"id":21565,"date":"2025-06-11T20:39:36","date_gmt":"2025-06-11T20:39:36","guid":{"rendered":"https:\/\/fmamiga909.com.ar\/?p=21565"},"modified":"2025-06-11T20:39:36","modified_gmt":"2025-06-11T20:39:36","slug":"desfinancian-el-sistema-publico-de-salud-para-privatizarlo","status":"publish","type":"post","link":"https:\/\/fmamiga909.com.ar\/?p=21565","title":{"rendered":"&quot;Desfinancian el sistema p\u00fablico de salud para privatizarlo&quot;"},"content":{"rendered":"<div><!-- Body --><\/p>\n<p><i>\u00abGracias a este loco, que defiende no solo lo que es suyo, mi hija tiene ambos ri\u00f1ones funcionales, gracias a una cirug\u00eda m\u00ednimamente invasiva que \u00e9l y su equipo crearon. Y pensar que hay idiotas que los mandan a estudiar &#8216;cosas m\u00e1s rentables, o aguantarse la miseria'\u00bb<\/i>. El posteo es de la exremera rosarina Gabriela Best,  representante nacional en los Juegos Ol\u00edmpicos de de Beijing 2008 y en Londres 2012; m\u00faltiple medallista panamericana y sudamericana y actualmente especialista en kinesiolog\u00eda y fisiatr\u00eda neurol\u00f3gica. \u00abEl posteo va en relaci\u00f3n a una entrevista que encontr\u00e9 en las redes sociales del doctor Santiago Weller, que es ur\u00f3logo infantil y el jefe del \u00e1rea del hospital Garrahan. El tipo es muy, muy groso, y desarroll\u00f3 t\u00e9cnicas de cirug\u00edas endosc\u00f3picas pedi\u00e1tricas. Va por el mundo formando gente con esta t\u00e9cnica s\u00faper innovadora. En el pa\u00eds hay solo dos m\u00e9dicos que trabajan con la cirug\u00eda laparosc\u00f3pica pedi\u00e1trica y uno de ello es \u00e9l\u201d, destac\u00f3 Best en di\u00e1logo con <b>P\u00e1gina\/12<\/b>.<\/p>\n<p><b>\u2013\u00bfC\u00f3mo llegaste con el caso de tu hija a Weller?<\/b><\/p>\n<p>\u2013Hace tres a\u00f1os llegamos a \u00e9l por un accidente que tuvo mi hija, donde se golpe\u00f3 un ri\u00f1\u00f3n. Estuvo internada en Fundaci\u00f3n Hospitalaria un tiempito y ah\u00ed descubrimos que ten\u00eda una malformaci\u00f3n cong\u00e9nita en el ri\u00f1\u00f3n derecho. Como \u00e9l es staff de Fundaci\u00f3n Hospitalaria, o era porque en verdad no s\u00e9 cu\u00e1l es su situaci\u00f3n actual con la instituci\u00f3n, empezamos a hacer los chequeos y controles con \u00e9l y determinamos que val\u00eda la pena hacer una correcci\u00f3n quir\u00fargica de ese ri\u00f1\u00f3n. B\u00e1sicamente, ubic\u00f3  el ri\u00f1\u00f3n y reconstruy\u00f3 toda la pelvis renal de mi hija y le salv\u00f3 el ri\u00f1\u00f3n. Si bien llegamos a \u00e9l por el sistema privado de salud fue bastante dif\u00edcil la cobertura de su pr\u00e1ctica con la obra social, que obviamente ofreci\u00f3 resistencia y nos ofrec\u00eda otras opciones. Tuvimos que movernos mucho para que \u00e9l haga la cirug\u00eda pero nos dio la opci\u00f3n de hacerlo tambi\u00e9n el hospital p\u00fablico a lo que nos negamos porque mi hija tiene acceso a la salud privada, cuenta con obra social y con prepaga y nos pareci\u00f3 muy injusto que la tenga que atender en el Garrahan, pero estuvo la posibilidad. Y as\u00ed como  le salv\u00f3 el ri\u00f1\u00f3n a mi hija por el sistema privado, pienso en la cantidad de nenes que no tienen absolutamente nada, que pueden contar con un m\u00e9dico de semejante envergadura de forma gratuita. Me parece que eso es s\u00faper valioso.<\/p>\n<div class=\"medium-insert-embeds\">\n<figure>\n<div class=\"medium-insert-embed\">\n<div align=\"center\">\n<figure role=\"group\" class=\"caption caption-drupal-entity\"><figcaption>Gabriel Best, en su etapa como remera ol\u00edmpica.<\/figcaption><\/figure>\n<\/div><\/div>\n<\/figure>\n<\/div>\n<p>Best, de 40 a\u00f1os, inici\u00f3 su carrera en el remo en Rosario Rowing Club; luego pas\u00f3 a  de Regatas Rosario,  despu\u00e9s represent\u00f3 al club N\u00e1utico Z\u00e1rate y finalmente al club Teutonia; fue veinte veces campeona argentina; gan\u00f3 el Olimpia de Plata en 2009 y el Premio Konex 2020 y disput\u00f3 dos Juegos Ol\u00edmpicos: Beijing 2008 (16ta en single) y Londres 2012 junto con Laura \u00c1balo en dos sin timonel (novenas). \u00abEstoy lejos del agua y de los botes. En este momento no estoy ligada al remo. Estoy enfocada en mi  carrera laboral profesional\u00bb, le cuenta a este cronista Best, quien en su carrera deportiva conquist\u00f3 en Juegos Panamericanos de R\u00edo de Janeiro 2007 las medallas de plata (single) y bronce (cu\u00e1druple) y en Guadalajara 2011 las preseas de oro en las pruebas dos sin timonel y cu\u00e1druple y de plata en single y anunci\u00f3 su retiro del remo profesional el 22 de octubre de 2014, a trav\u00e9s de su cuenta de Facebook.<\/p>\n<p><b>\u2013\u00bfQu\u00e9 mirada ten\u00e9s del conflicto gremial en el hospital Garrahan?<\/b><\/p>\n<p>\u2013Escuchar a senadores y diputados  sentados en sus bancas muy c\u00f3modos, diciendo que hay gente \u00f1oqui en el hospital y que hay muchos administrativos cuando en realidad el gobierno de Macri destin\u00f3 un mont\u00f3n de enfermeros como personal administrativo para bajarles el sueldo, cuando en verdad no cumplen funciones administrativas sino cuestiones asistenciales es bastante cruel, \u00bfno?<\/p>\n<p><b>\u2013\u00bfHabl\u00e1s de Macri, ah\u00ed comenz\u00f3 el desfinanciamiento en estas \u00e1reas?<\/b><\/p>\n<p>\u2013Con el gobierno de Macri empez\u00f3 toda la modificaci\u00f3n de la Agencia Nacional de Discapacidad y se hicieron todos unos controles exhaustivos de los certificados de discapacidad y de las pensiones de discapacidad, pero se manej\u00f3 bastante mal la cuesti\u00f3n porque se cortaron todas las prestaciones y servicios y eso gener\u00f3 un impacto bastante negativo en los profesionales de la salud porque se cortaron las ruedas de pago, se dieron de baja presupuestos. Fue un poco dif\u00edcil. Entiendo que es necesaria la auditor\u00eda, me parece que est\u00e1 perfecto hacerla pero no creo que cortar todo y empezar de nuevo o devolv\u00e9rsela a quienes la  exigen sea la soluci\u00f3n. Toda esta idea de desfinanciamiento del sistema p\u00fablico de salud nace en el gobierno de Macri. Ah\u00ed empezamos a tener problemas con el nomenclador nacional, dejamos de tener aumentos a las prestaciones, dej\u00f3 de haber una exigencia de pago a treinta d\u00edas. Entonces las obras sociales se tomaron su tiempo para pagar; otras decidieron pagar lo que quer\u00edan y no el nomenclador. Lo que est\u00e1 pasando hoy en el gobierno de Milei es una idea que ya viene gest\u00e1ndose desde el gobierno de Macri. Todo esto no es un idea maravillosa de Milei, m\u00e1s all\u00e1 de que creo que quiere desfinanciar todo el sistema p\u00fablico de salud y privatizar absolutamente todo, algo que me parece una locura. Macri ya hab\u00eda tenido una idea bastante similar. <\/p>\n<p><b>\u2013\u00bfQu\u00e9 buscaste con el posteo?<\/b><\/p>\n<p>\u2013El mismo Weller lo explica en la nota que coment\u00e9 al comienzo del reportaje: son tres ur\u00f3logos infantiles que hacen transplantes. \u00a1Transplantes gratuitos en este pa\u00eds!, para cualquier ni\u00f1o de toda la extensi\u00f3n de la Rep\u00fablica Argentina. Hay tres personas destinadas para eso. Es bastante groso. Mi posteo fue sumarme o intentar darle visibilidad a la lucha del sistema p\u00fablico. Me pareci\u00f3 que val\u00eda la pena.<\/p>\n<p><b>\u2013\u00bfEn el \u00e1mbito que te desempe\u00f1as, c\u00f3mo describ\u00eds el desempe\u00f1o del gobierno nacional?<\/b><\/p>\n<p>\u2013Soy profesional de la salud, trabajo en el \u00e1rea de discapacidad porque soy kinesi\u00f3loga especialista en rehabilitaci\u00f3n neurol\u00f3gica. Lamentablemente, este gobierno esta desmantelando el sistema de prestaciones hacia las personas con discapacidad. No recibimos un aumento desde el mes de diciembre del a\u00f1o pasado. Cobrar las prestaciones es muy dif\u00edcil; se cobran a noventa d\u00edas con suerte, seg\u00fan las obra sociales. Veo un desfinanciamiento de todo lo que es salud en general.<\/p>\n<p><b>\u2013\u00bfPor qu\u00e9 consider\u00e1s que los deportistas no se expresen p\u00fablicamente por un caso tan sensible como el del Garrahan?<\/b><\/p>\n<p>\u2013En el caso de los deportistas, la manifestaci\u00f3n p\u00fablica nunca es f\u00e1cil. Por lo general suele haber una bajada de l\u00ednea porque m\u00e1s de una vez nos invitaron a eventos oficiales, medio \u00abobligados\u00bb porque toman cierta asistencia. Y como el atleta depende de los presupuestos a nivel nacional para poder hacer sus giras y tambi\u00e9n depende, muchas veces, de las becas que se reciben, que si bien hoy son bastante deficitarias, est\u00e1n, entiendo que los deportistas elijan no comprometerse en cuestiones pol\u00edticas o sensibles como todo esto que est\u00e1 pasando con salud porque puede llegar a comprometer su futuro deportivo.<\/p>\n<p><!-- Live Blog Post --><\/div>\n<p><a href=\"https:\/\/www.pagina12.com.ar\/833188-desfinancian-el-sistema-publico-de-salud-para-privatizarlo\">source<\/a><\/p>\n","protected":false},"excerpt":{"rendered":"<p>\u00abGracias a este loco, que defiende no solo lo que es suyo, mi hija tiene&#8230;<\/p>\n","protected":false},"author":3,"featured_media":21566,"comment_status":"closed","ping_status":"closed","sticky":false,"template":"","format":"standard","meta":{"footnotes":""},"categories":[21],"tags":[],"class_list":["post-21565","post","type-post","status-publish","format-standard","has-post-thumbnail","hentry","category-deportes"],"featured_image_urls":{"full":["https:\/\/fmamiga909.com.ar\/wp-content\/uploads\/2025\/06\/wp-header-logo-141.png",960,540,false],"thumbnail":["https:\/\/fmamiga909.com.ar\/wp-content\/uploads\/2025\/06\/wp-header-logo-141-150x150.png",150,150,true],"medium":["https:\/\/fmamiga909.com.ar\/wp-content\/uploads\/2025\/06\/wp-header-logo-141-300x169.png",300,169,true],"medium_large":["https:\/\/fmamiga909.com.ar\/wp-content\/uploads\/2025\/06\/wp-header-logo-141.png",960,540,false],"large":["https:\/\/fmamiga909.com.ar\/wp-content\/uploads\/2025\/06\/wp-header-logo-141.png",640,360,false],"1536x1536":["https:\/\/fmamiga909.com.ar\/wp-content\/uploads\/2025\/06\/wp-header-logo-141.png",960,540,false],"2048x2048":["https:\/\/fmamiga909.com.ar\/wp-content\/uploads\/2025\/06\/wp-header-logo-141.png",960,540,false],"newsium-slider-full":["https:\/\/fmamiga909.com.ar\/wp-content\/uploads\/2025\/06\/wp-header-logo-141.png",960,540,false],"newsium-featured":["https:\/\/fmamiga909.com.ar\/wp-content\/uploads\/2025\/06\/wp-header-logo-141.png",960,540,false],"newsium-medium":["https:\/\/fmamiga909.com.ar\/wp-content\/uploads\/2025\/06\/wp-header-logo-141-720x475.png",720,475,true]},"author_info":{"display_name":"Fredy Giuliano","author_link":"https:\/\/fmamiga909.com.ar\/?author=3"},"category_info":"<a href=\"https:\/\/fmamiga909.com.ar\/?cat=21\" rel=\"category\">Deportes<\/a>","tag_info":"Deportes","comment_count":"0","_links":{"self":[{"href":"https:\/\/fmamiga909.com.ar\/index.php?rest_route=\/wp\/v2\/posts\/21565","targetHints":{"allow":["GET"]}}],"collection":[{"href":"https:\/\/fmamiga909.com.ar\/index.php?rest_route=\/wp\/v2\/posts"}],"about":[{"href":"https:\/\/fmamiga909.com.ar\/index.php?rest_route=\/wp\/v2\/types\/post"}],"author":[{"embeddable":true,"href":"https:\/\/fmamiga909.com.ar\/index.php?rest_route=\/wp\/v2\/users\/3"}],"replies":[{"embeddable":true,"href":"https:\/\/fmamiga909.com.ar\/index.php?rest_route=%2Fwp%2Fv2%2Fcomments&post=21565"}],"version-history":[{"count":0,"href":"https:\/\/fmamiga909.com.ar\/index.php?rest_route=\/wp\/v2\/posts\/21565\/revisions"}],"wp:featuredmedia":[{"embeddable":true,"href":"https:\/\/fmamiga909.com.ar\/index.php?rest_route=\/wp\/v2\/media\/21566"}],"wp:attachment":[{"href":"https:\/\/fmamiga909.com.ar\/index.php?rest_route=%2Fwp%2Fv2%2Fmedia&parent=21565"}],"wp:term":[{"taxonomy":"category","embeddable":true,"href":"https:\/\/fmamiga909.com.ar\/index.php?rest_route=%2Fwp%2Fv2%2Fcategories&post=21565"},{"taxonomy":"post_tag","embeddable":true,"href":"https:\/\/fmamiga909.com.ar\/index.php?rest_route=%2Fwp%2Fv2%2Ftags&post=21565"}],"curies":[{"name":"wp","href":"https:\/\/api.w.org\/{rel}","templated":true}]}}