{"id":21567,"date":"2025-06-11T21:55:26","date_gmt":"2025-06-11T21:55:26","guid":{"rendered":"https:\/\/fmamiga909.com.ar\/?p=21567"},"modified":"2025-06-11T21:55:26","modified_gmt":"2025-06-11T21:55:26","slug":"el-campeon-se-quedo-sin-director-tecnico","status":"publish","type":"post","link":"https:\/\/fmamiga909.com.ar\/?p=21567","title":{"rendered":"El campe\u00f3n se qued\u00f3 sin director t\u00e9cnico"},"content":{"rendered":"<div><!-- Body --><\/p>\n<p><b>\u00abNos vaciamos\u00bb.<\/b> Con esta expresi\u00f3n, la dupla campeona que integran <b>Favio Orsi<\/b> y <b>Sergio G\u00f3mez<\/b> justific\u00f3 su salida de la direcci\u00f3n t\u00e9cnica de Platense, diez d\u00edas despu\u00e9s de haber ganado el Torneo Apertura.\u00a0<\/p>\n<p>La decisi\u00f3n llen\u00f3 de estupor, por lo inesperada a los dirigentes, los jugadores y los hinchas \u00abcalamares\u00bb, y obliga al equipo de Saavedra y Vicente L\u00f3pez a ir a buscar un nuevo entrenador.\u00a0<b>Orsi y G\u00f3mez estaban en el cargo desde febrero de 2024 y dirigieron durante 57 partidos en los que ganaron 25, empataron 17 y perdieron 15.<\/b><\/p>\n<p>Ninguna de las varias entrevistas que dieron luego de ganarle la final a Hurac\u00e1n hac\u00eda prever esta salida repentina. Es m\u00e1s, la dupla hab\u00eda hecho referencia a que a partir de ahora, el club entraba en<b> una nueva etapa <\/b>en la conducci\u00f3n del f\u00fatbol profesional, y que hab\u00eda que ponerse a pensar en como encarar la Copa Libertadores, que Platense jugar\u00e1 el a\u00f1o pr\u00f3ximo por primera vez en su historia. Todo eso ahora qued\u00f3 atr\u00e1s.<\/p>\n<p>Mas all\u00e1 de que pueda haber algunas ventas, <b>el plantel de Platense no iba a desmembrarse ya que la mayor\u00eda de los jugadores tiene contrato hasta fin de a\u00f1o<\/b>. Sin embargo y luego de haber entrado en la historia del club, Orsi y G\u00f3mez no encontraron motivaci\u00f3n para continuar y presentaron la renuncia.\u00a0\u00a0<\/p>\n<p><!-- Live Blog Post --><\/div>\n<p><a href=\"https:\/\/www.pagina12.com.ar\/833205-el-campeon-se-quedo-sin-director-tecnico\">source<\/a><\/p>\n","protected":false},"excerpt":{"rendered":"<p>\u00abNos vaciamos\u00bb. Con esta expresi\u00f3n, la dupla campeona que integran Favio Orsi y Sergio G\u00f3mez&#8230;<\/p>\n","protected":false},"author":3,"featured_media":21568,"comment_status":"closed","ping_status":"closed","sticky":false,"template":"","format":"standard","meta":{"footnotes":""},"categories":[21],"tags":[],"class_list":["post-21567","post","type-post","status-publish","format-standard","has-post-thumbnail","hentry","category-deportes"],"featured_image_urls":{"full":["https:\/\/fmamiga909.com.ar\/wp-content\/uploads\/2025\/06\/wp-header-logo-142.png",960,540,false],"thumbnail":["https:\/\/fmamiga909.com.ar\/wp-content\/uploads\/2025\/06\/wp-header-logo-142-150x150.png",150,150,true],"medium":["https:\/\/fmamiga909.com.ar\/wp-content\/uploads\/2025\/06\/wp-header-logo-142-300x169.png",300,169,true],"medium_large":["https:\/\/fmamiga909.com.ar\/wp-content\/uploads\/2025\/06\/wp-header-logo-142.png",960,540,false],"large":["https:\/\/fmamiga909.com.ar\/wp-content\/uploads\/2025\/06\/wp-header-logo-142.png",640,360,false],"1536x1536":["https:\/\/fmamiga909.com.ar\/wp-content\/uploads\/2025\/06\/wp-header-logo-142.png",960,540,false],"2048x2048":["https:\/\/fmamiga909.com.ar\/wp-content\/uploads\/2025\/06\/wp-header-logo-142.png",960,540,false],"newsium-slider-full":["https:\/\/fmamiga909.com.ar\/wp-content\/uploads\/2025\/06\/wp-header-logo-142.png",960,540,false],"newsium-featured":["https:\/\/fmamiga909.com.ar\/wp-content\/uploads\/2025\/06\/wp-header-logo-142.png",960,540,false],"newsium-medium":["https:\/\/fmamiga909.com.ar\/wp-content\/uploads\/2025\/06\/wp-header-logo-142-720x475.png",720,475,true]},"author_info":{"display_name":"Fredy Giuliano","author_link":"https:\/\/fmamiga909.com.ar\/?author=3"},"category_info":"<a href=\"https:\/\/fmamiga909.com.ar\/?cat=21\" rel=\"category\">Deportes<\/a>","tag_info":"Deportes","comment_count":"0","_links":{"self":[{"href":"https:\/\/fmamiga909.com.ar\/index.php?rest_route=\/wp\/v2\/posts\/21567","targetHints":{"allow":["GET"]}}],"collection":[{"href":"https:\/\/fmamiga909.com.ar\/index.php?rest_route=\/wp\/v2\/posts"}],"about":[{"href":"https:\/\/fmamiga909.com.ar\/index.php?rest_route=\/wp\/v2\/types\/post"}],"author":[{"embeddable":true,"href":"https:\/\/fmamiga909.com.ar\/index.php?rest_route=\/wp\/v2\/users\/3"}],"replies":[{"embeddable":true,"href":"https:\/\/fmamiga909.com.ar\/index.php?rest_route=%2Fwp%2Fv2%2Fcomments&post=21567"}],"version-history":[{"count":0,"href":"https:\/\/fmamiga909.com.ar\/index.php?rest_route=\/wp\/v2\/posts\/21567\/revisions"}],"wp:featuredmedia":[{"embeddable":true,"href":"https:\/\/fmamiga909.com.ar\/index.php?rest_route=\/wp\/v2\/media\/21568"}],"wp:attachment":[{"href":"https:\/\/fmamiga909.com.ar\/index.php?rest_route=%2Fwp%2Fv2%2Fmedia&parent=21567"}],"wp:term":[{"taxonomy":"category","embeddable":true,"href":"https:\/\/fmamiga909.com.ar\/index.php?rest_route=%2Fwp%2Fv2%2Fcategories&post=21567"},{"taxonomy":"post_tag","embeddable":true,"href":"https:\/\/fmamiga909.com.ar\/index.php?rest_route=%2Fwp%2Fv2%2Ftags&post=21567"}],"curies":[{"name":"wp","href":"https:\/\/api.w.org\/{rel}","templated":true}]}}