{"id":21579,"date":"2025-06-12T15:46:50","date_gmt":"2025-06-12T15:46:50","guid":{"rendered":"https:\/\/fmamiga909.com.ar\/?p=21579"},"modified":"2025-06-12T15:46:50","modified_gmt":"2025-06-12T15:46:50","slug":"cuando-corre-colapinto-como-es-el-gp-de-canada-de-formula-1-y-donde-verlo-en-vivo","status":"publish","type":"post","link":"https:\/\/fmamiga909.com.ar\/?p=21579","title":{"rendered":"Cu\u00e1ndo corre Colapinto, c\u00f3mo es el GP de Canad\u00e1 de F\u00f3rmula 1 y d\u00f3nde verlo en vivo"},"content":{"rendered":"<div><!-- Body --><\/p>\n<p>Este fin de semana <b\/><a href=\"https:\/\/www.pagina12.com.ar\/833121-vuelve-la-formula-1-cuando-y-donde-sera-la-proxima-carrera-y\"><b>Franco Colapinto<\/b> volver\u00e1 a subirse a su monoplaza Alpine para salir a la pista en la <b>F\u00f3rmula 1<\/b><\/a><b\/>, en este caso en el <b>Gran Premio de Canad\u00e1<\/b>. Ser\u00e1 la primera vez que el piloto argentino compita en este circuito. C\u00f3mo es la pista, el cronograma con d\u00edas y horarios y c\u00f3mo ver las Pr\u00e1cticas Libres, la Clasificaci\u00f3n y la Carrera.\u00a0<\/p>\n<h3\/>\n<h2>D\u00f3nde se corre el circuito del GP de Canad\u00e1<\/h2>\n<p><b>El Gran Premio de Canad\u00e1 se corre en el\u00a0Circuit Gilles-Villeneuve de Montreal<\/b>, ubicado en la isla artificial de Notre-Dame, situada en medio del r\u00edo San Lorenzo, la cual fue creada para la Expo Mundial 1967. Una vez que finalizaron la exposici\u00f3n y los subsiguientes Juegos Ol\u00edmpicos de 1976, se decidi\u00f3 convertir las carreteras de la isla en una pista de carreras.\u00a0<\/p>\n<p>El GP se corri\u00f3 por primera vez en 1961 y <b>desde 1967 es parte del calendario de la F\u00f3rmula 1 de manera permanente<\/b>, a excepci\u00f3n de los a\u00f1os\u00a01975, 1987, 2009, 2020 y 2021. <b>Fue en 1978 que comenz\u00f3 a correrse en el actual circuito de Montreal<\/b>. <b>La pista lleva el nombre de Gilles Villeneuve en honor al piloto canadiense que gan\u00f3 esa primera edici\u00f3n<\/b>. Hasta ese entonces ning\u00fan corredor de ese pa\u00eds se hab\u00eda quedado con el primer puesto. <b>Ese d\u00eda el tercer puesto fue para el argentino Carlos Reutemann, compa\u00f1ero de equipo del canadiense en Ferrari<\/b>.<\/p>\n<h2>\u00bfC\u00f3mo es el circuito del GP de Canad\u00e1?<\/h2>\n<p><b>El Circuito Gilles-Villeneuve es de 4,361 kil\u00f3metros y se corren 70 vueltas, por lo que en total son 305,27 Kms de recorrido.<\/b> Es un circuito r\u00e1pido y de baja carga aerodin\u00e1mica, o sea que <b>tiene pocas curvas y largas rectas, lo que permite alcanzar altas velocidades y le da m\u00e1s importancia a la potencia del motor<\/b>. La propia F\u00f3rmula 1 lo define como \u00abuno de los favoritos de los pilotos\u00bb.\u00a0<\/p>\n<p>A pesar de las largas rectas,<b> tiene algunas curvas muy cerradas que obligan pr\u00e1cticamente a \u00abparar y arrancar\u00bb<\/b>, como destaca la F1. Los corredores necesariamente deber\u00e1n exigir los frenos de sus monoplazas. M\u00e1s all\u00e1 de las curvas, la pista es r\u00e1pida y fluida, aunque estrecha.\u00a0<\/p>\n<p><b>Michael Schumacher y Lewis Hamilton son los pilotos que m\u00e1s veces ganaron el GP, con siete triunfos cada uno<\/b>. La vuelta m\u00e1s r\u00e1pida en la historia del evento la dio <b>Valteri Bottas<\/b> en 2019 con 1:13.078.<\/p>\n<p>El circuito tiene un famoso muro de hormig\u00f3n, ubicado entre las curvas 13 y 14, justo antes de la recta principal. Lo llaman el <b>Muro de los Campeones<\/b>, debido al choque que protagonizaron los campeones mundiales <b>Michael Schumacher, Damon Hill y Jacques Villeneuve<\/b> en 1999.<\/p>\n<h2>D\u00f3nde ver el GP de Canad\u00e1 de F\u00f3rmula 1 en vivo online y por TV<\/h2>\n<p>El GP de Canad\u00e1 podr\u00e1 verse en vivo a trav\u00e9s de <b>Fox Sports<\/b> y la plataforma <b>Disney+<\/b> <b>Premium<\/b>. La se\u00f1al televisiva se puede sintonizar mediante plataformas de streaming como <b>DGO, Flow y Telecentro Play<\/b>, entre otras.<\/p>\n<h2>\u00bfCu\u00e1ndo corre Colapinto? Calendario con d\u00edas y horarios del GP de Canad\u00e1\u00a0<\/h2>\n<h3>Viernes 13 de junio<\/h3>\n<ul>\n<li>Pr\u00e1ctica Libre 1: 14:30 hs<\/li>\n<li>Pr\u00e1ctica Libre 2: 18:00 hs<\/li>\n<\/ul>\n<h3>S\u00e1bado 14 de junio<\/h3>\n<ul>\n<li>Pr\u00e1ctica Libre 3: 13:30 hs<\/li>\n<li>Clasificaci\u00f3n: 17:00 hs<\/li>\n<\/ul>\n<h3>Domingo 15 de junio<\/h3>\n<h3>Segu\u00ed leyendo<\/h3>\n<h3\/><!-- Live Blog Post --><\/div>\n<p><a href=\"https:\/\/www.pagina12.com.ar\/833424-cuando-corre-colapinto-como-es-el-gp-de-canada-de-formula-1-\">source<\/a><\/p>\n","protected":false},"excerpt":{"rendered":"<p>Este fin de semana Franco Colapinto volver\u00e1 a subirse a su monoplaza Alpine para salir&#8230;<\/p>\n","protected":false},"author":3,"featured_media":21580,"comment_status":"closed","ping_status":"closed","sticky":false,"template":"","format":"standard","meta":{"footnotes":""},"categories":[21],"tags":[],"class_list":["post-21579","post","type-post","status-publish","format-standard","has-post-thumbnail","hentry","category-deportes"],"featured_image_urls":{"full":["https:\/\/fmamiga909.com.ar\/wp-content\/uploads\/2025\/06\/wp-header-logo-148.png",960,540,false],"thumbnail":["https:\/\/fmamiga909.com.ar\/wp-content\/uploads\/2025\/06\/wp-header-logo-148-150x150.png",150,150,true],"medium":["https:\/\/fmamiga909.com.ar\/wp-content\/uploads\/2025\/06\/wp-header-logo-148-300x169.png",300,169,true],"medium_large":["https:\/\/fmamiga909.com.ar\/wp-content\/uploads\/2025\/06\/wp-header-logo-148.png",960,540,false],"large":["https:\/\/fmamiga909.com.ar\/wp-content\/uploads\/2025\/06\/wp-header-logo-148.png",640,360,false],"1536x1536":["https:\/\/fmamiga909.com.ar\/wp-content\/uploads\/2025\/06\/wp-header-logo-148.png",960,540,false],"2048x2048":["https:\/\/fmamiga909.com.ar\/wp-content\/uploads\/2025\/06\/wp-header-logo-148.png",960,540,false],"newsium-slider-full":["https:\/\/fmamiga909.com.ar\/wp-content\/uploads\/2025\/06\/wp-header-logo-148.png",960,540,false],"newsium-featured":["https:\/\/fmamiga909.com.ar\/wp-content\/uploads\/2025\/06\/wp-header-logo-148.png",960,540,false],"newsium-medium":["https:\/\/fmamiga909.com.ar\/wp-content\/uploads\/2025\/06\/wp-header-logo-148-720x475.png",720,475,true]},"author_info":{"display_name":"Fredy Giuliano","author_link":"https:\/\/fmamiga909.com.ar\/?author=3"},"category_info":"<a href=\"https:\/\/fmamiga909.com.ar\/?cat=21\" rel=\"category\">Deportes<\/a>","tag_info":"Deportes","comment_count":"0","_links":{"self":[{"href":"https:\/\/fmamiga909.com.ar\/index.php?rest_route=\/wp\/v2\/posts\/21579","targetHints":{"allow":["GET"]}}],"collection":[{"href":"https:\/\/fmamiga909.com.ar\/index.php?rest_route=\/wp\/v2\/posts"}],"about":[{"href":"https:\/\/fmamiga909.com.ar\/index.php?rest_route=\/wp\/v2\/types\/post"}],"author":[{"embeddable":true,"href":"https:\/\/fmamiga909.com.ar\/index.php?rest_route=\/wp\/v2\/users\/3"}],"replies":[{"embeddable":true,"href":"https:\/\/fmamiga909.com.ar\/index.php?rest_route=%2Fwp%2Fv2%2Fcomments&post=21579"}],"version-history":[{"count":0,"href":"https:\/\/fmamiga909.com.ar\/index.php?rest_route=\/wp\/v2\/posts\/21579\/revisions"}],"wp:featuredmedia":[{"embeddable":true,"href":"https:\/\/fmamiga909.com.ar\/index.php?rest_route=\/wp\/v2\/media\/21580"}],"wp:attachment":[{"href":"https:\/\/fmamiga909.com.ar\/index.php?rest_route=%2Fwp%2Fv2%2Fmedia&parent=21579"}],"wp:term":[{"taxonomy":"category","embeddable":true,"href":"https:\/\/fmamiga909.com.ar\/index.php?rest_route=%2Fwp%2Fv2%2Fcategories&post=21579"},{"taxonomy":"post_tag","embeddable":true,"href":"https:\/\/fmamiga909.com.ar\/index.php?rest_route=%2Fwp%2Fv2%2Ftags&post=21579"}],"curies":[{"name":"wp","href":"https:\/\/api.w.org\/{rel}","templated":true}]}}