{"id":21591,"date":"2025-06-12T22:28:08","date_gmt":"2025-06-12T22:28:08","guid":{"rendered":"https:\/\/fmamiga909.com.ar\/?p=21591"},"modified":"2025-06-12T22:28:08","modified_gmt":"2025-06-12T22:28:08","slug":"ayrton-costa-finalmente-no-viajara-al-mundial-de-clubes","status":"publish","type":"post","link":"https:\/\/fmamiga909.com.ar\/?p=21591","title":{"rendered":"Ayrton Costa finalmente no viajar\u00e1 al Mundial de Clubes\u00a0"},"content":{"rendered":"<div><!-- Body --><\/p>\n<p>Boca recibi\u00f3 este jueves la confirmaci\u00f3n oficial de que Ayrton Costa no podr\u00e1 formar parte del plantel que disputar\u00e1 el Mundial de Clubes 2025 en Estados Unidos. El defensor zurdo no consigui\u00f3 la visa de ingreso al pa\u00eds norteamericano debido a antecedentes judiciales que complican su situaci\u00f3n migratoria. <\/p>\n<p>El club hab\u00eda elevado un pedido especial a la FIFA para intentar destrabar el ingreso del jugador bajo car\u00e1cter de \u00abtrabajo temporal\u00bb por competencia internacional, pero ni siquiera esa gesti\u00f3n logr\u00f3 revertir la negativa.<\/p>\n<p>La historia no es nueva, ya que en 2023, cuando Costa vest\u00eda la camiseta de Independiente, se perdi\u00f3 una gira por EE.UU. por el mismo motivo. La ra\u00edz del problema est\u00e1 en dos causas judiciales: una probation por robo calificado en 2018 -en la que fue beneficiado sin llegar a juicio- y su aparici\u00f3n como supuesto encubridor en un expediente de femicidio, donde su hermano figura como principal acusado. <\/p>\n<p>Aunque no fue condenado, estos antecedentes pesaron en los filtros migratorios del Departamento de Estado, que desestim\u00f3 el permiso en dos oportunidades.<\/p>\n<p>Boca hab\u00eda evaluado esta dificultad desde el momento en que decidi\u00f3 incorporarlo a comienzos de a\u00f1o. Sin embargo, esperaban que, trat\u00e1ndose de un torneo de car\u00e1cter internacional y con la intervenci\u00f3n de la FIFA, existiera alguna v\u00eda para asegurar su participaci\u00f3n. <\/p>\n<p>La negativa oficial lleg\u00f3 este jueves y termin\u00f3 con las ilusiones de Costa y del cuerpo t\u00e9cnico que encabeza Miguel Angel Russo, que ahora deber\u00e1 ajustar su defensa con otras opciones disponibles.<\/p>\n<p>Con la baja de Costa, Boca queda con menos variantes. Marcos Rojo aparece como la principal y casi \u00fanica alternativa para ocupar la zaga izquierda, mientras que Marco Pellegrino -quien arrastra un desgarro- y el juvenil Mateo Mend\u00eda completan las opciones. <\/p>\n<p>El Xeneize debutar\u00e1 en el certamen el pr\u00f3ximo lunes a partir de las 19 ante el Benfica, donde ser\u00e1 el debut del tercer ciclo de Russo en el club.<\/p>\n<p><!-- Live Blog Post --><\/div>\n<p><a href=\"https:\/\/www.pagina12.com.ar\/833554-ayrton-costa-finalmente-no-viajara-al-mundial-de-clubes\">source<\/a><\/p>\n","protected":false},"excerpt":{"rendered":"<p>Boca recibi\u00f3 este jueves la confirmaci\u00f3n oficial de que Ayrton Costa no podr\u00e1 formar parte&#8230;<\/p>\n","protected":false},"author":3,"featured_media":21592,"comment_status":"closed","ping_status":"closed","sticky":false,"template":"","format":"standard","meta":{"footnotes":""},"categories":[21],"tags":[],"class_list":["post-21591","post","type-post","status-publish","format-standard","has-post-thumbnail","hentry","category-deportes"],"featured_image_urls":{"full":["https:\/\/fmamiga909.com.ar\/wp-content\/uploads\/2025\/06\/wp-header-logo-154.png",960,540,false],"thumbnail":["https:\/\/fmamiga909.com.ar\/wp-content\/uploads\/2025\/06\/wp-header-logo-154-150x150.png",150,150,true],"medium":["https:\/\/fmamiga909.com.ar\/wp-content\/uploads\/2025\/06\/wp-header-logo-154-300x169.png",300,169,true],"medium_large":["https:\/\/fmamiga909.com.ar\/wp-content\/uploads\/2025\/06\/wp-header-logo-154.png",960,540,false],"large":["https:\/\/fmamiga909.com.ar\/wp-content\/uploads\/2025\/06\/wp-header-logo-154.png",640,360,false],"1536x1536":["https:\/\/fmamiga909.com.ar\/wp-content\/uploads\/2025\/06\/wp-header-logo-154.png",960,540,false],"2048x2048":["https:\/\/fmamiga909.com.ar\/wp-content\/uploads\/2025\/06\/wp-header-logo-154.png",960,540,false],"newsium-slider-full":["https:\/\/fmamiga909.com.ar\/wp-content\/uploads\/2025\/06\/wp-header-logo-154.png",960,540,false],"newsium-featured":["https:\/\/fmamiga909.com.ar\/wp-content\/uploads\/2025\/06\/wp-header-logo-154.png",960,540,false],"newsium-medium":["https:\/\/fmamiga909.com.ar\/wp-content\/uploads\/2025\/06\/wp-header-logo-154-720x475.png",720,475,true]},"author_info":{"display_name":"Fredy Giuliano","author_link":"https:\/\/fmamiga909.com.ar\/?author=3"},"category_info":"<a href=\"https:\/\/fmamiga909.com.ar\/?cat=21\" rel=\"category\">Deportes<\/a>","tag_info":"Deportes","comment_count":"0","_links":{"self":[{"href":"https:\/\/fmamiga909.com.ar\/index.php?rest_route=\/wp\/v2\/posts\/21591","targetHints":{"allow":["GET"]}}],"collection":[{"href":"https:\/\/fmamiga909.com.ar\/index.php?rest_route=\/wp\/v2\/posts"}],"about":[{"href":"https:\/\/fmamiga909.com.ar\/index.php?rest_route=\/wp\/v2\/types\/post"}],"author":[{"embeddable":true,"href":"https:\/\/fmamiga909.com.ar\/index.php?rest_route=\/wp\/v2\/users\/3"}],"replies":[{"embeddable":true,"href":"https:\/\/fmamiga909.com.ar\/index.php?rest_route=%2Fwp%2Fv2%2Fcomments&post=21591"}],"version-history":[{"count":0,"href":"https:\/\/fmamiga909.com.ar\/index.php?rest_route=\/wp\/v2\/posts\/21591\/revisions"}],"wp:featuredmedia":[{"embeddable":true,"href":"https:\/\/fmamiga909.com.ar\/index.php?rest_route=\/wp\/v2\/media\/21592"}],"wp:attachment":[{"href":"https:\/\/fmamiga909.com.ar\/index.php?rest_route=%2Fwp%2Fv2%2Fmedia&parent=21591"}],"wp:term":[{"taxonomy":"category","embeddable":true,"href":"https:\/\/fmamiga909.com.ar\/index.php?rest_route=%2Fwp%2Fv2%2Fcategories&post=21591"},{"taxonomy":"post_tag","embeddable":true,"href":"https:\/\/fmamiga909.com.ar\/index.php?rest_route=%2Fwp%2Fv2%2Ftags&post=21591"}],"curies":[{"name":"wp","href":"https:\/\/api.w.org\/{rel}","templated":true}]}}