{"id":21599,"date":"2025-06-13T15:00:54","date_gmt":"2025-06-13T15:00:54","guid":{"rendered":"https:\/\/fmamiga909.com.ar\/?p=21599"},"modified":"2025-06-13T15:00:54","modified_gmt":"2025-06-13T15:00:54","slug":"mundial-de-clubes-riquelme-llego-a-miami-para-sumarse-a-la-delegacion-de-boca","status":"publish","type":"post","link":"https:\/\/fmamiga909.com.ar\/?p=21599","title":{"rendered":"Mundial de Clubes: Riquelme lleg\u00f3 a Miami para sumarse a la delegaci\u00f3n de Boca"},"content":{"rendered":"<div><!-- Body --><\/p>\n<p>El presidente de Boca, Juan Rom\u00e1n Riquelme, lleg\u00f3 este viernes a la ciudad estadounidense de Miami para sumarse a la delegaci\u00f3n del club de La Ribera, lo hizo junto a los refuerzos Malcom Braida y Marco Pellegrino y asegur\u00f3 que est\u00e1 ilusionado con el retorno de Leandro Paredes.<\/p>\n<p>El dirigente boquense arrib\u00f3 a Miami para estar presente junto al plantel de Boca que el lunes debutar\u00e1 en el Mundial de Clubes ante el Benfica en el Hard Rock stadium y aprovech\u00f3 para hablar de las negociaciones para que el mediocampista campe\u00f3n del mundo Leandro Paredes retorne a Boca: \u00abHablamos seguido. Tengo la suerte de tener una relaci\u00f3n con \u00e9l desde siempre. La realidad es que de mi parte tenemos mucha ilusi\u00f3n, tenemos ganas de contar con \u00e9l y lo sabe y que las puertas del club siempre van a estar abiertas\u00bb, dijo el Riquelme, y agreg\u00f3: \u00abLa ilusi\u00f3n m\u00eda es m\u00e1s grande que la ten\u00eda en enero. Vamos a tener chances de contar con \u00e9l y ojal\u00e1 a la vuelta del Mundial de Clubes lo podamos tener en el club\u00bb.<\/p>\n<p>En paralelo, el presidente de Boca habl\u00f3 sobre el rechazo de la visa a Ayrton Costa, motivo por el cual el defensor no puede participar del Mundial de Clubes: \u00abSiempre vamos a tener la ilusi\u00f3n. Ojal\u00e1 que s\u00ed, el estaba muy ilusionado. Ayer cuando le dijeron que ten\u00eda que esperar un poquito m\u00e1s quedo un poco golpeado pero nosotros tendremos la ilusi\u00f3n de que pueda viajar y de que pueda estar con el equipo\u00bb. <\/p>\n<p>Sobre la competencia en s\u00ed, Riquelme asegur\u00f3: \u00abEstamos felices y con mucha ilusi\u00f3n. Estamos contentos con el plantel que tenemos y los jugadores que se han incorporado\u00bb.<\/p>\n<p><!-- Live Blog Post --><\/div>\n<p><a href=\"https:\/\/www.pagina12.com.ar\/833753-mundial-de-clubes-riquelme-llego-a-miami-para-sumarse-a-la-d\">source<\/a><\/p>\n","protected":false},"excerpt":{"rendered":"<p>El presidente de Boca, Juan Rom\u00e1n Riquelme, lleg\u00f3 este viernes a la ciudad estadounidense de&#8230;<\/p>\n","protected":false},"author":3,"featured_media":21600,"comment_status":"closed","ping_status":"closed","sticky":false,"template":"","format":"standard","meta":{"footnotes":""},"categories":[21],"tags":[],"class_list":["post-21599","post","type-post","status-publish","format-standard","has-post-thumbnail","hentry","category-deportes"],"featured_image_urls":{"full":["https:\/\/fmamiga909.com.ar\/wp-content\/uploads\/2025\/06\/wp-header-logo-158.png",960,540,false],"thumbnail":["https:\/\/fmamiga909.com.ar\/wp-content\/uploads\/2025\/06\/wp-header-logo-158-150x150.png",150,150,true],"medium":["https:\/\/fmamiga909.com.ar\/wp-content\/uploads\/2025\/06\/wp-header-logo-158-300x169.png",300,169,true],"medium_large":["https:\/\/fmamiga909.com.ar\/wp-content\/uploads\/2025\/06\/wp-header-logo-158.png",960,540,false],"large":["https:\/\/fmamiga909.com.ar\/wp-content\/uploads\/2025\/06\/wp-header-logo-158.png",640,360,false],"1536x1536":["https:\/\/fmamiga909.com.ar\/wp-content\/uploads\/2025\/06\/wp-header-logo-158.png",960,540,false],"2048x2048":["https:\/\/fmamiga909.com.ar\/wp-content\/uploads\/2025\/06\/wp-header-logo-158.png",960,540,false],"newsium-slider-full":["https:\/\/fmamiga909.com.ar\/wp-content\/uploads\/2025\/06\/wp-header-logo-158.png",960,540,false],"newsium-featured":["https:\/\/fmamiga909.com.ar\/wp-content\/uploads\/2025\/06\/wp-header-logo-158.png",960,540,false],"newsium-medium":["https:\/\/fmamiga909.com.ar\/wp-content\/uploads\/2025\/06\/wp-header-logo-158-720x475.png",720,475,true]},"author_info":{"display_name":"Fredy Giuliano","author_link":"https:\/\/fmamiga909.com.ar\/?author=3"},"category_info":"<a href=\"https:\/\/fmamiga909.com.ar\/?cat=21\" rel=\"category\">Deportes<\/a>","tag_info":"Deportes","comment_count":"0","_links":{"self":[{"href":"https:\/\/fmamiga909.com.ar\/index.php?rest_route=\/wp\/v2\/posts\/21599","targetHints":{"allow":["GET"]}}],"collection":[{"href":"https:\/\/fmamiga909.com.ar\/index.php?rest_route=\/wp\/v2\/posts"}],"about":[{"href":"https:\/\/fmamiga909.com.ar\/index.php?rest_route=\/wp\/v2\/types\/post"}],"author":[{"embeddable":true,"href":"https:\/\/fmamiga909.com.ar\/index.php?rest_route=\/wp\/v2\/users\/3"}],"replies":[{"embeddable":true,"href":"https:\/\/fmamiga909.com.ar\/index.php?rest_route=%2Fwp%2Fv2%2Fcomments&post=21599"}],"version-history":[{"count":0,"href":"https:\/\/fmamiga909.com.ar\/index.php?rest_route=\/wp\/v2\/posts\/21599\/revisions"}],"wp:featuredmedia":[{"embeddable":true,"href":"https:\/\/fmamiga909.com.ar\/index.php?rest_route=\/wp\/v2\/media\/21600"}],"wp:attachment":[{"href":"https:\/\/fmamiga909.com.ar\/index.php?rest_route=%2Fwp%2Fv2%2Fmedia&parent=21599"}],"wp:term":[{"taxonomy":"category","embeddable":true,"href":"https:\/\/fmamiga909.com.ar\/index.php?rest_route=%2Fwp%2Fv2%2Fcategories&post=21599"},{"taxonomy":"post_tag","embeddable":true,"href":"https:\/\/fmamiga909.com.ar\/index.php?rest_route=%2Fwp%2Fv2%2Ftags&post=21599"}],"curies":[{"name":"wp","href":"https:\/\/api.w.org\/{rel}","templated":true}]}}