{"id":21613,"date":"2025-06-13T21:16:23","date_gmt":"2025-06-13T21:16:23","guid":{"rendered":"https:\/\/fmamiga909.com.ar\/?p=21613"},"modified":"2025-06-13T21:16:23","modified_gmt":"2025-06-13T21:16:23","slug":"novak-djokovic-nunca-fui-tan-querido-como-nadal-y-federer","status":"publish","type":"post","link":"https:\/\/fmamiga909.com.ar\/?p=21613","title":{"rendered":"Novak Djokovic:\u00a0&quot;Nunca fui tan querido como Nadal y Federer&quot;"},"content":{"rendered":"<div><!-- Body --><\/p>\n<p><b>Novak Djokovic repas\u00f3<\/b> en una entrevista con la edici\u00f3n alemana de <i>20 minutos<\/i>\u00a0<b>su relaci\u00f3n con Rafael Nadal y Roger Federer<\/b>, y c\u00f3mo afect\u00f3 al mundo del tenis su irrupci\u00f3n a partir de 2007, que en gran parte repercuti\u00f3 en la rivalidad entre el espa\u00f1ol y el suizo, <b>quienes por a\u00f1os mantuvieron una estrecha relaci\u00f3n.<\/b><\/p>\n<p><b>\u00abNunca fui tan querido como ellos&#8230;<\/b> (por Nadal y Federer). Siempre he intentado vivir con coraz\u00f3n y buenas intenciones y, en definitiva, ser yo mismo&#8230; <b>Me sent\u00ed como un ni\u00f1o no deseado. Me pregunt\u00e9 por qu\u00e9. Me doli\u00f3\u00bb<\/b>, record\u00f3 en <i>Failures of\u00a0 <\/i><i>Champions<\/i><i>\u00a0<\/i>cuando comenzaba a imponerse con cierta contundencia al espa\u00f1ol y al helv\u00e9tico. Y a\u00f1adi\u00f3: <b>\u00abLuego pens\u00e9 que la afici\u00f3n me aceptar\u00eda si actuaba de otra manera. Pero tampoco fue as\u00ed\u00bb.\u00a0<\/b><\/p>\n<p>El serbio subray\u00f3: <b>\u00abNo se supon\u00eda que estuviera ah\u00ed. Era el peque\u00f1o, el tercero que lleg\u00f3 y dijo: &#8216;Voy a ser el n\u00famero uno&#8217;. A mucha gente no le gust\u00f3 eso\u00bb.<\/b><\/p>\n<p><span>Por otra parte, <b>Nole confirm\u00f3 que su relaci\u00f3n con ambos, por motivos deportivos<\/b> y de pura rivalidad, <b>fue \u00abfr\u00eda\u00bb<\/b>, pero nunca por problemas ni otros aspectos personales: \u00abQue alguien sea mi mayor rival no significa que le desee el mal, lo odie o quiera hacer cualquier otra cosa en la cancha para derrotarlo. <b>Luchamos por la victoria<\/b>, y gan\u00f3 el mejor jugador.<b> Siempre he respetado a Federer y a Nadal<\/b>; nunca he dicho una sola palabra mala sobre ellos y nunca lo har\u00e9. <\/span><span><b>Los admiraba y todav\u00eda lo hago. Pero siempre me he llevado mejor con Nadal<\/b><\/span><span><b>\u00ab<\/b>, puntualiz\u00f3.<\/span><\/p>\n<p><span>Sin un Grand Slam desde el US Open 2023, <b>Nole afronta a su manera la recta final de una carrera que es\u00a0<\/b><\/span><span><b>la mejor en la historia del tenis<\/b><\/span><span><b>: 24 Grand Slams, 40 Masters, oro ol\u00edmpico y 100 t\u00edtulos ATP.<\/b> En Wimbledon podr\u00eda competir su \u00faltima final, donde en 2024 cay\u00f3 ante Carlos Alcaraz.<\/span><\/p>\n<p><!-- Live Blog Post --><\/div>\n<p><a href=\"https:\/\/www.pagina12.com.ar\/833885-novak-djokovic-nunca-fui-tan-querido-como-nadal-y-federer\">source<\/a><\/p>\n","protected":false},"excerpt":{"rendered":"<p>Novak Djokovic repas\u00f3 en una entrevista con la edici\u00f3n alemana de 20 minutos\u00a0su relaci\u00f3n con&#8230;<\/p>\n","protected":false},"author":3,"featured_media":21614,"comment_status":"closed","ping_status":"closed","sticky":false,"template":"","format":"standard","meta":{"footnotes":""},"categories":[21],"tags":[],"class_list":["post-21613","post","type-post","status-publish","format-standard","has-post-thumbnail","hentry","category-deportes"],"featured_image_urls":{"full":["https:\/\/fmamiga909.com.ar\/wp-content\/uploads\/2025\/06\/wp-header-logo-165.png",960,540,false],"thumbnail":["https:\/\/fmamiga909.com.ar\/wp-content\/uploads\/2025\/06\/wp-header-logo-165-150x150.png",150,150,true],"medium":["https:\/\/fmamiga909.com.ar\/wp-content\/uploads\/2025\/06\/wp-header-logo-165-300x169.png",300,169,true],"medium_large":["https:\/\/fmamiga909.com.ar\/wp-content\/uploads\/2025\/06\/wp-header-logo-165.png",960,540,false],"large":["https:\/\/fmamiga909.com.ar\/wp-content\/uploads\/2025\/06\/wp-header-logo-165.png",640,360,false],"1536x1536":["https:\/\/fmamiga909.com.ar\/wp-content\/uploads\/2025\/06\/wp-header-logo-165.png",960,540,false],"2048x2048":["https:\/\/fmamiga909.com.ar\/wp-content\/uploads\/2025\/06\/wp-header-logo-165.png",960,540,false],"newsium-slider-full":["https:\/\/fmamiga909.com.ar\/wp-content\/uploads\/2025\/06\/wp-header-logo-165.png",960,540,false],"newsium-featured":["https:\/\/fmamiga909.com.ar\/wp-content\/uploads\/2025\/06\/wp-header-logo-165.png",960,540,false],"newsium-medium":["https:\/\/fmamiga909.com.ar\/wp-content\/uploads\/2025\/06\/wp-header-logo-165-720x475.png",720,475,true]},"author_info":{"display_name":"Fredy Giuliano","author_link":"https:\/\/fmamiga909.com.ar\/?author=3"},"category_info":"<a href=\"https:\/\/fmamiga909.com.ar\/?cat=21\" rel=\"category\">Deportes<\/a>","tag_info":"Deportes","comment_count":"0","_links":{"self":[{"href":"https:\/\/fmamiga909.com.ar\/index.php?rest_route=\/wp\/v2\/posts\/21613","targetHints":{"allow":["GET"]}}],"collection":[{"href":"https:\/\/fmamiga909.com.ar\/index.php?rest_route=\/wp\/v2\/posts"}],"about":[{"href":"https:\/\/fmamiga909.com.ar\/index.php?rest_route=\/wp\/v2\/types\/post"}],"author":[{"embeddable":true,"href":"https:\/\/fmamiga909.com.ar\/index.php?rest_route=\/wp\/v2\/users\/3"}],"replies":[{"embeddable":true,"href":"https:\/\/fmamiga909.com.ar\/index.php?rest_route=%2Fwp%2Fv2%2Fcomments&post=21613"}],"version-history":[{"count":0,"href":"https:\/\/fmamiga909.com.ar\/index.php?rest_route=\/wp\/v2\/posts\/21613\/revisions"}],"wp:featuredmedia":[{"embeddable":true,"href":"https:\/\/fmamiga909.com.ar\/index.php?rest_route=\/wp\/v2\/media\/21614"}],"wp:attachment":[{"href":"https:\/\/fmamiga909.com.ar\/index.php?rest_route=%2Fwp%2Fv2%2Fmedia&parent=21613"}],"wp:term":[{"taxonomy":"category","embeddable":true,"href":"https:\/\/fmamiga909.com.ar\/index.php?rest_route=%2Fwp%2Fv2%2Fcategories&post=21613"},{"taxonomy":"post_tag","embeddable":true,"href":"https:\/\/fmamiga909.com.ar\/index.php?rest_route=%2Fwp%2Fv2%2Ftags&post=21613"}],"curies":[{"name":"wp","href":"https:\/\/api.w.org\/{rel}","templated":true}]}}