{"id":21615,"date":"2025-06-13T21:24:18","date_gmt":"2025-06-13T21:24:18","guid":{"rendered":"https:\/\/fmamiga909.com.ar\/?p=21615"},"modified":"2025-06-13T21:24:18","modified_gmt":"2025-06-13T21:24:18","slug":"mundial-de-clubes-boca-completo-el-album-en-miami","status":"publish","type":"post","link":"https:\/\/fmamiga909.com.ar\/?p=21615","title":{"rendered":"Mundial de Clubes: Boca complet\u00f3 el \u00e1lbum en Miami"},"content":{"rendered":"<div><!-- Body --><\/p>\n<p><b>El presidente de Boca, Juan Rom\u00e1n Riquelme, lleg\u00f3 este viernes a Miami<\/b> para sumarse a la delegaci\u00f3n xeneize junto a los refuerzos Malcom Braida y Marco Pellegrino y asegur\u00f3 que est\u00e1 ilusionado con el casi asegurado retorno de <b>Leandro Paredes<\/b>.<\/p>\n<p>\u00abHablamos seguido. Tengo la suerte de tener una relaci\u00f3n con \u00e9l desde siempre. La realidad es que de mi parte tenemos mucha ilusi\u00f3n, tenemos ganas de contar con \u00e9l y lo sabe y que las puertas del club siempre van a estar abiertas. <b>La ilusi\u00f3n m\u00eda es m\u00e1s grande que la ten\u00eda en enero. Vamos a tener chances de contar con \u00e9l y ojal\u00e1 a la vuelta del Mundial de Clubes lo podamos tener en el club\u00bb, expres\u00f3 <\/b>el dirigente, quien dir\u00e1 presente en las tribunas del Hard Rock Stadium el lunes para ver el debut contra Benfica.<\/p>\n<p>Sobre la competencia en s\u00ed, Riquelme asegur\u00f3: \u00abEstamos felices y con mucha ilusi\u00f3n. <b>Estamos contentos con el plantel que tenemos y los jugadores que se han incorporado\u00bb<\/b>.<\/p>\n<div class=\"iframely-embed medium-embedded-content\" data-html=\"Jmx0O2Jsb2NrcXVvdGUgY2xhc3M9InR3aXR0ZXItdHdlZXQiIGRhdGEtZG50PSJ0cnVlIiBhbGlnbj0iY2VudGVyIiZndDsmbHQ7cCBsYW5nPSJlcyIgZGlyPSJsdHIiJmd0O0VxdWlwbyBjb21wbGV0byDinIUgc2UgdmllbmUgbG8gbcOhcyBsaW5kbyDinqHvuI8gJmx0O2EgaHJlZj0iaHR0cHM6Ly90d2l0dGVyLmNvbS9GSUZBQ1dDP3JlZl9zcmM9dHdzcmMlNUV0ZnciJmd0O0BGSUZBQ1dDJmx0Oy9hJmd0OyZsdDthIGhyZWY9Imh0dHBzOi8vdHdpdHRlci5jb20vaGFzaHRhZy9GSUZBQ1dDP3NyYz1oYXNoJmFtcDthbXA7cmVmX3NyYz10d3NyYyU1RXRmdyImZ3Q7I0ZJRkFDV0MmbHQ7L2EmZ3Q7ICZsdDthIGhyZWY9Imh0dHBzOi8vdHdpdHRlci5jb20vaGFzaHRhZy9UYWtlbHRUb1RoZVdvcmxkP3NyYz1oYXNoJmFtcDthbXA7cmVmX3NyYz10d3NyYyU1RXRmdyImZ3Q7I1Rha2VsdFRvVGhlV29ybGQmbHQ7L2EmZ3Q7ICZsdDthIGhyZWY9Imh0dHBzOi8vdC5jby9mMnFlR2NmandrIiZndDtwaWMudHdpdHRlci5jb20vZjJxZUdjZmp3ayZsdDsvYSZndDsmbHQ7L3AmZ3Q7JmFtcDttZGFzaDsgQm9jYSBKdW5pb3JzIChAQm9jYUpyc09maWNpYWwpICZsdDthIGhyZWY9Imh0dHBzOi8vdHdpdHRlci5jb20vQm9jYUpyc09maWNpYWwvc3RhdHVzLzE5MzM1NDYwMTgwODUyMDAyNDA\/cmVmX3NyYz10d3NyYyU1RXRmdyImZ3Q7SnVuZSAxMywgMjAyNSZsdDsvYSZndDsmbHQ7L2Jsb2NrcXVvdGUmZ3Q7CiZsdDtzY3JpcHQgYXN5bmMgc3JjPSJodHRwczovL3BsYXRmb3JtLnR3aXR0ZXIuY29tL3dpZGdldHMuanMiIGNoYXJzZXQ9InV0Zi04IiZndDsmbHQ7L3NjcmlwdCZndDsKCiZsdDtkaXYgY2xhc3M9Im1lZGl1bS1pbnNlcnQtZW1iZWRzLW1ldGEiJmd0OyZsdDtzY3JpcHQgdHlwZT0idGV4dC9qc29uIiZndDt7InVybCI6Imh0dHBzOi8vdHdpdHRlci5jb20vQm9jYUpyc09maWNpYWwvc3RhdHVzLzE5MzM1NDYwMTgwODUyMDAyNDAiLCJ0eXBlIjoicmljaCIsInZlcnNpb24iOiIxLjAiLCJ0aXRsZSI6IkJvY2EgSnVuaW9ycyBvbiBUd2l0dGVyIC8gWCIsImF1dGhvciI6IkJvY2EgSnVuaW9ycyIsImF1dGhvcl91cmwiOiJodHRwczovL3R3aXR0ZXIuY29tL0JvY2FKcnNPZmljaWFsIiwicHJvdmlkZXJfbmFtZSI6IlR3aXR0ZXIiLCJkZXNjcmlwdGlvbiI6IkVxdWlwbyBjb21wbGV0byDinIUgc2UgdmllbmUgbG8gbcOhcyBsaW5kbyDinqHvuI8gQEZJRkFDV0MjRklGQUNXQyAjVGFrZWx0VG9UaGVXb3JsZCBwaWMudHdpdHRlci5jb20vZjJxZUdjZmp3a+KAlCBCb2NhIEp1bmlvcnMgKEBCb2NhSnJzT2ZpY2lhbCkgSnVuZSAxMywgMjAyNVxuXG5cbiIsInRodW1ibmFpbF91cmwiOiJodHRwczovL3Bicy50d2ltZy5jb20vYW1wbGlmeV92aWRlb190aHVtYi8xOTMzNTQ0OTMyNDczNTI0MjI0L2ltZy9CM3BfM0d2LUNHc194aE9tLmpwZzpsYXJnZSIsInRodW1ibmFpbF93aWR0aCI6MTkyMCwidGh1bWJuYWlsX2hlaWdodCI6MTA4MCwiY2FjaGVfYWdlIjo4NjQwMCwib3B0aW9ucyI6eyJfaGlkZV9tZWRpYSI6eyJsYWJlbCI6IkhpZGUgcGhvdG9zLCB2aWRlb3MsIGFuZCBjYXJkcyIsInZhbHVlIjpmYWxzZX0sIl90aGVtZSI6eyJ2YWx1ZSI6IiIsInZhbHVlcyI6eyJkYXJrIjoiVXNlIGRhcmsgdGhlbWUifX0sIl9tYXh3aWR0aCI6eyJ2YWx1ZSI6IiIsImxhYmVsIjoiQWRqdXN0IHdpZHRoIiwicGxhY2Vob2xkZXIiOiIyMjAtNTUwLCBpbiBweCJ9fX0mbHQ7L3NjcmlwdCZndDsmbHQ7L2RpdiZndDs=\">\n                <a data-iframely-url=\"\" href=\"https:\/\/twitter.com\/BocaJrsOficial\/status\/1933546018085200240\">https:\/\/twitter.com\/BocaJrsOficial\/status\/1933546018085200240<\/a>\n              <\/div>\n<p>Mientras tanto, <b>Boca recibi\u00f3 con alegr\u00eda la aprobaci\u00f3n de la visa estadounidense para el defensor Ayrton Costa<\/b>, cosa que parec\u00eda completamente descartada.<\/p>\n<p>Seg\u00fan trascendi\u00f3, el central complet\u00f3 nuevamente el formulario correspondiente, <b>corrigi\u00f3 un dato err\u00f3neo que hab\u00eda proporcionado<\/b> en el tr\u00e1mite anterior y recibi\u00f3 la aprobaci\u00f3n de \u00faltimo momento. Con la documentaci\u00f3n en regla, Costa emprender\u00e1 viaje este viernes por la noche hacia el norte para sumarse a la delegaci\u00f3n.<\/p>\n<h2>\u00bfQu\u00e9 hab\u00eda pasado con Ayrton Costa?<\/h2>\n<p>Boca hab\u00eda recibido este jueves la confirmaci\u00f3n oficial de que Costa no podr\u00eda formar parte del plantel que disputar\u00e1 el Mundial de Clubes en Estados Unidos porque el defensor zurdo no hab\u00eda conseguido la visa de ingreso al pa\u00eds norteamericano, debido a <b>antecedentes judiciales que complican su situaci\u00f3n migratoria<\/b>.<\/p>\n<p>El club hab\u00eda elevado u<b>n pedido especial a la FIFA para intentar destrabar el ingreso<\/b> del jugador bajo car\u00e1cter de \u201ctrabajo temporal\u201d por competencia internacional, pero ni siquiera esa gesti\u00f3n logr\u00f3 revertir la negativa.<\/p>\n<p>La historia no es nueva, ya que en 2023, cuando Costa vest\u00eda la camiseta de Independiente, se perdi\u00f3 una gira por EEUU por el mismo motivo. La ra\u00edz del problema est\u00e1 en <b>dos causas judiciales<\/b>: una probation por robo calificado en 2018 -en la que fue beneficiado sin llegar a juicio- y su aparici\u00f3n como supuesto encubridor en un expediente de femicidio donde su hermano figura como principal acusado.<\/p>\n<p><!-- Live Blog Post --><\/div>\n<p><script async src=\"\/\/platform.twitter.com\/widgets.js\" charset=\"utf-8\"><\/script><br \/><a href=\"https:\/\/www.pagina12.com.ar\/833753-mundial-de-clubes-riquelme-llego-a-miami-para-sumarse-a-la-d\">source<\/a><\/p>\n","protected":false},"excerpt":{"rendered":"<p>El presidente de Boca, Juan Rom\u00e1n Riquelme, lleg\u00f3 este viernes a Miami para sumarse a&#8230;<\/p>\n","protected":false},"author":3,"featured_media":21616,"comment_status":"closed","ping_status":"closed","sticky":false,"template":"","format":"standard","meta":{"footnotes":""},"categories":[21],"tags":[],"class_list":["post-21615","post","type-post","status-publish","format-standard","has-post-thumbnail","hentry","category-deportes"],"featured_image_urls":{"full":["https:\/\/fmamiga909.com.ar\/wp-content\/uploads\/2025\/06\/wp-header-logo-166.png",960,540,false],"thumbnail":["https:\/\/fmamiga909.com.ar\/wp-content\/uploads\/2025\/06\/wp-header-logo-166-150x150.png",150,150,true],"medium":["https:\/\/fmamiga909.com.ar\/wp-content\/uploads\/2025\/06\/wp-header-logo-166-300x169.png",300,169,true],"medium_large":["https:\/\/fmamiga909.com.ar\/wp-content\/uploads\/2025\/06\/wp-header-logo-166.png",960,540,false],"large":["https:\/\/fmamiga909.com.ar\/wp-content\/uploads\/2025\/06\/wp-header-logo-166.png",640,360,false],"1536x1536":["https:\/\/fmamiga909.com.ar\/wp-content\/uploads\/2025\/06\/wp-header-logo-166.png",960,540,false],"2048x2048":["https:\/\/fmamiga909.com.ar\/wp-content\/uploads\/2025\/06\/wp-header-logo-166.png",960,540,false],"newsium-slider-full":["https:\/\/fmamiga909.com.ar\/wp-content\/uploads\/2025\/06\/wp-header-logo-166.png",960,540,false],"newsium-featured":["https:\/\/fmamiga909.com.ar\/wp-content\/uploads\/2025\/06\/wp-header-logo-166.png",960,540,false],"newsium-medium":["https:\/\/fmamiga909.com.ar\/wp-content\/uploads\/2025\/06\/wp-header-logo-166-720x475.png",720,475,true]},"author_info":{"display_name":"Fredy Giuliano","author_link":"https:\/\/fmamiga909.com.ar\/?author=3"},"category_info":"<a href=\"https:\/\/fmamiga909.com.ar\/?cat=21\" rel=\"category\">Deportes<\/a>","tag_info":"Deportes","comment_count":"0","_links":{"self":[{"href":"https:\/\/fmamiga909.com.ar\/index.php?rest_route=\/wp\/v2\/posts\/21615","targetHints":{"allow":["GET"]}}],"collection":[{"href":"https:\/\/fmamiga909.com.ar\/index.php?rest_route=\/wp\/v2\/posts"}],"about":[{"href":"https:\/\/fmamiga909.com.ar\/index.php?rest_route=\/wp\/v2\/types\/post"}],"author":[{"embeddable":true,"href":"https:\/\/fmamiga909.com.ar\/index.php?rest_route=\/wp\/v2\/users\/3"}],"replies":[{"embeddable":true,"href":"https:\/\/fmamiga909.com.ar\/index.php?rest_route=%2Fwp%2Fv2%2Fcomments&post=21615"}],"version-history":[{"count":0,"href":"https:\/\/fmamiga909.com.ar\/index.php?rest_route=\/wp\/v2\/posts\/21615\/revisions"}],"wp:featuredmedia":[{"embeddable":true,"href":"https:\/\/fmamiga909.com.ar\/index.php?rest_route=\/wp\/v2\/media\/21616"}],"wp:attachment":[{"href":"https:\/\/fmamiga909.com.ar\/index.php?rest_route=%2Fwp%2Fv2%2Fmedia&parent=21615"}],"wp:term":[{"taxonomy":"category","embeddable":true,"href":"https:\/\/fmamiga909.com.ar\/index.php?rest_route=%2Fwp%2Fv2%2Fcategories&post=21615"},{"taxonomy":"post_tag","embeddable":true,"href":"https:\/\/fmamiga909.com.ar\/index.php?rest_route=%2Fwp%2Fv2%2Ftags&post=21615"}],"curies":[{"name":"wp","href":"https:\/\/api.w.org\/{rel}","templated":true}]}}