{"id":21675,"date":"2025-06-15T15:51:29","date_gmt":"2025-06-15T15:51:29","guid":{"rendered":"https:\/\/fmamiga909.com.ar\/?p=21675"},"modified":"2025-06-15T15:51:29","modified_gmt":"2025-06-15T15:51:29","slug":"franco-colapinto-en-la-formula-1-por-el-gp-de-canada-la-carrera-minuto-a-minuto","status":"publish","type":"post","link":"https:\/\/fmamiga909.com.ar\/?p=21675","title":{"rendered":"Franco Colapinto en la F\u00f3rmula 1 por el GP de Canad\u00e1: la carrera, minuto a minuto"},"content":{"rendered":"<div id=\"post-1200\">\n<div class=\"col 2-col\">\n<h2>As\u00ed es el Circuito Gilles-Villeneuve de Montreal<\/h2>\n<p><b>El Gran Premio de Canad\u00e1 se corre en el Circuit Gilles-Villeneuve de Montreal<\/b>, ubicado en la isla artificial de Notre-Dame, situada en medio del r\u00edo San Lorenzo, la cual fue creada para la Expo Mundial 1967. Una vez que finalizaron la exposici\u00f3n y los subsiguientes Juegos Ol\u00edmpicos de 1976, se decidi\u00f3 convertir las carreteras de la isla en una pista de carreras.<\/p>\n<p><b>El Circuito Gilles-Villeneuve es de 4,361 kil\u00f3metros y se corren 70 vueltas, por lo que en total son 305,27 Kms de recorrido.<\/b> Es un circuito r\u00e1pido y de baja carga aerodin\u00e1mica, o sea que <b>tiene pocas curvas y largas rectas, lo que permite alcanzar altas velocidades y le da m\u00e1s importancia a la potencia del motor<\/b>. La propia F\u00f3rmula 1 lo define como \u00abuno de los favoritos de los pilotos\u00bb.\u00a0<\/p>\n<\/div>\n<\/div>\n<div id=\"post-1000\">\n<div class=\"col 2-col\">\n<h2>La ilusi\u00f3n de Colapinto para este domingo: \u00abSe puede llegar a los puntos\u00bb<\/h2>\n<p>El argentino tuvo un gran desempe\u00f1o en la qualy del GP de Canad\u00e1 (avanz\u00f3 a la Q2 y qued\u00f3 afuera de la Q3 por 139 mil\u00e9simas) y termin\u00f3 en el 12\u00b0 lugar, pero partir\u00e1 10\u00b0 en la grilla de la carrera por una penalizaci\u00f3n a Yuki Tsunoda y a Isack Hadjar.<\/p>\n<div class=\"iframely-embed medium-embedded-content\" data-html=\"Jmx0O2RpdiZndDsmbHQ7ZGl2IHN0eWxlPSJsZWZ0OiAwOyB3aWR0aDogMTAwJTsgaGVpZ2h0OiAwOyBwb3NpdGlvbjogcmVsYXRpdmU7IHBhZGRpbmctYm90dG9tOiA1Ni4wNDE3JTsiJmd0OyZsdDtpZnJhbWUgc3JjPSJodHRwczovL2lmcmFtZWx5LnBhZ2luYTEyLmNvbS5hci9hcGkvaWZyYW1lP2NsaWNrX3RvX3BsYXk9MSZhbXA7dXJsPWh0dHBzJTNBJTJGJTJGZ2VvLmRhaWx5bW90aW9uLmNvbSUyRnBsYXllciUyRnh0NWVlLmh0bWwlM0Z2aWRlbyUzRHg5bGRybzYmYW1wO2tleT00Njc2YjVmZGMwODMyNTdlYTg3ZjcxNjA4Yzc0ZTlmZSIgc3R5bGU9InRvcDogMDsgbGVmdDogMDsgd2lkdGg6IDEwMCU7IGhlaWdodDogMTAwJTsgcG9zaXRpb246IGFic29sdXRlOyBib3JkZXI6IDA7IiBhbGxvd2Z1bGxzY3JlZW4gc2Nyb2xsaW5nPSJubyIgYWxsb3c9ImVuY3J5cHRlZC1tZWRpYSAqOyImZ3Q7Jmx0Oy9pZnJhbWUmZ3Q7Jmx0Oy9kaXYmZ3Q7Jmx0Oy9kaXYmZ3Q7Jmx0O2RpdiBjbGFzcz0ibWVkaXVtLWluc2VydC1lbWJlZHMtbWV0YSImZ3Q7Jmx0O3NjcmlwdCB0eXBlPSJ0ZXh0L2pzb24iJmd0O3sidXJsIjoiaHR0cHM6Ly9nZW8uZGFpbHltb3Rpb24uY29tL3BsYXllci94dDVlZS5odG1sP3ZpZGVvPXg5bGRybzYiLCJ0eXBlIjoidmlkZW8iLCJ2ZXJzaW9uIjoiMS4wIiwidGl0bGUiOiJDb2xhcGludG8sIHRyYXMgbGEgcXVhbHkgZW4gQ2FuYWTDoTogXCJFc3RveSBjb250ZW50bywgbWUgc2VudMOtIGPDs21vZG8gY29uIGVsIGF1dG9cIiIsImF1dGhvciI6IlDDoWdpbmExMiIsImF1dGhvcl91cmwiOiJodHRwczovL3d3dy5kYWlseW1vdGlvbi5jb20vUGFnaW5hMTIiLCJwcm92aWRlcl9uYW1lIjoiRGFpbHltb3Rpb24iLCJkZXNjcmlwdGlvbiI6IlZlciBDb2xhcGludG8sIHRyYXMgbGEgcXVhbHkgZW4gQ2FuYWTDoTogXCJFc3RveSBjb250ZW50bywgbWUgc2VudMOtIGPDs21vZG8gY29uIGVsIGF1dG9cIiAtIFDDoWdpbmExMiBlbiBEYWlseW1vdGlvbiIsInRodW1ibmFpbF91cmwiOiJodHRwczovL3MyLmRtY2RuLm5ldC92L1lheVBNMWVKVXJrbW1wdUJ2L3g3MjAiLCJ0aHVtYm5haWxfd2lkdGgiOjEyODAsInRodW1ibmFpbF9oZWlnaHQiOjcyMCwiY2FjaGVfYWdlIjo4NjQwMH0mbHQ7L3NjcmlwdCZndDsmbHQ7L2RpdiZndDs=\">\n                <a data-iframely-url=\"\" href=\"https:\/\/geo.dailymotion.com\/player\/xt5ee.html?video=x9ldro6\">https:\/\/geo.dailymotion.com\/player\/xt5ee.html?video=x9ldro6<\/a>\n              <\/div>\n<p>\u00abEstoy contento, fue una buena qualy. Me senti c\u00f3modo con el auto, que era lo que no estaba encontrando. El equipo hizo un gran trabajo. A pesar de los momentos duros que pasamos, los ingenieros siguieron trabajando y se merecen esto\u00bb, manifest\u00f3 el piloto de Alpine.<\/p>\n<div class=\"iframely-embed medium-embedded-content\" data-html=\"Jmx0O2RpdiZndDsmbHQ7ZGl2IHN0eWxlPSJsZWZ0OiAwOyB3aWR0aDogMTAwJTsgaGVpZ2h0OiAwOyBwb3NpdGlvbjogcmVsYXRpdmU7IHBhZGRpbmctYm90dG9tOiA1Ni4wNDE3JTsiJmd0OyZsdDtpZnJhbWUgc3JjPSJodHRwczovL2lmcmFtZWx5LnBhZ2luYTEyLmNvbS5hci9hcGkvaWZyYW1lP2NsaWNrX3RvX3BsYXk9MSZhbXA7dXJsPWh0dHBzJTNBJTJGJTJGZ2VvLmRhaWx5bW90aW9uLmNvbSUyRnBsYXllciUyRnh0NWVlLmh0bWwlM0Z2aWRlbyUzRHg5bGRycjAmYW1wO2tleT00Njc2YjVmZGMwODMyNTdlYTg3ZjcxNjA4Yzc0ZTlmZSIgc3R5bGU9InRvcDogMDsgbGVmdDogMDsgd2lkdGg6IDEwMCU7IGhlaWdodDogMTAwJTsgcG9zaXRpb246IGFic29sdXRlOyBib3JkZXI6IDA7IiBhbGxvd2Z1bGxzY3JlZW4gc2Nyb2xsaW5nPSJubyIgYWxsb3c9ImVuY3J5cHRlZC1tZWRpYSAqOyImZ3Q7Jmx0Oy9pZnJhbWUmZ3Q7Jmx0Oy9kaXYmZ3Q7Jmx0Oy9kaXYmZ3Q7Jmx0O2RpdiBjbGFzcz0ibWVkaXVtLWluc2VydC1lbWJlZHMtbWV0YSImZ3Q7Jmx0O3NjcmlwdCB0eXBlPSJ0ZXh0L2pzb24iJmd0O3sidXJsIjoiaHR0cHM6Ly9nZW8uZGFpbHltb3Rpb24uY29tL3BsYXllci94dDVlZS5odG1sP3ZpZGVvPXg5bGRycjAiLCJ0eXBlIjoidmlkZW8iLCJ2ZXJzaW9uIjoiMS4wIiwidGl0bGUiOiJDb2xhcGludG8sIHRyYXMgbGEgcXVhbHkgZW4gQ2FuYWTDoTogXCJTZSBwdWVkZSBsbGVnYXIgYSBsb3MgcHVudG9zXCIiLCJhdXRob3IiOiJQw6FnaW5hMTIiLCJhdXRob3JfdXJsIjoiaHR0cHM6Ly93d3cuZGFpbHltb3Rpb24uY29tL1BhZ2luYTEyIiwicHJvdmlkZXJfbmFtZSI6IkRhaWx5bW90aW9uIiwiZGVzY3JpcHRpb24iOiJWZXIgQ29sYXBpbnRvLCB0cmFzIGxhIHF1YWx5IGVuIENhbmFkw6E6IFwiU2UgcHVlZGUgbGxlZ2FyIGEgbG9zIHB1bnRvc1wiIC0gUMOhZ2luYTEyIGVuIERhaWx5bW90aW9uIiwidGh1bWJuYWlsX3VybCI6Imh0dHBzOi8vczIuZG1jZG4ubmV0L3YvWWF5UXkxZUpVdG5vSGk2bkYveDcyMCIsInRodW1ibmFpbF93aWR0aCI6MTI4MCwidGh1bWJuYWlsX2hlaWdodCI6NzIwLCJjYWNoZV9hZ2UiOjg2NDAwfSZsdDsvc2NyaXB0Jmd0OyZsdDsvZGl2Jmd0Ow==\">\n                <a data-iframely-url=\"\" href=\"https:\/\/geo.dailymotion.com\/player\/xt5ee.html?video=x9ldrr0\">https:\/\/geo.dailymotion.com\/player\/xt5ee.html?video=x9ldrr0<\/a>\n              <\/div>\n<p>\u00abEra un momento importante para m\u00ed. Estoy contento de haber rendido bajo presi\u00f3n. Fue un gran trabajo de todos. Ahora hay que trabajar para la carrera de ma\u00f1ana. Creo que largando desde ese puesto, se puede llegar a los puntos\u00bb, anticip\u00f3 Colapinto.<\/p>\n<\/div>\n<\/div>\n<p><a href=\"https:\/\/www.pagina12.com.ar\/834272-franco-colapinto-en-la-formula-1-por-el-gp-de-canada-la-carr\">source<\/a><\/p>\n","protected":false},"excerpt":{"rendered":"<p>As\u00ed es el Circuito Gilles-Villeneuve de Montreal El Gran Premio de Canad\u00e1 se corre en&#8230;<\/p>\n","protected":false},"author":3,"featured_media":21676,"comment_status":"closed","ping_status":"closed","sticky":false,"template":"","format":"standard","meta":{"footnotes":""},"categories":[21],"tags":[],"class_list":["post-21675","post","type-post","status-publish","format-standard","has-post-thumbnail","hentry","category-deportes"],"featured_image_urls":{"full":["https:\/\/fmamiga909.com.ar\/wp-content\/uploads\/2025\/06\/wp-header-logo-188.png",960,540,false],"thumbnail":["https:\/\/fmamiga909.com.ar\/wp-content\/uploads\/2025\/06\/wp-header-logo-188-150x150.png",150,150,true],"medium":["https:\/\/fmamiga909.com.ar\/wp-content\/uploads\/2025\/06\/wp-header-logo-188-300x169.png",300,169,true],"medium_large":["https:\/\/fmamiga909.com.ar\/wp-content\/uploads\/2025\/06\/wp-header-logo-188.png",960,540,false],"large":["https:\/\/fmamiga909.com.ar\/wp-content\/uploads\/2025\/06\/wp-header-logo-188.png",640,360,false],"1536x1536":["https:\/\/fmamiga909.com.ar\/wp-content\/uploads\/2025\/06\/wp-header-logo-188.png",960,540,false],"2048x2048":["https:\/\/fmamiga909.com.ar\/wp-content\/uploads\/2025\/06\/wp-header-logo-188.png",960,540,false],"newsium-slider-full":["https:\/\/fmamiga909.com.ar\/wp-content\/uploads\/2025\/06\/wp-header-logo-188.png",960,540,false],"newsium-featured":["https:\/\/fmamiga909.com.ar\/wp-content\/uploads\/2025\/06\/wp-header-logo-188.png",960,540,false],"newsium-medium":["https:\/\/fmamiga909.com.ar\/wp-content\/uploads\/2025\/06\/wp-header-logo-188-720x475.png",720,475,true]},"author_info":{"display_name":"Fredy Giuliano","author_link":"https:\/\/fmamiga909.com.ar\/?author=3"},"category_info":"<a href=\"https:\/\/fmamiga909.com.ar\/?cat=21\" rel=\"category\">Deportes<\/a>","tag_info":"Deportes","comment_count":"0","_links":{"self":[{"href":"https:\/\/fmamiga909.com.ar\/index.php?rest_route=\/wp\/v2\/posts\/21675","targetHints":{"allow":["GET"]}}],"collection":[{"href":"https:\/\/fmamiga909.com.ar\/index.php?rest_route=\/wp\/v2\/posts"}],"about":[{"href":"https:\/\/fmamiga909.com.ar\/index.php?rest_route=\/wp\/v2\/types\/post"}],"author":[{"embeddable":true,"href":"https:\/\/fmamiga909.com.ar\/index.php?rest_route=\/wp\/v2\/users\/3"}],"replies":[{"embeddable":true,"href":"https:\/\/fmamiga909.com.ar\/index.php?rest_route=%2Fwp%2Fv2%2Fcomments&post=21675"}],"version-history":[{"count":0,"href":"https:\/\/fmamiga909.com.ar\/index.php?rest_route=\/wp\/v2\/posts\/21675\/revisions"}],"wp:featuredmedia":[{"embeddable":true,"href":"https:\/\/fmamiga909.com.ar\/index.php?rest_route=\/wp\/v2\/media\/21676"}],"wp:attachment":[{"href":"https:\/\/fmamiga909.com.ar\/index.php?rest_route=%2Fwp%2Fv2%2Fmedia&parent=21675"}],"wp:term":[{"taxonomy":"category","embeddable":true,"href":"https:\/\/fmamiga909.com.ar\/index.php?rest_route=%2Fwp%2Fv2%2Fcategories&post=21675"},{"taxonomy":"post_tag","embeddable":true,"href":"https:\/\/fmamiga909.com.ar\/index.php?rest_route=%2Fwp%2Fv2%2Ftags&post=21675"}],"curies":[{"name":"wp","href":"https:\/\/api.w.org\/{rel}","templated":true}]}}