{"id":21691,"date":"2025-06-15T22:40:37","date_gmt":"2025-06-15T22:40:37","guid":{"rendered":"https:\/\/fmamiga909.com.ar\/?p=21691"},"modified":"2025-06-15T22:40:37","modified_gmt":"2025-06-15T22:40:37","slug":"boca-juniors-da-el-primer-paso-en-el-mundial-de-clubes","status":"publish","type":"post","link":"https:\/\/fmamiga909.com.ar\/?p=21691","title":{"rendered":"Boca Juniors da el primer paso en el Mundial de Clubes"},"content":{"rendered":"<div><!-- Body --><\/p>\n<p>Boca Juniors debutar\u00e1 finalmente en el Mundial de Clubes frente a Benfica de Portugal, en lo que ser\u00e1 tambi\u00e9n el inicio del tercer ciclo de Miguel Russo en la instituci\u00f3n. El encuentro correspondiente a la Grupo C ser\u00e1 este lunes desde las 19, y marcar\u00e1 un exigente estreno ante el conjunto portugu\u00e9s liderado por Nicol\u00e1s Otamendi y Angel Di Mar\u00eda.<\/p>\n<p>El equipo de Russo, en los d\u00edas previos, sum\u00f3 dos novedades relevantes: la habilitaci\u00f3n temporaria del defensor Ayrton Costa y la posible inclusi\u00f3n como titular de Malcom Braida, quien apenas acumula dos entrenamientos con el plantel. Braida, dirigido por Russo en San Lorenzo, podr\u00eda reforzar la banda izquierda en una funci\u00f3n que combinar\u00eda recorrido y solidez defensiva.<\/p>\n<p>El cuerpo t\u00e9cnico eval\u00faa diferentes esquemas, entre ellos un 4-4-2 flexible con Alan Velasco como volante por izquierda, aunque su falta de retroceso defensivo abrir\u00eda la puerta al ingreso de Braida. En caso de confirmarse su titularidad, el equipo ganar\u00eda en contenci\u00f3n por los costados, un factor clave frente a la potencia ofensiva del rival.<\/p>\n<p>Otras inc\u00f3gnitas pasan por el lateral derecho -con dudas sobre la condici\u00f3n f\u00edsica de Luis Adv\u00edncula-, y el mediocampo central, donde Williams Alarc\u00f3n y Milton Delgado se perfilan como doble pivote, en detrimento del espa\u00f1ol Ander Herrera.<\/p>\n<p>En ofensiva, el uruguayo Miguel Merentiel tiene su lugar asegurado, mientras que Carlos Palacios y Milton Gim\u00e9nez disputan el segundo puesto en ataque.<\/p>\n<p>El t\u00e9cnico de Boca habl\u00f3 en la conferencia de prensa oficial, y destac\u00f3 que espera que su equipo est\u00e9 a la altura de lo que significa e implica Boca. \u00abEstar a la altura significa competir, hacer las cosas bien y tratar de llevarnos el triunfo como algo elemental y fundamental, especialmente el d\u00eda que es el primer partido\u00bb, dijo como introducci\u00f3n.<\/p>\n<p>\u00abLlevamos dos semanas trabajando muy bien, y la idea es tener una l\u00ednea y un orden permanente, descifrando c\u00f3mo juega el rival\u201d, adelant\u00f3. Y sobre los detalles finales de la preparaci\u00f3n, Russo agreg\u00f3: \u00abHablamos de lo que queremos nosotros, el \u00faltimo entrenamiento me gust\u00f3 mucho porque los jugadores entendieron la manera de jugar que quiero\u201d.<\/p>\n<p>Por otra parte, a la hora de referirse a la figura de Edinson Cavani, el t\u00e9cnico afirm\u00f3 que \u201cest\u00e1 d\u00eda a d\u00eda\u201d y no se anim\u00f3 a pronosticar su evoluci\u00f3n. \u00abVamos hablando, lo vamos viendo y finalmente veremos la decisi\u00f3n que tomamos\u00bb, avis\u00f3.<\/p>\n<p>Por \u00faltimo, sobre la tremenda goleada del poderoso Bayern Munich (10-0 a Auckland City) , cabeza de serie del grupo de Boca, el exentrenador de San Lorenzo remarc\u00f3: \u201cSin menospreciar a nadie, el rival de Bayern es de un pa\u00eds que no es profesional del todo. Igual, hay que jugar los partidos\u201d.\u00a0<\/p>\n<p>Por otro lado, habr\u00e1 dos encuentros correspondientes al Grupo D, el cual es liderado por el Chelsea, que tendr\u00e1 su debut frente a Los Angeles FC, quien viene de vencer al Am\u00e9rica de M\u00e9xico para clasificar al Mundial; y el Flamengo tendr\u00e1 su primer partido ante el Esp\u00e9rance de T\u00fanez.<\/p>\n<p><!-- Live Blog Post --><\/div>\n<p><a href=\"https:\/\/www.pagina12.com.ar\/834339-boca-juniors-da-el-primer-paso-en-el-mundial-de-clubes\">source<\/a><\/p>\n","protected":false},"excerpt":{"rendered":"<p>Boca Juniors debutar\u00e1 finalmente en el Mundial de Clubes frente a Benfica de Portugal, en&#8230;<\/p>\n","protected":false},"author":3,"featured_media":21692,"comment_status":"closed","ping_status":"closed","sticky":false,"template":"","format":"standard","meta":{"footnotes":""},"categories":[21],"tags":[],"class_list":["post-21691","post","type-post","status-publish","format-standard","has-post-thumbnail","hentry","category-deportes"],"featured_image_urls":{"full":["https:\/\/fmamiga909.com.ar\/wp-content\/uploads\/2025\/06\/wp-header-logo-196.png",960,540,false],"thumbnail":["https:\/\/fmamiga909.com.ar\/wp-content\/uploads\/2025\/06\/wp-header-logo-196-150x150.png",150,150,true],"medium":["https:\/\/fmamiga909.com.ar\/wp-content\/uploads\/2025\/06\/wp-header-logo-196-300x169.png",300,169,true],"medium_large":["https:\/\/fmamiga909.com.ar\/wp-content\/uploads\/2025\/06\/wp-header-logo-196.png",960,540,false],"large":["https:\/\/fmamiga909.com.ar\/wp-content\/uploads\/2025\/06\/wp-header-logo-196.png",640,360,false],"1536x1536":["https:\/\/fmamiga909.com.ar\/wp-content\/uploads\/2025\/06\/wp-header-logo-196.png",960,540,false],"2048x2048":["https:\/\/fmamiga909.com.ar\/wp-content\/uploads\/2025\/06\/wp-header-logo-196.png",960,540,false],"newsium-slider-full":["https:\/\/fmamiga909.com.ar\/wp-content\/uploads\/2025\/06\/wp-header-logo-196.png",960,540,false],"newsium-featured":["https:\/\/fmamiga909.com.ar\/wp-content\/uploads\/2025\/06\/wp-header-logo-196.png",960,540,false],"newsium-medium":["https:\/\/fmamiga909.com.ar\/wp-content\/uploads\/2025\/06\/wp-header-logo-196-720x475.png",720,475,true]},"author_info":{"display_name":"Fredy Giuliano","author_link":"https:\/\/fmamiga909.com.ar\/?author=3"},"category_info":"<a href=\"https:\/\/fmamiga909.com.ar\/?cat=21\" rel=\"category\">Deportes<\/a>","tag_info":"Deportes","comment_count":"0","_links":{"self":[{"href":"https:\/\/fmamiga909.com.ar\/index.php?rest_route=\/wp\/v2\/posts\/21691","targetHints":{"allow":["GET"]}}],"collection":[{"href":"https:\/\/fmamiga909.com.ar\/index.php?rest_route=\/wp\/v2\/posts"}],"about":[{"href":"https:\/\/fmamiga909.com.ar\/index.php?rest_route=\/wp\/v2\/types\/post"}],"author":[{"embeddable":true,"href":"https:\/\/fmamiga909.com.ar\/index.php?rest_route=\/wp\/v2\/users\/3"}],"replies":[{"embeddable":true,"href":"https:\/\/fmamiga909.com.ar\/index.php?rest_route=%2Fwp%2Fv2%2Fcomments&post=21691"}],"version-history":[{"count":0,"href":"https:\/\/fmamiga909.com.ar\/index.php?rest_route=\/wp\/v2\/posts\/21691\/revisions"}],"wp:featuredmedia":[{"embeddable":true,"href":"https:\/\/fmamiga909.com.ar\/index.php?rest_route=\/wp\/v2\/media\/21692"}],"wp:attachment":[{"href":"https:\/\/fmamiga909.com.ar\/index.php?rest_route=%2Fwp%2Fv2%2Fmedia&parent=21691"}],"wp:term":[{"taxonomy":"category","embeddable":true,"href":"https:\/\/fmamiga909.com.ar\/index.php?rest_route=%2Fwp%2Fv2%2Fcategories&post=21691"},{"taxonomy":"post_tag","embeddable":true,"href":"https:\/\/fmamiga909.com.ar\/index.php?rest_route=%2Fwp%2Fv2%2Ftags&post=21691"}],"curies":[{"name":"wp","href":"https:\/\/api.w.org\/{rel}","templated":true}]}}