{"id":21703,"date":"2025-06-16T14:42:35","date_gmt":"2025-06-16T14:42:35","guid":{"rendered":"https:\/\/fmamiga909.com.ar\/?p=21703"},"modified":"2025-06-16T14:42:36","modified_gmt":"2025-06-16T14:42:36","slug":"vacaciones-de-invierno-2025","status":"publish","type":"post","link":"https:\/\/fmamiga909.com.ar\/?p=21703","title":{"rendered":"Vacaciones de invierno 2025"},"content":{"rendered":"\n<p><strong>Tal como ocurre a\u00f1o tras a\u00f1o, el per\u00edodo de descanso difiere seg\u00fan la regi\u00f3n del pa\u00eds. A continuaci\u00f3n, los detalles.<\/strong><\/p>\n\n\n\n<p>En la Argentina, el\u00a0<strong><a href=\"https:\/\/www.ambito.com\/informacion-general\/ayuda-escolar-anual-anses-quienes-pueden-acceder-2025-y-cual-es-el-monto-final-n6137624\" target=\"_blank\" rel=\"noreferrer noopener\">cronograma escolar<\/a><\/strong>\u00a0no es uniforme en todo el territorio. Cada provincia tiene la autonom\u00eda de definir su calendario acad\u00e9mico, por lo que las fechas de inicio y fin del ciclo lectivo, as\u00ed como las<strong><a href=\"https:\/\/www.ambito.com\/informacion-general\/vacaciones-invierno-2025-cuales-son-los-precios-esquiar-y-cual-es-la-opcion-mas-conveniente-n6155043\" target=\"_blank\" rel=\"noreferrer noopener\">\u00a0vacaciones de invierno<\/a><\/strong>, var\u00edan seg\u00fan la jurisdicci\u00f3n.<\/p>\n\n\n\n<p>Esta realidad genera el inter\u00e9s de<strong>\u00a0familias, docentes y estudiantes<\/strong>\u00a0por conocer con precisi\u00f3n cu\u00e1ndo tendr\u00e1n lugar los recesos escolares de mitad de a\u00f1o.<\/p>\n\n\n\n<p>El calendario escolar 2025 fue publicado por la&nbsp;<strong>Secretar\u00eda de Educaci\u00f3n, dependiente del Ministerio de Capital Humano<\/strong>, y establece las fechas clave del a\u00f1o lectivo:<strong>&nbsp;inicio de clases, per\u00edodo de vacaciones de invierno y finalizaci\u00f3n del ciclo escolar.<\/strong><\/p>\n\n\n\n<p>En todos los casos, el calendario contempla el cumplimiento de los<strong>&nbsp;190 d\u00edas de clase estipulados por el Consejo Federal de Educaci\u00f3n.<\/strong><\/p>\n\n\n\n<p>El receso escolar de&nbsp;<strong>invierno<\/strong>&nbsp;se extiende por dos semanas y est\u00e1 destinado a todos los niveles educativos, tanto en instituciones p\u00fablicas como privadas. A continuaci\u00f3n, las fechas programadas para cada jurisdicci\u00f3n:<\/p>\n\n\n\n<p>\u2022 Buenos Aires y CABA: del 21 de julio al 1 de agosto<\/p>\n\n\n\n<p>\u2022 Catamarca, Corrientes, Formosa, Jujuy, La Pampa, Salta, Santa Cruz, Tierra del Fuego: del 14 al 25 de julio<\/p>\n\n\n\n<p>\u2022 Chaco y Santiago del Estero: del 21 de julio al 1 de agosto<\/p>\n\n\n\n<p>\u2022 Chubut, C\u00f3rdoba, Entre R\u00edos, La Rioja, Mendoza, Neuqu\u00e9n, R\u00edo Negro, San Juan, San Luis, Santa Fe: del 7 al 18 de julio<\/p>\n\n\n\n<p>\u2022 Misiones: del 14 al 27 de julio<\/p>\n","protected":false},"excerpt":{"rendered":"<p>Tal como ocurre a\u00f1o tras a\u00f1o, el per\u00edodo de descanso difiere seg\u00fan la regi\u00f3n del&#8230;<\/p>\n","protected":false},"author":3,"featured_media":21704,"comment_status":"closed","ping_status":"closed","sticky":false,"template":"","format":"standard","meta":{"footnotes":""},"categories":[20,1],"tags":[],"class_list":["post-21703","post","type-post","status-publish","format-standard","has-post-thumbnail","hentry","category-entrevistas","category-uncategorized"],"featured_image_urls":{"full":["https:\/\/fmamiga909.com.ar\/wp-content\/uploads\/2025\/06\/IMG_20221010_142213-scaled.jpg",2560,1178,false],"thumbnail":["https:\/\/fmamiga909.com.ar\/wp-content\/uploads\/2025\/06\/IMG_20221010_142213-150x150.jpg",150,150,true],"medium":["https:\/\/fmamiga909.com.ar\/wp-content\/uploads\/2025\/06\/IMG_20221010_142213-300x138.jpg",300,138,true],"medium_large":["https:\/\/fmamiga909.com.ar\/wp-content\/uploads\/2025\/06\/IMG_20221010_142213-scaled.jpg",2560,1178,false],"large":["https:\/\/fmamiga909.com.ar\/wp-content\/uploads\/2025\/06\/IMG_20221010_142213-1024x471.jpg",640,294,true],"1536x1536":["https:\/\/fmamiga909.com.ar\/wp-content\/uploads\/2025\/06\/IMG_20221010_142213-1536x707.jpg",1536,707,true],"2048x2048":["https:\/\/fmamiga909.com.ar\/wp-content\/uploads\/2025\/06\/IMG_20221010_142213-2048x942.jpg",2048,942,true],"newsium-slider-full":["https:\/\/fmamiga909.com.ar\/wp-content\/uploads\/2025\/06\/IMG_20221010_142213-1280x845.jpg",1280,845,true],"newsium-featured":["https:\/\/fmamiga909.com.ar\/wp-content\/uploads\/2025\/06\/IMG_20221010_142213-1024x471.jpg",1024,471,true],"newsium-medium":["https:\/\/fmamiga909.com.ar\/wp-content\/uploads\/2025\/06\/IMG_20221010_142213-720x475.jpg",720,475,true]},"author_info":{"display_name":"Fredy Giuliano","author_link":"https:\/\/fmamiga909.com.ar\/?author=3"},"category_info":"<a href=\"https:\/\/fmamiga909.com.ar\/?cat=20\" rel=\"category\">Entrevistas<\/a> <a href=\"https:\/\/fmamiga909.com.ar\/?cat=1\" rel=\"category\">La radio<\/a>","tag_info":"La radio","comment_count":"0","_links":{"self":[{"href":"https:\/\/fmamiga909.com.ar\/index.php?rest_route=\/wp\/v2\/posts\/21703","targetHints":{"allow":["GET"]}}],"collection":[{"href":"https:\/\/fmamiga909.com.ar\/index.php?rest_route=\/wp\/v2\/posts"}],"about":[{"href":"https:\/\/fmamiga909.com.ar\/index.php?rest_route=\/wp\/v2\/types\/post"}],"author":[{"embeddable":true,"href":"https:\/\/fmamiga909.com.ar\/index.php?rest_route=\/wp\/v2\/users\/3"}],"replies":[{"embeddable":true,"href":"https:\/\/fmamiga909.com.ar\/index.php?rest_route=%2Fwp%2Fv2%2Fcomments&post=21703"}],"version-history":[{"count":1,"href":"https:\/\/fmamiga909.com.ar\/index.php?rest_route=\/wp\/v2\/posts\/21703\/revisions"}],"predecessor-version":[{"id":21705,"href":"https:\/\/fmamiga909.com.ar\/index.php?rest_route=\/wp\/v2\/posts\/21703\/revisions\/21705"}],"wp:featuredmedia":[{"embeddable":true,"href":"https:\/\/fmamiga909.com.ar\/index.php?rest_route=\/wp\/v2\/media\/21704"}],"wp:attachment":[{"href":"https:\/\/fmamiga909.com.ar\/index.php?rest_route=%2Fwp%2Fv2%2Fmedia&parent=21703"}],"wp:term":[{"taxonomy":"category","embeddable":true,"href":"https:\/\/fmamiga909.com.ar\/index.php?rest_route=%2Fwp%2Fv2%2Fcategories&post=21703"},{"taxonomy":"post_tag","embeddable":true,"href":"https:\/\/fmamiga909.com.ar\/index.php?rest_route=%2Fwp%2Fv2%2Ftags&post=21703"}],"curies":[{"name":"wp","href":"https:\/\/api.w.org\/{rel}","templated":true}]}}