{"id":21707,"date":"2025-06-16T19:06:25","date_gmt":"2025-06-16T19:06:25","guid":{"rendered":"https:\/\/fmamiga909.com.ar\/?p=21707"},"modified":"2025-06-16T19:06:25","modified_gmt":"2025-06-16T19:06:25","slug":"el-campeon-de-la-copa-italia-que-se-entrena-en-comunicaciones","status":"publish","type":"post","link":"https:\/\/fmamiga909.com.ar\/?p=21707","title":{"rendered":"El campe\u00f3n de la Copa Italia que se entrena en Comunicaciones"},"content":{"rendered":"<div><!-- Body --><\/p>\n<p>El \u00e9xito puede ser devastador si no se lo interpreta con sabidur\u00eda, para evitar caer en el sentimiento de la soberbia. La labor m\u00e1s dif\u00edcil radica en poder asimilarlo con responsabilidad, y luego <b>transmitirlo como ense\u00f1anza.<\/b> El deporte, y sobre todo el f\u00fatbol, tiene muchos ejemplos de profesionales que olvidaron su pasado por culpa de esa consecuci\u00f3n.\u00a0<\/p>\n<p><b>Santiago Castro<\/b> es un jugador nacido en San Mart\u00edn, de apenas <b>20 a\u00f1os,<\/b> que se desempe\u00f1a en el <b>Bologna de Italia.<\/b> El chico lleg\u00f3 a ese club luego de destacarse en V\u00e9lez Sarsfield, y est\u00e1 cerca de iniciar su segunda temporada en la entidad. Castro se encuentra de vacaciones en Buenos Aires, y para no perder su forma f\u00edsica decidi\u00f3 empezar a entrenarse antes de comenzar la pretemporada en Europa.<\/p>\n<p>El joven solicit\u00f3 hacerlo en <b>Comunicaciones, de la Primera B Metropolitana, <\/b>por el arraigo que mantiene con la instituci\u00f3n del barrio de Agronom\u00eda. \u00abEstar ac\u00e1 me sirve para <b>acordarme de d\u00f3nde vengo,<\/b> y me ayuda mucho a mi cabeza para no perder el foco. Ac\u00e1 disfruto mucho porque hay muchas cosas que se extra\u00f1an en Italia, como los mates a la ma\u00f1ana, o quedarse hasta tarde para compartir m\u00e1s tiempo con los chicos, o inclusive una comida\u00bb, le cuenta Castro a <b>P\u00e1gina\/12.<\/b><\/p>\n<div class=\"medium-insert-embeds\">\n<figure>\n<div class=\"medium-insert-embed\">\n<div align=\"center\">\n<figure role=\"group\" class=\"caption caption-drupal-entity\"><figcaption>Castro gan\u00f3 la Copa Italia con Bologna en mayo pasado. Imagen: Redes sociales<\/figcaption><\/figure>\n<\/div><\/div>\n<\/figure>\n<\/div>\n<p>El protagonista vive a pocas cuadras de ese club, en el que jugaron su padre y su abuelo, y por ese motivo se siente c\u00f3modo en el lugar. \u00abMe pone muy contento poder estar ac\u00e1, porque la gente me abri\u00f3 la puerta desde el primer d\u00eda. Yo vengo desde muy chiquito a este club, y le tengo un cari\u00f1o especial. <b>Mi pap\u00e1 y mi abuelo jugaron ac\u00e1, y segu\u00ed a Comunicaciones desde hace mucho tiempo. <\/b>Para lo que es el f\u00fatbol argentino, las instalaciones del club est\u00e1n en muy buen nivel y eso es para destacar\u00bb, describe.<\/p>\n<p>Y va m\u00e1s all\u00e1: \u00abEl grupo humano que hay dentro del plantel es muy lindo. Yo trato de ayudar desde una lado m\u00e1s futbol\u00edstico. <b>En Italia el compa\u00f1erismo se vive de otra forma. Ac\u00e1 es todo m\u00e1s familiar, <\/b>y podemos hablar del partido del fin de semana, mientras que all\u00e1 es clima es m\u00e1s fr\u00edo, porque el europeo es as\u00ed. Se comparte de otra forma\u00bb.\u00a0<\/p>\n<p><b>-\u00bfEst\u00e1 la chance que el final de tu carrera sea en Comunicaciones?<\/b><\/p>\n<p>-No lo descarto en la \u00faltima etapa venir a jugar a un club como Comunicaciones. Uno conoce a los dirigentes y sabe que son personas que hacen mucho para el crecimiento de la instituci\u00f3n. Siempre me cargan un poco y me dicen cu\u00e1ndo voy a venir, jaja, pero primero tengo que pasar por V\u00e9lez.<\/p>\n<div class=\"medium-insert-embeds\">\n<figure>\n<div class=\"medium-insert-embed\">\n<div align=\"center\">\n<figure role=\"group\" class=\"caption caption-drupal-entity\"><figcaption>Castro domina la pelota en la pr\u00e1ctica de Comunicaciones. Imagen: Gentileza<\/figcaption><\/figure>\n<\/div><\/div>\n<\/figure>\n<\/div>\n<p>Castro ya tuvo el privilegio de integrar el seleccionado campe\u00f3n del Mundo, cuando fue convocado para la doble fecha de eliminatorias de marzo pasado. El delantero no tuvo oportunidad de jugar, pero pudo vincularse con nombres como <b>Otamendi, Enzo Fern\u00e1ndez, Mac Alllister, Paredes, Montiel y Molina, <\/b>entre otros. Castro no pudo compartir con el capit\u00e1n Lionel Messi, quien se encontraba lesionado en ese momento.<\/p>\n<p>\u00abA nivel deportivo -explica Castro- pienso en rendir de la mejor manera para volver a ser convocado, y a partir de ah\u00ed <b>tendr\u00e9 posibilidades de pelear por un lugar para el Mundial.<\/b> Pero falta mucho para eso y me tengo que preocupar por mi rendimiento\u00bb. Y agreg\u00f3: \u00abTuve la oportunidad de ser citado y formar parte de los entrenamientos. Si bien no me toc\u00f3 jugar, integrar ese grupo es un privilegio. El hecho de compartir con muchos campeones del mundo y jugadores de experiencia es muy positivo. Tengo que comenzar una buena temporada para ver si en septiembre puedo llegar a estar de nuevo\u00bb.<\/p>\n<div class=\"medium-insert-embeds\">\n<figure>\n<div class=\"medium-insert-embed\">\n<div align=\"center\">\n<figure role=\"group\" class=\"caption caption-drupal-entity\"><figcaption>Castro integr\u00f3 el seleccionado en la convocatoria de marzo. Imagen: Redes sociales<\/figcaption><\/figure>\n<\/div><\/div>\n<\/figure>\n<\/div>\n<p><b>-Hace seis meses que te fuiste de Argentina, \u00bfqu\u00e9 es lo que m\u00e1s extra\u00f1\u00e1s?<\/b><\/p>\n<p>-Soy muy apegado a mis amigos y a mi familia. Eso es lo que m\u00e1s se extra\u00f1a estando lejos. Igualmente, all\u00e1 son muy cari\u00f1osos con nosotros y tratan de que no extra\u00f1emos tanto, eso es muy lindo tambi\u00e9n.\u00a0<\/p>\n<p>El nivel de Castro en este semestre hizo que otros equipos m\u00e1s poderosos se fijaran en \u00e9l, y el <b>Inter de Mil\u00e1n lo tiene en el radar. <\/b>\u00abSi bien siempre se buscar dar un salto de calidad a otra entidad importante, tengo que sumar partidos en Bologna para lograrlo. Se vendr\u00e1 una Europa League este a\u00f1o y eso es muy importante para m\u00ed, que apenas tengo 20\u00bb, expresa el protagonista.<\/p>\n<p>La historia de Bologna tendr\u00e1 su nombre impregnado, debido a la obtenci\u00f3n de la Copa Italia el mes pasado, cortando una <b>racha adversa de 51 a\u00f1os sin t\u00edtulos.<\/b> Para Castro fueron \u00abjustos merecedores de ese t\u00edtulo, por el a\u00f1o que se hizo. La gente es muy c\u00e1lida en Bologna y nos lo hace sentir. Al equipo lo comparo mucho con V\u00e9lez, porque pase lo que pase el apoyo se siente en todo momento\u00bb.<\/p>\n<p>Castro estar\u00e1 hasta el fin de semana pr\u00f3ximo entrenando, antes de partir rumbo a Bologna, en lo que ser\u00e1 su segundo a\u00f1o en el club. El comenta que la continuidad lo va a ayudar a seguir <b>\u00abcreciendo como jugador\u00bb,<\/b> pero sin duda, cuando recuerde a Comunicaciones la progresi\u00f3n interna ser\u00e1 superior.<\/p>\n<p><a href=\"\/cdn-cgi\/l\/email-protection\" class=\"__cf_email__\" data-cfemail=\"3e5f5a5b5c5b505b5a575d4a574d7e4e5f5957505f0f0c105d5153105f4c\">[email\u00a0protected]<\/a><\/p>\n<p><!-- Live Blog Post --><\/div>\n<p><a href=\"https:\/\/www.pagina12.com.ar\/834503-el-campeon-de-la-copa-italia-que-se-entrena-en-comunicacione\">source<\/a><\/p>\n","protected":false},"excerpt":{"rendered":"<p>El \u00e9xito puede ser devastador si no se lo interpreta con sabidur\u00eda, para evitar caer&#8230;<\/p>\n","protected":false},"author":3,"featured_media":21708,"comment_status":"closed","ping_status":"closed","sticky":false,"template":"","format":"standard","meta":{"footnotes":""},"categories":[21],"tags":[],"class_list":["post-21707","post","type-post","status-publish","format-standard","has-post-thumbnail","hentry","category-deportes"],"featured_image_urls":{"full":["https:\/\/fmamiga909.com.ar\/wp-content\/uploads\/2025\/06\/wp-header-logo-202.png",960,540,false],"thumbnail":["https:\/\/fmamiga909.com.ar\/wp-content\/uploads\/2025\/06\/wp-header-logo-202-150x150.png",150,150,true],"medium":["https:\/\/fmamiga909.com.ar\/wp-content\/uploads\/2025\/06\/wp-header-logo-202-300x169.png",300,169,true],"medium_large":["https:\/\/fmamiga909.com.ar\/wp-content\/uploads\/2025\/06\/wp-header-logo-202.png",960,540,false],"large":["https:\/\/fmamiga909.com.ar\/wp-content\/uploads\/2025\/06\/wp-header-logo-202.png",640,360,false],"1536x1536":["https:\/\/fmamiga909.com.ar\/wp-content\/uploads\/2025\/06\/wp-header-logo-202.png",960,540,false],"2048x2048":["https:\/\/fmamiga909.com.ar\/wp-content\/uploads\/2025\/06\/wp-header-logo-202.png",960,540,false],"newsium-slider-full":["https:\/\/fmamiga909.com.ar\/wp-content\/uploads\/2025\/06\/wp-header-logo-202.png",960,540,false],"newsium-featured":["https:\/\/fmamiga909.com.ar\/wp-content\/uploads\/2025\/06\/wp-header-logo-202.png",960,540,false],"newsium-medium":["https:\/\/fmamiga909.com.ar\/wp-content\/uploads\/2025\/06\/wp-header-logo-202-720x475.png",720,475,true]},"author_info":{"display_name":"Fredy Giuliano","author_link":"https:\/\/fmamiga909.com.ar\/?author=3"},"category_info":"<a href=\"https:\/\/fmamiga909.com.ar\/?cat=21\" rel=\"category\">Deportes<\/a>","tag_info":"Deportes","comment_count":"0","_links":{"self":[{"href":"https:\/\/fmamiga909.com.ar\/index.php?rest_route=\/wp\/v2\/posts\/21707","targetHints":{"allow":["GET"]}}],"collection":[{"href":"https:\/\/fmamiga909.com.ar\/index.php?rest_route=\/wp\/v2\/posts"}],"about":[{"href":"https:\/\/fmamiga909.com.ar\/index.php?rest_route=\/wp\/v2\/types\/post"}],"author":[{"embeddable":true,"href":"https:\/\/fmamiga909.com.ar\/index.php?rest_route=\/wp\/v2\/users\/3"}],"replies":[{"embeddable":true,"href":"https:\/\/fmamiga909.com.ar\/index.php?rest_route=%2Fwp%2Fv2%2Fcomments&post=21707"}],"version-history":[{"count":0,"href":"https:\/\/fmamiga909.com.ar\/index.php?rest_route=\/wp\/v2\/posts\/21707\/revisions"}],"wp:featuredmedia":[{"embeddable":true,"href":"https:\/\/fmamiga909.com.ar\/index.php?rest_route=\/wp\/v2\/media\/21708"}],"wp:attachment":[{"href":"https:\/\/fmamiga909.com.ar\/index.php?rest_route=%2Fwp%2Fv2%2Fmedia&parent=21707"}],"wp:term":[{"taxonomy":"category","embeddable":true,"href":"https:\/\/fmamiga909.com.ar\/index.php?rest_route=%2Fwp%2Fv2%2Fcategories&post=21707"},{"taxonomy":"post_tag","embeddable":true,"href":"https:\/\/fmamiga909.com.ar\/index.php?rest_route=%2Fwp%2Fv2%2Ftags&post=21707"}],"curies":[{"name":"wp","href":"https:\/\/api.w.org\/{rel}","templated":true}]}}